{"id":46899,"date":"2025-06-10T16:52:42","date_gmt":"2025-06-10T16:52:42","guid":{"rendered":"https:\/\/historiografija.hr\/?p=46899"},"modified":"2025-06-10T17:08:02","modified_gmt":"2025-06-10T17:08:02","slug":"ocitovanje-maticnog-odbora-za-podrucje-humanistickih-znanosti-polja-povijesti-povijesti-umjetnosti-znanosti-o-umjetnosti-arheologije-etnologije-i-antropologije-o-prijedlogu-nacionalnih-sveucilis","status":"publish","type":"post","link":"https:\/\/historiografija.hr\/?p=46899","title":{"rendered":"O\u010ditovanje Mati\u010dnog odbora za podru\u010dje humanisti\u010dkih znanosti (polja povijesti) o prijedlogu Nacionalnih sveu\u010dili\u0161nih, znanstvenih i umjetni\u010dkih kriterija"},"content":{"rendered":"\n<p><strong>O\u010ditovanje Mati\u010dnog odbora za podru\u010dje humanisti\u010dkih znanosti <\/strong>&#8211; <strong>polja<\/strong> <strong>povijesti, povijesti umjetnosti, znanosti o umjetnosti, arheologije, etnologije i<\/strong> <strong>antropologije o prijedlogu <em>Nacionalnih sveu\u010dili\u0161nih, znanstvenih i umjetni\u010dkih kriterija <\/em><\/strong>(u e-savjetovanju)<\/p>\n\n\n\n<hr class=\"wp-block-separator has-alpha-channel-opacity\"\/>\n\n\n\n<p>Na 14. sjednici odr\u017eanoj 22. svibnja 2025. godine Mati\u010dni odbor za podru\u010dje humanisti\u010dkih znanosti \u2013 polja povijesti, povijesti umjetnosti, znanosti o umjetnosti, arheologije, etnologije i antropologije (dalje: Mati\u010dni odbor) raspravljao je o prijedlogu <em>Nacionalnih sveu\u010dili\u0161nih,<\/em> <em>znanstvenih i umjetni\u010dkih kriterija <\/em>(dalje: <em>Nacionalni kriteriji<\/em>), ina\u010dici koja je 14. svibnja 2025. poslana u e-savjetovanje.<\/p>\n\n\n\n<p>Mati\u010dni odbor izra\u017eava nezadovoljstvo \u010dinjenicom da Nacionalno vije\u0107e za visoko obrazovanje, znanost i tehnolo\u0161ki razvoj nije prepoznalo mati\u010dne odbore iz podru\u010dja humanisti\u010dkih znanosti ravnopravnim partnerima u postupku izrade prijedloga <em>Nacionalnih<\/em> <em>kriterija <\/em>te je odbacilo pojedine argumentirane prijedloge, usugla\u0161ene od svih triju mati\u010dnih odbora iz podru\u010dja humanisti\u010dkih znanosti. Naime, <em>Zakonom o visokom obrazovanju i<\/em> <em>znanstvenoj djelatnosti <\/em>(dalje ZVOZD, <em>Narodne novine <\/em>119\/22.) u \u010dlanku 86., stavku 8 propisano je da Nacionalne sveu\u010dili\u0161ne, znanstvene i umjetni\u010dke kriterije donosi Nacionalno vije\u0107e za visoko obrazovanje, znanost i tehnolo\u0161ki razvoj (dalje: NVVOZTR) na prijedlog mati\u010dnih odbora.<\/p>\n\n\n\n<p>Tri mati\u010dna odbora u podru\u010dju humanisti\u010dkih znanosti (Mati\u010dni odbor za polja filologije i kroatologije, Mati\u010dni odbor za polja filozofije, teologije i religijskih znanosti te Mati\u010dni odbor za polja povijesti, povijesti umjetnosti, znanosti o umjetnosti, arheologije, etnologije i antropologije) 15. srpnja 2024. godine dostavila su NVVOZTR usugla\u0161eni prijedlog <em>Nacionalnih kriterija <\/em>za humanisti\u010dke znanosti, koji je predstavljao modifikaciju Pravilnika o uvjetima za izbor u znanstvena zvanja (<em>Narodne novine <\/em>111\/22.). Me\u0111utim, taj prijedlog NVVOZTR nije uzeo u razmatranje, a od tri spomenuta mati\u010dna odbora zatra\u017eeno je oblikovanje potpuno novih kriterija za podru\u010dje humanisti\u010dkih znanosti, sli\u010dnih kriterijima za druga znanstvena podru\u010dja.<\/p>\n\n\n\n<p>S tim se kriterijima predstavnici triju mati\u010dnih odbora nisu u cijelosti suglasili, \u0161to su vi\u0161e puta usmeno priop\u0107ili NVVOZTR, a Mati\u010dni odbor za polja povijesti, povijesti umjetnosti, znanosti o umjetnosti, arheologije, etnologije i antropologije i u pisanoj formi u obliku dopisa usvojenog na 13. sjednici Mati\u010dnog odbora 24. travnja 2025. i upu\u0107enog NVVOZTR te predsjednicima drugih dvaju mati\u010dnih odbora. Budu\u0107i da neki va\u017eni prijedlozi izneseni u spomenutom dopisu nisu uklju\u010deni u prijedlog <em>Nacionalnih kriterija <\/em>koji je upu\u0107en u e-savjetovanje, \u010dlanovi Mati\u010dnog odbora osje\u0107aju se obveznima javno reagirati.<\/p>\n\n\n\n<div data-wp-interactive=\"core\/file\" class=\"wp-block-file\"><object data-wp-bind--hidden=\"!state.hasPdfPreview\" hidden class=\"wp-block-file__embed\" data=\"https:\/\/historiografija.hr\/wp-content\/uploads\/2025\/06\/Ocitovanje-MO_povijest_o-Nacionalnim-kriterijima.pdf\" type=\"application\/pdf\" style=\"width:100%;height:600px\" aria-label=\"Ugra\u0111eno Oc\u030citovanje MO_povijest_o Nacionalnim kriterijima.\"><\/object><a id=\"wp-block-file--media-e4098b83-8682-4046-b067-03feeceee82b\" href=\"https:\/\/historiografija.hr\/wp-content\/uploads\/2025\/06\/Ocitovanje-MO_povijest_o-Nacionalnim-kriterijima.pdf\">Oc\u030citovanje MO_povijest_o Nacionalnim kriterijima<\/a><a href=\"https:\/\/historiografija.hr\/wp-content\/uploads\/2025\/06\/Ocitovanje-MO_povijest_o-Nacionalnim-kriterijima.pdf\" class=\"wp-block-file__button wp-element-button\" download aria-describedby=\"wp-block-file--media-e4098b83-8682-4046-b067-03feeceee82b\">Preuzmi<\/a><\/div>\n\n\n\n<hr class=\"wp-block-separator has-alpha-channel-opacity\"\/>\n\n\n\n<div data-wp-interactive=\"core\/file\" class=\"wp-block-file\"><object data-wp-bind--hidden=\"!state.hasPdfPreview\" hidden class=\"wp-block-file__embed\" data=\"https:\/\/historiografija.hr\/wp-content\/uploads\/2025\/06\/Prilog-1._MO-povijest_JAVNO-OCITOVANJE.pdf\" type=\"application\/pdf\" style=\"width:100%;height:600px\" aria-label=\"Ugra\u0111eno Prilog 1._MO povijest_JAVNO OC\u030cITOVANJE.\"><\/object><a id=\"wp-block-file--media-8004510a-96c4-44b5-aa51-835da2c3d5c5\" href=\"https:\/\/historiografija.hr\/wp-content\/uploads\/2025\/06\/Prilog-1._MO-povijest_JAVNO-OCITOVANJE.pdf\">Prilog 1._MO povijest_JAVNO OC\u030cITOVANJE<\/a><a href=\"https:\/\/historiografija.hr\/wp-content\/uploads\/2025\/06\/Prilog-1._MO-povijest_JAVNO-OCITOVANJE.pdf\" class=\"wp-block-file__button wp-element-button\" download aria-describedby=\"wp-block-file--media-8004510a-96c4-44b5-aa51-835da2c3d5c5\">Preuzmi<\/a><\/div>\n\n\n\n<hr class=\"wp-block-separator has-alpha-channel-opacity\"\/>\n","protected":false},"excerpt":{"rendered":"","protected":false},"author":2,"featured_media":0,"comment_status":"open","ping_status":"open","sticky":false,"template":"","format":"standard","meta":{"_acf_changed":false,"jetpack_post_was_ever_published":false,"_jetpack_newsletter_access":"","_jetpack_dont_email_post_to_subs":false,"_jetpack_newsletter_tier_id":0,"_jetpack_memberships_contains_paywalled_content":false,"_jetpack_memberships_contains_paid_content":false,"footnotes":"","jetpack_publicize_message":"","jetpack_publicize_feature_enabled":true,"jetpack_social_post_already_shared":true,"jetpack_social_options":{"image_generator_settings":{"template":"highway","default_image_id":0,"font":"","enabled":false},"version":2}},"categories":[4],"tags":[],"class_list":["post-46899","post","type-post","status-publish","format-standard","hentry","category-osvrti"],"acf":{"facebook_opis":""},"jetpack_publicize_connections":[],"jetpack_featured_media_url":"","jetpack_sharing_enabled":true,"jetpack-related-posts":[{"id":52578,"url":"https:\/\/historiografija.hr\/?p=52578","url_meta":{"origin":46899,"position":0},"title":"Poziv za sudjelovanje: XXII. Dani Julija Bene\u0161i\u0107a u Iloku","author":"Branimir Jankovi\u0107","date":"21. travnja 2026.","format":false,"excerpt":"Zavod za lingvisti\u010dka istra\u017eivanja Hrvatske akademije znanosti i umjetnosti, zajedno s Muzejom grada Iloka, organizira XXII. Dane Julija Bene\u0161i\u0107a, koji \u0107e se odr\u017eati od 28. do 30. listopada 2026. u Iloku.\u00a0Teme ovogodi\u0161njih Dana podijeljene su u dvije cjeline: Knji\u017eevno-jezikoslovni d\u00ecv\u0101n s Bene\u0161i\u0107em te Ilok i Srijem u povijesnim stalnicama i\u2026","rel":"","context":"U &quot;Novosti&quot;","block_context":{"text":"Novosti","link":"https:\/\/historiografija.hr\/?cat=3"},"img":{"alt_text":"","src":"https:\/\/i0.wp.com\/historiografija.hr\/wp-content\/uploads\/2019\/10\/HE2_Benesic.jpg?fit=413%2C591&ssl=1&resize=350%2C200","width":350,"height":200},"classes":[]},{"id":52666,"url":"https:\/\/historiografija.hr\/?p=52666","url_meta":{"origin":46899,"position":1},"title":"Najava programa Festivala povijesti Kliofest (5-8. V. 2026)","author":"Branimir Jankovi\u0107","date":"24. travnja 2026.","format":false,"excerpt":"Po trinaesti put odr\u017eava se Festival povijesti Kliofest! Do petka \u0107emo odr\u017eati osam okruglih stolova i dva kolokvija te niz predstavljanja knjiga i projekata razli\u010dite tematike, od antike do suvremenosti. Bit \u0107e predstavljeno i nekoliko izlo\u017ebi te odr\u017ean jedan povijesni kviz. Prikazat \u0107emo i jedan film \u2013 o generalu Boroevi\u0107u.\u2026","rel":"","context":"U &quot;Novosti&quot;","block_context":{"text":"Novosti","link":"https:\/\/historiografija.hr\/?cat=3"},"img":{"alt_text":"","src":"https:\/\/i0.wp.com\/historiografija.hr\/wp-content\/uploads\/2026\/04\/Kliofest-2026.jpg?fit=526%2C526&ssl=1&resize=350%2C200","width":350,"height":200,"srcset":"https:\/\/i0.wp.com\/historiografija.hr\/wp-content\/uploads\/2026\/04\/Kliofest-2026.jpg?fit=526%2C526&ssl=1&resize=350%2C200 1x, https:\/\/i0.wp.com\/historiografija.hr\/wp-content\/uploads\/2026\/04\/Kliofest-2026.jpg?fit=526%2C526&ssl=1&resize=525%2C300 1.5x"},"classes":[]},{"id":52646,"url":"https:\/\/historiografija.hr\/?p=52646","url_meta":{"origin":46899,"position":2},"title":"5. MALI FESTIVAL POVIJESTI U LASTOVU","author":"Branimir Jankovi\u0107","date":"24. travnja 2026.","format":false,"excerpt":"Peti Mali festival povijesti odr\u017eava se od 25. do 27. travnja 2026. na Lastovu, u suradnji Zavoda za povijesne znanosti HAZU u Dubrovniku, Op\u0107ine Lastovo i Turisti\u010dke zajednice te uz potporu Dubrova\u010dko-neretvanske \u017eupanije. Predavanja: Dr. sc. Jasna \u010capo \u201eKu\u0107a kao zalog budu\u0107nosti i most izme\u0111u iseljenika i domovine\u201c Dr. sc.\u2026","rel":"","context":"U &quot;Novosti&quot;","block_context":{"text":"Novosti","link":"https:\/\/historiografija.hr\/?cat=3"},"img":{"alt_text":"","src":"https:\/\/i0.wp.com\/historiografija.hr\/wp-content\/uploads\/2026\/04\/Lastovo.jpg?fit=1200%2C700&ssl=1&resize=350%2C200","width":350,"height":200,"srcset":"https:\/\/i0.wp.com\/historiografija.hr\/wp-content\/uploads\/2026\/04\/Lastovo.jpg?fit=1200%2C700&ssl=1&resize=350%2C200 1x, https:\/\/i0.wp.com\/historiografija.hr\/wp-content\/uploads\/2026\/04\/Lastovo.jpg?fit=1200%2C700&ssl=1&resize=525%2C300 1.5x, https:\/\/i0.wp.com\/historiografija.hr\/wp-content\/uploads\/2026\/04\/Lastovo.jpg?fit=1200%2C700&ssl=1&resize=700%2C400 2x, https:\/\/i0.wp.com\/historiografija.hr\/wp-content\/uploads\/2026\/04\/Lastovo.jpg?fit=1200%2C700&ssl=1&resize=1050%2C600 3x"},"classes":[]},{"id":52559,"url":"https:\/\/historiografija.hr\/?p=52559","url_meta":{"origin":46899,"position":3},"title":"Dobitnici dr\u017eavne nagrade za znanost za 2024. godinu","author":"Branimir Jankovi\u0107","date":"20. travnja 2026.","format":false,"excerpt":"Na sjednici Odbora za podjelu dr\u017eavnih nagrada za znanost odr\u017eanoj 16. travnja 2026. godine donesena je Odluka o dodjeli dr\u017eavnih nagrada za znanost za 2024. godinu. Godi\u0161njom nagradom za popularizaciju i promid\u017ebu znanosti nagra\u0111eni su u podru\u010dju humanisti\u010dkih znanosti znanstveni suradnici dr. sc. Josip Mihaljevi\u0107 i dr. sc. Gordan Ravan\u010di\u0107,\u2026","rel":"","context":"U &quot;Novosti&quot;","block_context":{"text":"Novosti","link":"https:\/\/historiografija.hr\/?cat=3"},"img":{"alt_text":"","src":"https:\/\/i0.wp.com\/historiografija.hr\/wp-content\/uploads\/2021\/12\/povijesne-kontroverze.jpg?fit=1200%2C675&ssl=1&resize=350%2C200","width":350,"height":200,"srcset":"https:\/\/i0.wp.com\/historiografija.hr\/wp-content\/uploads\/2021\/12\/povijesne-kontroverze.jpg?fit=1200%2C675&ssl=1&resize=350%2C200 1x, https:\/\/i0.wp.com\/historiografija.hr\/wp-content\/uploads\/2021\/12\/povijesne-kontroverze.jpg?fit=1200%2C675&ssl=1&resize=525%2C300 1.5x, https:\/\/i0.wp.com\/historiografija.hr\/wp-content\/uploads\/2021\/12\/povijesne-kontroverze.jpg?fit=1200%2C675&ssl=1&resize=700%2C400 2x, https:\/\/i0.wp.com\/historiografija.hr\/wp-content\/uploads\/2021\/12\/povijesne-kontroverze.jpg?fit=1200%2C675&ssl=1&resize=1050%2C600 3x"},"classes":[]},{"id":52660,"url":"https:\/\/historiografija.hr\/?p=52660","url_meta":{"origin":46899,"position":4},"title":"Medijski odjeci \u010dlanka Steve \u0110ura\u0161kovi\u0107a \u201e\u017dupanovljeva ne\u017eeljena djeca: ideolo\u0161ko pribli\u017eavanje neoliberala i kr\u0161\u0107anske radikalne desnice u Hrvatskoj\u201c","author":"Branimir Jankovi\u0107","date":"24. travnja 2026.","format":false,"excerpt":"U sklopu projekta \u201eIzazovi intelektualne povijesti: recepcije, preobrazbe i upotrebe politi\u010dkih ideja\u201c objavljen je polemi\u010dki \u010dlanak Steve \u0110ura\u0161kovi\u0107a \u201e\u017dupanovljeva ne\u017eeljena djeca: ideolo\u0161ko pribli\u017eavanje neoliberala i kr\u0161\u0107anske radikalne desnice u Hrvatskoj\u201c, koji je izazvao odre\u0111ene medijske reakcije. Stevo \u0110ura\u0161kovi\u0107 \u017dupanovljeva ne\u017eeljena djeca: ideolo\u0161ko pribli\u017eavanje neoliberala i kr\u0161\u0107anske radikalne desnice u Hrvatskoj\u2026","rel":"","context":"U &quot;Novosti&quot;","block_context":{"text":"Novosti","link":"https:\/\/historiografija.hr\/?cat=3"},"img":{"alt_text":"","src":"https:\/\/i0.wp.com\/historiografija.hr\/wp-content\/uploads\/2026\/04\/SD.png?fit=809%2C821&ssl=1&resize=350%2C200","width":350,"height":200,"srcset":"https:\/\/i0.wp.com\/historiografija.hr\/wp-content\/uploads\/2026\/04\/SD.png?fit=809%2C821&ssl=1&resize=350%2C200 1x, https:\/\/i0.wp.com\/historiografija.hr\/wp-content\/uploads\/2026\/04\/SD.png?fit=809%2C821&ssl=1&resize=525%2C300 1.5x, https:\/\/i0.wp.com\/historiografija.hr\/wp-content\/uploads\/2026\/04\/SD.png?fit=809%2C821&ssl=1&resize=700%2C400 2x"},"classes":[]},{"id":52717,"url":"https:\/\/historiografija.hr\/?p=52717","url_meta":{"origin":46899,"position":5},"title":"Okrugli stol &#8220;Dvjestapedeset godina Sjedinjenih Ameri\u010dkih Dr\u017eava \u2013 od kolonije do prve zemlje svijeta i dalje&#8221;","author":"Filip \u0160imunjak","date":"29. travnja 2026.","format":false,"excerpt":"Ove godine obilje\u017eava se 250. obljetnica osnutka Sjedinjenih Ameri\u010dkih Dr\u017eava, povodom koje je pokrenut niz rasprava o ameri\u010dkoj povijesti, njezinoj globalnoj ulozi i naslje\u0111u koje se prote\u017ee od 1776. do danas. Obljetnica je ujedno prilika za promi\u0161ljanje o tome kako danas tuma\u010dimo ameri\u010dku pro\u0161lost, ali i (aktualnu) ulogu SAD-a u\u2026","rel":"","context":"U &quot;Novosti&quot;","block_context":{"text":"Novosti","link":"https:\/\/historiografija.hr\/?cat=3"},"img":{"alt_text":"","src":"https:\/\/i0.wp.com\/historiografija.hr\/wp-content\/uploads\/2026\/04\/Kliofest-01-utorak-I-02-OS-250-godina-SAD.jpg?fit=1200%2C566&ssl=1&resize=350%2C200","width":350,"height":200,"srcset":"https:\/\/i0.wp.com\/historiografija.hr\/wp-content\/uploads\/2026\/04\/Kliofest-01-utorak-I-02-OS-250-godina-SAD.jpg?fit=1200%2C566&ssl=1&resize=350%2C200 1x, https:\/\/i0.wp.com\/historiografija.hr\/wp-content\/uploads\/2026\/04\/Kliofest-01-utorak-I-02-OS-250-godina-SAD.jpg?fit=1200%2C566&ssl=1&resize=525%2C300 1.5x, https:\/\/i0.wp.com\/historiografija.hr\/wp-content\/uploads\/2026\/04\/Kliofest-01-utorak-I-02-OS-250-godina-SAD.jpg?fit=1200%2C566&ssl=1&resize=700%2C400 2x, https:\/\/i0.wp.com\/historiografija.hr\/wp-content\/uploads\/2026\/04\/Kliofest-01-utorak-I-02-OS-250-godina-SAD.jpg?fit=1200%2C566&ssl=1&resize=1050%2C600 3x"},"classes":[]}],"_links":{"self":[{"href":"https:\/\/historiografija.hr\/index.php?rest_route=\/wp\/v2\/posts\/46899","targetHints":{"allow":["GET"]}}],"collection":[{"href":"https:\/\/historiografija.hr\/index.php?rest_route=\/wp\/v2\/posts"}],"about":[{"href":"https:\/\/historiografija.hr\/index.php?rest_route=\/wp\/v2\/types\/post"}],"author":[{"embeddable":true,"href":"https:\/\/historiografija.hr\/index.php?rest_route=\/wp\/v2\/users\/2"}],"replies":[{"embeddable":true,"href":"https:\/\/historiografija.hr\/index.php?rest_route=%2Fwp%2Fv2%2Fcomments&post=46899"}],"version-history":[{"count":5,"href":"https:\/\/historiografija.hr\/index.php?rest_route=\/wp\/v2\/posts\/46899\/revisions"}],"predecessor-version":[{"id":46906,"href":"https:\/\/historiografija.hr\/index.php?rest_route=\/wp\/v2\/posts\/46899\/revisions\/46906"}],"wp:attachment":[{"href":"https:\/\/historiografija.hr\/index.php?rest_route=%2Fwp%2Fv2%2Fmedia&parent=46899"}],"wp:term":[{"taxonomy":"category","embeddable":true,"href":"https:\/\/historiografija.hr\/index.php?rest_route=%2Fwp%2Fv2%2Fcategories&post=46899"},{"taxonomy":"post_tag","embeddable":true,"href":"https:\/\/historiografija.hr\/index.php?rest_route=%2Fwp%2Fv2%2Ftags&post=46899"}],"curies":[{"name":"wp","href":"https:\/\/api.w.org\/{rel}","templated":true}]}}