{"id":46892,"date":"2025-06-10T16:26:27","date_gmt":"2025-06-10T16:26:27","guid":{"rendered":"https:\/\/historiografija.hr\/?p=46892"},"modified":"2025-06-24T11:56:28","modified_gmt":"2025-06-24T11:56:28","slug":"okrugli-stol-o-novim-nacionalnim-sveucilisnim-znanstvenim-i-umjetnickim-kriterijima","status":"publish","type":"post","link":"https:\/\/historiografija.hr\/?p=46892","title":{"rendered":"Okrugli stol o novim Nacionalnim sveu\u010dili\u0161nim, znanstvenim i umjetni\u010dkim kriterijima"},"content":{"rendered":"\n<p>Nezavisni sindikat znanosti i visokog obrazovanja organizira okrugli stol na temu dono\u0161enja <strong>Nacionalnih sveu\u010dili\u0161nih, znanstvenih i umjetni\u010dkih kriterija<\/strong>, koji propisuju kriterije i dokaze o ispunjavanju uvjeta pri izboru na znanstveno-nastavna, umjetni\u010dko-nastavna, znanstvena i nastavna radna mjesta na sveu\u010dili\u0161tima i znanstvenim institutima.<\/p>\n\n\n\n<p>Okrugli stol odr\u017eat \u0107e se <strong>u \u010detvrtak, 12. lipnja 2025. godine<\/strong>, s po\u010detkom u 10:00 sati, u poslovnoj zgradi Hypatia, Ulica Florijana Andra\u0161eca 18a, Zagreb, 1. kat, dvorana Andromeda.<\/p>\n\n\n\n<p>U raspravi \u0107e sudjelovati:<\/p>\n\n\n\n<ul class=\"wp-block-list\">\n<li>prof. dr. sc. <strong>Hrvoje Buljan<\/strong>, predsjednik Nacionalnog vije\u0107a za visoko obrazovanje, znanost i tehnolo\u0161ki razvoj<\/li>\n\n\n\n<li>dr. sc. <strong>Tvrtko Smital <\/strong>s Instituta Ru\u0111er Bo\u0161kovi\u0107 u Zagrebu, predsjednik NSZVO<\/li>\n\n\n\n<li>prof. dr. sc. <strong>Damir Stanzer <\/strong>s Prehrambeno-biotehnolo\u0161kog fakulteta u Zagrebu<\/li>\n\n\n\n<li><strong>predstavnik Rektorskog zbora RH (tbc)<\/strong><\/li>\n<\/ul>\n\n\n\n<p>Raspravu \u0107e moderirati&nbsp;prof. dr. sc. <strong>Dragan Bagi\u0107<\/strong> s Filozofskog fakulteta u Zagrebu.<\/p>\n\n\n\n<p>Radujemo se va\u0161em dolasku!<\/p>\n\n\n\n<hr class=\"wp-block-separator has-alpha-channel-opacity\"\/>\n\n\n\n<p>Izvor:<\/p>\n\n\n\n<p><a href=\"https:\/\/www.nsz.hr\/novosti-i-obavijesti\/okrugli-stolovi-i-rasprave\/poziv-na-okrugli-stol-nacionalni-kriteriji-za-izbor-na-radna-mjesta\">https:\/\/www.nsz.hr\/novosti-i-obavijesti\/okrugli-stolovi-i-rasprave\/poziv-na-okrugli-stol-nacionalni-kriteriji-za-izbor-na-radna-mjesta<\/a><\/p>\n\n\n\n<hr class=\"wp-block-separator has-alpha-channel-opacity\"\/>\n\n\n\n<p>Op\u0161irnije:<\/p>\n\n\n\n<p><a href=\"https:\/\/ideje.hr\/nije-svaka-znanost-projektna-znanost-rasprava-o-novom-prijedlogu-nacionalnih-kriterija\">https:\/\/ideje.hr\/nije-svaka-znanost-projektna-znanost-rasprava-o-novom-prijedlogu-nacionalnih-kriterija<\/a><\/p>\n\n\n\n<hr class=\"wp-block-separator has-alpha-channel-opacity\"\/>\n","protected":false},"excerpt":{"rendered":"","protected":false},"author":2,"featured_media":46893,"comment_status":"open","ping_status":"open","sticky":false,"template":"","format":"standard","meta":{"_acf_changed":false,"jetpack_post_was_ever_published":false,"_jetpack_newsletter_access":"","_jetpack_dont_email_post_to_subs":false,"_jetpack_newsletter_tier_id":0,"_jetpack_memberships_contains_paywalled_content":false,"_jetpack_memberships_contains_paid_content":false,"footnotes":"","jetpack_publicize_message":"","jetpack_publicize_feature_enabled":true,"jetpack_social_post_already_shared":true,"jetpack_social_options":{"image_generator_settings":{"template":"highway","default_image_id":0,"font":"","enabled":false},"version":2}},"categories":[3],"tags":[],"class_list":["post-46892","post","type-post","status-publish","format-standard","has-post-thumbnail","hentry","category-novosti"],"acf":{"facebook_opis":""},"jetpack_publicize_connections":[],"jetpack_featured_media_url":"https:\/\/i0.wp.com\/historiografija.hr\/wp-content\/uploads\/2025\/06\/Poziv-na-okrugli-stol.png?fit=1898%2C888&ssl=1","jetpack_sharing_enabled":true,"jetpack-related-posts":[],"_links":{"self":[{"href":"https:\/\/historiografija.hr\/index.php?rest_route=\/wp\/v2\/posts\/46892","targetHints":{"allow":["GET"]}}],"collection":[{"href":"https:\/\/historiografija.hr\/index.php?rest_route=\/wp\/v2\/posts"}],"about":[{"href":"https:\/\/historiografija.hr\/index.php?rest_route=\/wp\/v2\/types\/post"}],"author":[{"embeddable":true,"href":"https:\/\/historiografija.hr\/index.php?rest_route=\/wp\/v2\/users\/2"}],"replies":[{"embeddable":true,"href":"https:\/\/historiografija.hr\/index.php?rest_route=%2Fwp%2Fv2%2Fcomments&post=46892"}],"version-history":[{"count":2,"href":"https:\/\/historiografija.hr\/index.php?rest_route=\/wp\/v2\/posts\/46892\/revisions"}],"predecessor-version":[{"id":47082,"href":"https:\/\/historiografija.hr\/index.php?rest_route=\/wp\/v2\/posts\/46892\/revisions\/47082"}],"wp:featuredmedia":[{"embeddable":true,"href":"https:\/\/historiografija.hr\/index.php?rest_route=\/wp\/v2\/media\/46893"}],"wp:attachment":[{"href":"https:\/\/historiografija.hr\/index.php?rest_route=%2Fwp%2Fv2%2Fmedia&parent=46892"}],"wp:term":[{"taxonomy":"category","embeddable":true,"href":"https:\/\/historiografija.hr\/index.php?rest_route=%2Fwp%2Fv2%2Fcategories&post=46892"},{"taxonomy":"post_tag","embeddable":true,"href":"https:\/\/historiografija.hr\/index.php?rest_route=%2Fwp%2Fv2%2Ftags&post=46892"}],"curies":[{"name":"wp","href":"https:\/\/api.w.org\/{rel}","templated":true}]}}