{"id":46890,"date":"2025-06-10T16:17:14","date_gmt":"2025-06-10T16:17:14","guid":{"rendered":"https:\/\/historiografija.hr\/?p=46890"},"modified":"2025-06-10T16:17:14","modified_gmt":"2025-06-10T16:17:14","slug":"tribina-filozofskoga-fakulteta-u-zagrebu-o-prijedlogu-nacionalnih-sveucilisnih-znanstvenih-i-umjetnickih-kriterija","status":"publish","type":"post","link":"https:\/\/historiografija.hr\/?p=46890","title":{"rendered":"Tribina Filozofskoga fakulteta u Zagrebu o prijedlogu Nacionalnih sveu\u010dili\u0161nih, znanstvenih i umjetni\u010dkih kriterija"},"content":{"rendered":"\n<p>Prijedlog Nacionalnih sveu\u010dili\u0161nih, znanstvenih i umjetni\u010dkih kriterija, koje je izradilo Nacionalno vije\u0107e za znanost, visoko obrazovanje i tehnolo\u0161ki razvoj, upu\u0107en je u <a href=\"https:\/\/esavjetovanja.gov.hr\/ECon\/MainScreen?entityId=30553\" target=\"_blank\" rel=\"noreferrer noopener\">e-savjetovanje<\/a>&nbsp;s javno\u0161\u0107u do 13. lipnja 2025. Budu\u0107i da ovaj prijedlog podzakonskoga akta Zakona o visokom obrazovanju i &nbsp;znanstvenoj djelatnosti (NN 119\/2022) znatno mijenja i pravila vrednovanja znanstvenog i nastavnog rada i kriterije zapo\u0161ljavanja i napredovanja na sveu\u010dili\u0161tima i znanstvenim institutima, a posebno s obzirom na to da promjene ozbiljno poga\u0111aju sveu\u010dili\u0161ne nastavnike humanisti\u010dkih i dru\u0161tvenih znanosti, <strong>pozivamo zainteresiranu akademsku zajednicu na tribinu organiziranu na inicijativu Odsjeka za filozofiju, u dogovoru s Upravom Filozofskoga fakulteta i u ime Fakulteta.<\/strong><\/p>\n\n\n\n<p>Tribina \u0107e se odr\u017eati u <strong>utorak, 10. lipnja 2025., s po\u010detkom u 19 sati, u dvorani D VII Filozofskoga fakulteta Sveu\u010dili\u0161ta u Zagrebu<\/strong>&nbsp;(Ulica Ivana Lu\u010di\u0107a 3).<\/p>\n\n\n\n<p>Uvodni\u010dari:<\/p>\n\n\n\n<p>&#8211; doc. dr. sc. Ivan Obadi\u0107, Pravni fakultet, Sveu\u010dili\u0161te u Zagrebu<\/p>\n\n\n\n<p>&#8211; izv. prof. dr. sc. Ivana Oluji\u0107, Odsjek za romanistiku, Filozofski fakultet, Sveu\u010dili\u0161te u Zagrebu<\/p>\n\n\n\n<p>&#8211; izv. prof. dr. sc. Ljudevit Fran Je\u017ei\u0107, Odsjek za filozofiju, Filozofski fakultet, Sveu\u010dili\u0161te u Zagrebu<\/p>\n\n\n\n<p>Veselimo se akademskoj raspravi!<\/p>\n\n\n\n<p>Prilog: <a href=\"https:\/\/filoz.ffzg.unizg.hr\/wp-content\/uploads\/2025\/05\/O%C4%8Ditovanje-Odsjeka-za-filozofiju-o-prijedlogu-Nacionalnih-kriterija.pdf\" target=\"_blank\" rel=\"noreferrer noopener\">O\u010ditovanje Odsjeka za filozofiju i analiza<\/a><a href=\"https:\/\/filoz.ffzg.unizg.hr\/wp-content\/uploads\/2025\/05\/O%C4%8Ditovanje-Odsjeka-za-filozofiju-o-prijedlogu-Nacionalnih-kriterija.pdf\" target=\"_blank\" rel=\"noreferrer noopener\">&nbsp;prijedloga Nacionalnih sveu\u010dili\u0161nih, znanstvenih i umjetni\u010dkih kriterija<\/a><\/p>\n\n\n\n<hr class=\"wp-block-separator has-alpha-channel-opacity\"\/>\n","protected":false},"excerpt":{"rendered":"","protected":false},"author":2,"featured_media":11882,"comment_status":"open","ping_status":"open","sticky":false,"template":"","format":"standard","meta":{"_acf_changed":false,"jetpack_post_was_ever_published":false,"_jetpack_newsletter_access":"","_jetpack_dont_email_post_to_subs":false,"_jetpack_newsletter_tier_id":0,"_jetpack_memberships_contains_paywalled_content":false,"_jetpack_memberships_contains_paid_content":false,"footnotes":"","jetpack_publicize_message":"","jetpack_publicize_feature_enabled":true,"jetpack_social_post_already_shared":true,"jetpack_social_options":{"image_generator_settings":{"template":"highway","default_image_id":0,"font":"","enabled":false},"version":2}},"categories":[3],"tags":[],"class_list":["post-46890","post","type-post","status-publish","format-standard","has-post-thumbnail","hentry","category-novosti"],"acf":{"facebook_opis":""},"jetpack_publicize_connections":[],"jetpack_featured_media_url":"https:\/\/i0.wp.com\/historiografija.hr\/wp-content\/uploads\/2018\/10\/ffzg.png?fit=278%2C181&ssl=1","jetpack_sharing_enabled":true,"jetpack-related-posts":[],"_links":{"self":[{"href":"https:\/\/historiografija.hr\/index.php?rest_route=\/wp\/v2\/posts\/46890","targetHints":{"allow":["GET"]}}],"collection":[{"href":"https:\/\/historiografija.hr\/index.php?rest_route=\/wp\/v2\/posts"}],"about":[{"href":"https:\/\/historiografija.hr\/index.php?rest_route=\/wp\/v2\/types\/post"}],"author":[{"embeddable":true,"href":"https:\/\/historiografija.hr\/index.php?rest_route=\/wp\/v2\/users\/2"}],"replies":[{"embeddable":true,"href":"https:\/\/historiografija.hr\/index.php?rest_route=%2Fwp%2Fv2%2Fcomments&post=46890"}],"version-history":[{"count":1,"href":"https:\/\/historiografija.hr\/index.php?rest_route=\/wp\/v2\/posts\/46890\/revisions"}],"predecessor-version":[{"id":46891,"href":"https:\/\/historiografija.hr\/index.php?rest_route=\/wp\/v2\/posts\/46890\/revisions\/46891"}],"wp:featuredmedia":[{"embeddable":true,"href":"https:\/\/historiografija.hr\/index.php?rest_route=\/wp\/v2\/media\/11882"}],"wp:attachment":[{"href":"https:\/\/historiografija.hr\/index.php?rest_route=%2Fwp%2Fv2%2Fmedia&parent=46890"}],"wp:term":[{"taxonomy":"category","embeddable":true,"href":"https:\/\/historiografija.hr\/index.php?rest_route=%2Fwp%2Fv2%2Fcategories&post=46890"},{"taxonomy":"post_tag","embeddable":true,"href":"https:\/\/historiografija.hr\/index.php?rest_route=%2Fwp%2Fv2%2Ftags&post=46890"}],"curies":[{"name":"wp","href":"https:\/\/api.w.org\/{rel}","templated":true}]}}