{"id":46882,"date":"2025-06-10T15:46:24","date_gmt":"2025-06-10T15:46:24","guid":{"rendered":"https:\/\/historiografija.hr\/?p=46882"},"modified":"2025-06-10T15:47:05","modified_gmt":"2025-06-10T15:47:05","slug":"izlozba-jablani-sapcu-elegiju-sibinjske-vrbske-i-ruscicke-zrtve-1935-2025-u-osijeku","status":"publish","type":"post","link":"https:\/\/historiografija.hr\/?p=46882","title":{"rendered":"Izlo\u017eba \u201e\u2019Jablani \u0161ap\u0107u elegiju\u2019. Sibinjske, vrbske i ru\u0161\u010di\u010dke \u017ertve 1935. \u2013 2025.\u201c u Osijeku"},"content":{"rendered":"\n<p>Otvorenje izlo\u017ebe i predavanje dr. sc. Ivana Mileca (Hrvatski institut za povijest \u2013 Podru\u017enica za povijest Slavonije, Srijema i Baranje) odr\u017eat \u0107e se u 12. 6. 2025. (\u010detvrtak) s po\u010detkom u 18:00 sati u Muzeju Slavonije, Osijek.<\/p>\n\n\n\n<p>U hrvatskoj povijesti postoje doga\u0111aji koji su naizgled od lokalnog zna\u010daja, ali su se zbog svog utjecaja na misli i svijest pokazali od nacionalnog. Jedan se od takvih doga\u0111aja zbio prije 90 godina na prostoru Brodskog Posavlja. Povjesni\u010dar Ivan Milec kroz izlo\u017ebu, radove i predavanja donosi prikaz uzroka, povoda i posljedica sibinjskih, vrbskih i ru\u0161\u010di\u010dkih \u017ertava 1935. godine na hrvatsko dru\u0161tvo.<\/p>\n\n\n\n<div data-wp-interactive=\"core\/file\" class=\"wp-block-file\"><object data-wp-bind--hidden=\"!state.hasPdfPreview\" hidden class=\"wp-block-file__embed\" data=\"https:\/\/historiografija.hr\/wp-content\/uploads\/2025\/06\/Deplijan-Jablani.pdf\" type=\"application\/pdf\" style=\"width:100%;height:600px\" aria-label=\"Ugra\u0111eno Deplijan - Jablani.\"><\/object><a id=\"wp-block-file--media-e3030f16-992c-49b3-a016-4ba5b5ba1b92\" href=\"https:\/\/historiografija.hr\/wp-content\/uploads\/2025\/06\/Deplijan-Jablani.pdf\">Deplijan &#8211; Jablani<\/a><a href=\"https:\/\/historiografija.hr\/wp-content\/uploads\/2025\/06\/Deplijan-Jablani.pdf\" class=\"wp-block-file__button wp-element-button\" download aria-describedby=\"wp-block-file--media-e3030f16-992c-49b3-a016-4ba5b5ba1b92\">Preuzmi<\/a><\/div>\n\n\n\n<hr class=\"wp-block-separator has-alpha-channel-opacity\"\/>\n\n\n\n<p>Izvor:<\/p>\n\n\n\n<figure class=\"wp-block-embed is-type-wp-embed is-provider-muzej-slavonije wp-block-embed-muzej-slavonije\"><div class=\"wp-block-embed__wrapper\">\n<blockquote class=\"wp-embedded-content\" data-secret=\"dRxbYk82aT\"><a href=\"https:\/\/mso.hr\/otvorenje-izlozbe-jablani-sapcu-elegiju\/\">Otvorenje izlo\u017ebe &#8220;Jablani \u0161ap\u0107u elegiju&#8221;<\/a><\/blockquote><iframe loading=\"lazy\" class=\"wp-embedded-content\" sandbox=\"allow-scripts\" security=\"restricted\" style=\"position: absolute; visibility: hidden;\" title=\"&#8220;Otvorenje izlo\u017ebe &#8220;Jablani \u0161ap\u0107u elegiju&#8221;&#8221; &#8212; Muzej Slavonije\" src=\"https:\/\/mso.hr\/otvorenje-izlozbe-jablani-sapcu-elegiju\/embed\/#?secret=8Qs4yFxyVZ#?secret=dRxbYk82aT\" data-secret=\"dRxbYk82aT\" width=\"600\" height=\"338\" frameborder=\"0\" marginwidth=\"0\" marginheight=\"0\" scrolling=\"no\"><\/iframe>\n<\/div><\/figure>\n\n\n\n<hr class=\"wp-block-separator has-alpha-channel-opacity\"\/>\n","protected":false},"excerpt":{"rendered":"","protected":false},"author":2,"featured_media":46884,"comment_status":"open","ping_status":"open","sticky":false,"template":"","format":"standard","meta":{"_acf_changed":false,"jetpack_post_was_ever_published":false,"_jetpack_newsletter_access":"","_jetpack_dont_email_post_to_subs":false,"_jetpack_newsletter_tier_id":0,"_jetpack_memberships_contains_paywalled_content":false,"_jetpack_memberships_contains_paid_content":false,"footnotes":"","jetpack_publicize_message":"","jetpack_publicize_feature_enabled":true,"jetpack_social_post_already_shared":true,"jetpack_social_options":{"image_generator_settings":{"template":"highway","default_image_id":0,"font":"","enabled":false},"version":2}},"categories":[10,3],"tags":[],"class_list":["post-46882","post","type-post","status-publish","format-standard","has-post-thumbnail","hentry","category-izlozbe","category-novosti"],"acf":{"facebook_opis":""},"jetpack_publicize_connections":[],"jetpack_featured_media_url":"https:\/\/i0.wp.com\/historiografija.hr\/wp-content\/uploads\/2025\/06\/Plakat-pozivnica-Jablani.jpg?fit=711%2C1000&ssl=1","jetpack_sharing_enabled":true,"jetpack-related-posts":[],"_links":{"self":[{"href":"https:\/\/historiografija.hr\/index.php?rest_route=\/wp\/v2\/posts\/46882","targetHints":{"allow":["GET"]}}],"collection":[{"href":"https:\/\/historiografija.hr\/index.php?rest_route=\/wp\/v2\/posts"}],"about":[{"href":"https:\/\/historiografija.hr\/index.php?rest_route=\/wp\/v2\/types\/post"}],"author":[{"embeddable":true,"href":"https:\/\/historiografija.hr\/index.php?rest_route=\/wp\/v2\/users\/2"}],"replies":[{"embeddable":true,"href":"https:\/\/historiografija.hr\/index.php?rest_route=%2Fwp%2Fv2%2Fcomments&post=46882"}],"version-history":[{"count":2,"href":"https:\/\/historiografija.hr\/index.php?rest_route=\/wp\/v2\/posts\/46882\/revisions"}],"predecessor-version":[{"id":46886,"href":"https:\/\/historiografija.hr\/index.php?rest_route=\/wp\/v2\/posts\/46882\/revisions\/46886"}],"wp:featuredmedia":[{"embeddable":true,"href":"https:\/\/historiografija.hr\/index.php?rest_route=\/wp\/v2\/media\/46884"}],"wp:attachment":[{"href":"https:\/\/historiografija.hr\/index.php?rest_route=%2Fwp%2Fv2%2Fmedia&parent=46882"}],"wp:term":[{"taxonomy":"category","embeddable":true,"href":"https:\/\/historiografija.hr\/index.php?rest_route=%2Fwp%2Fv2%2Fcategories&post=46882"},{"taxonomy":"post_tag","embeddable":true,"href":"https:\/\/historiografija.hr\/index.php?rest_route=%2Fwp%2Fv2%2Ftags&post=46882"}],"curies":[{"name":"wp","href":"https:\/\/api.w.org\/{rel}","templated":true}]}}