{"id":46872,"date":"2025-06-10T12:58:56","date_gmt":"2025-06-10T12:58:56","guid":{"rendered":"https:\/\/historiografija.hr\/?p=46872"},"modified":"2025-06-10T13:00:36","modified_gmt":"2025-06-10T13:00:36","slug":"poziv-portala-historiografija-hr-na-javnu-raspravu-povodom-deklaracije-hazu-o-hrvatskom-povijesnom-grbu","status":"publish","type":"post","link":"https:\/\/historiografija.hr\/?p=46872","title":{"rendered":"Portal Historiografija.hr poziva na javnu raspravu povodom Deklaracije HAZU o hrvatskom povijesnom grbu"},"content":{"rendered":"\n<p>Portal <em>Historiografija.hr<\/em> poziva zainteresirane povjesni\u010dare i povjesni\u010darke, kao i pravnike, sociologe, antropologe i druge zainteresirane stru\u010dnjake da se uklju\u010de u javnu raspravu povodom objave Deklaracije HAZU o hrvatskom povijesnom grbu, kako u medijima tako i na portalu <em>Historiografija.hr<\/em>. <\/p>\n\n\n\n<p>To je va\u017ena tema ne samo iz stru\u010dnih nego i dru\u0161tvenih razloga te se ne ti\u010de samo povijesti nego i drugih struka. Osim toga, potrebno je imati o njoj \u0161to vi\u0161e stru\u010dnih mi\u0161ljenja, stoga \u0107emo poku\u0161ati na portalu otvoriti prostor za \u0161to vi\u0161e razli\u010ditih pogleda i polemika, u duhu sveobuhvatnih javnih rasprava kakvih kod nas nedostaje.<\/p>\n\n\n\n<p>Zainteresirani za objavu na portalu <em>Historiografija.hr<\/em> svoje tekstove, kriti\u010dke osvrte, reagiranja i polemi\u010dke priloge mogu slati na e-mail adresu urednika portala bjankovi@m.ffzg.hr<\/p>\n\n\n\n<p>Pritom \u0107emo nastojati prenositi obavijesti i o drugim prilozima koji \u0107e biti objavljeni u medijima, s odgovaraju\u0107im poveznicama na njih.<\/p>\n\n\n\n<p>Prethodne obavijesti na portalu <strong>Historiografija.hr<\/strong>:<\/p>\n\n\n\n<figure class=\"wp-block-embed is-type-wp-embed is-provider-historiografija-hr wp-block-embed-historiografija-hr\"><div class=\"wp-block-embed__wrapper\">\n<blockquote class=\"wp-embedded-content\" data-secret=\"N7IyvBXQEc\"><a href=\"https:\/\/historiografija.hr\/?p=46864\">Stevo \u0110ura\u0161kovi\u0107: Osvrt na Deklaraciju HAZU o hrvatskome povijesnom grbu<\/a><\/blockquote><iframe loading=\"lazy\" class=\"wp-embedded-content\" sandbox=\"allow-scripts\" security=\"restricted\" style=\"position: absolute; visibility: hidden;\" title=\"&#8220;Stevo \u0110ura\u0161kovi\u0107: Osvrt na Deklaraciju HAZU o hrvatskome povijesnom grbu&#8221; &#8212; Historiografija.hr\" src=\"https:\/\/historiografija.hr\/?p=46864&#038;embed=true#?secret=FKZ2bE3sy8#?secret=N7IyvBXQEc\" data-secret=\"N7IyvBXQEc\" width=\"600\" height=\"338\" frameborder=\"0\" marginwidth=\"0\" marginheight=\"0\" scrolling=\"no\"><\/iframe>\n<\/div><\/figure>\n\n\n\n<hr class=\"wp-block-separator has-alpha-channel-opacity\"\/>\n\n\n\n<figure class=\"wp-block-embed is-type-wp-embed is-provider-historiografija-hr wp-block-embed-historiografija-hr\"><div class=\"wp-block-embed__wrapper\">\n<blockquote class=\"wp-embedded-content\" data-secret=\"x6tzo5zT5c\"><a href=\"https:\/\/historiografija.hr\/?p=46832\">Hrvatska akademija znanosti i umjetnosti proglasila Deklaraciju o hrvatskome povijesnom grbu<\/a><\/blockquote><iframe loading=\"lazy\" class=\"wp-embedded-content\" sandbox=\"allow-scripts\" security=\"restricted\" style=\"position: absolute; visibility: hidden;\" title=\"&#8220;Hrvatska akademija znanosti i umjetnosti proglasila Deklaraciju o hrvatskome povijesnom grbu&#8221; &#8212; Historiografija.hr\" src=\"https:\/\/historiografija.hr\/?p=46832&#038;embed=true#?secret=KiSGnbFIJd#?secret=x6tzo5zT5c\" data-secret=\"x6tzo5zT5c\" width=\"600\" height=\"338\" frameborder=\"0\" marginwidth=\"0\" marginheight=\"0\" scrolling=\"no\"><\/iframe>\n<\/div><\/figure>\n\n\n\n<hr class=\"wp-block-separator has-alpha-channel-opacity\"\/>\n\n\n\n<figure class=\"wp-block-embed is-type-wp-embed is-provider-historiografija-hr wp-block-embed-historiografija-hr\"><div class=\"wp-block-embed__wrapper\">\n<blockquote class=\"wp-embedded-content\" data-secret=\"UhTVsgXMon\"><a href=\"https:\/\/historiografija.hr\/?p=46798\">Znanstveni skup o hrvatskome povijesnom grbu<\/a><\/blockquote><iframe loading=\"lazy\" class=\"wp-embedded-content\" sandbox=\"allow-scripts\" security=\"restricted\" style=\"position: absolute; visibility: hidden;\" title=\"&#8220;Znanstveni skup o hrvatskome povijesnom grbu&#8221; &#8212; Historiografija.hr\" src=\"https:\/\/historiografija.hr\/?p=46798&#038;embed=true#?secret=B1gtgkAANp#?secret=UhTVsgXMon\" data-secret=\"UhTVsgXMon\" width=\"600\" height=\"338\" frameborder=\"0\" marginwidth=\"0\" marginheight=\"0\" scrolling=\"no\"><\/iframe>\n<\/div><\/figure>\n\n\n\n<hr class=\"wp-block-separator has-alpha-channel-opacity\"\/>\n\n\n\n<figure class=\"wp-block-embed is-type-wp-embed is-provider-historiografija-hr wp-block-embed-historiografija-hr\"><div class=\"wp-block-embed__wrapper\">\n<blockquote class=\"wp-embedded-content\" data-secret=\"T2WsWDPR29\"><a href=\"https:\/\/historiografija.hr\/?p=44601\">Stevo \u0110ura\u0161kovi\u0107: Osvrt na prilog Marija Jareba \u201eJe li hrvatski \u0161ahirani grb s po\u010detnim bijelim poljem usta\u0161ki simbol?\u201c<\/a><\/blockquote><iframe loading=\"lazy\" class=\"wp-embedded-content\" sandbox=\"allow-scripts\" security=\"restricted\" style=\"position: absolute; visibility: hidden;\" title=\"&#8220;Stevo \u0110ura\u0161kovi\u0107: Osvrt na prilog Marija Jareba \u201eJe li hrvatski \u0161ahirani grb s po\u010detnim bijelim poljem usta\u0161ki simbol?\u201c&#8221; &#8212; Historiografija.hr\" src=\"https:\/\/historiografija.hr\/?p=44601&#038;embed=true#?secret=jSn2lDWTw3#?secret=T2WsWDPR29\" data-secret=\"T2WsWDPR29\" width=\"600\" height=\"338\" frameborder=\"0\" marginwidth=\"0\" marginheight=\"0\" scrolling=\"no\"><\/iframe>\n<\/div><\/figure>\n\n\n\n<hr class=\"wp-block-separator has-alpha-channel-opacity\"\/>\n\n\n\n<figure class=\"wp-block-embed is-type-wp-embed is-provider-historiografija-hr wp-block-embed-historiografija-hr\"><div class=\"wp-block-embed__wrapper\">\n<blockquote class=\"wp-embedded-content\" data-secret=\"WLB6NAEGRF\"><a href=\"https:\/\/historiografija.hr\/?p=44441\">CroFacta: \u201eJe li hrvatski \u0161ahirani grb s po\u010detnim bijelim poljem usta\u0161ki simbol?\u201c<\/a><\/blockquote><iframe loading=\"lazy\" class=\"wp-embedded-content\" sandbox=\"allow-scripts\" security=\"restricted\" style=\"position: absolute; visibility: hidden;\" title=\"&#8220;CroFacta: \u201eJe li hrvatski \u0161ahirani grb s po\u010detnim bijelim poljem usta\u0161ki simbol?\u201c&#8221; &#8212; Historiografija.hr\" src=\"https:\/\/historiografija.hr\/?p=44441&#038;embed=true#?secret=ML6ZZA0QsX#?secret=WLB6NAEGRF\" data-secret=\"WLB6NAEGRF\" width=\"600\" height=\"338\" frameborder=\"0\" marginwidth=\"0\" marginheight=\"0\" scrolling=\"no\"><\/iframe>\n<\/div><\/figure>\n\n\n\n<hr class=\"wp-block-separator has-alpha-channel-opacity\"\/>\n","protected":false},"excerpt":{"rendered":"","protected":false},"author":2,"featured_media":46799,"comment_status":"open","ping_status":"open","sticky":false,"template":"","format":"standard","meta":{"_acf_changed":false,"jetpack_post_was_ever_published":false,"_jetpack_newsletter_access":"","_jetpack_dont_email_post_to_subs":false,"_jetpack_newsletter_tier_id":0,"_jetpack_memberships_contains_paywalled_content":false,"_jetpack_memberships_contains_paid_content":false,"footnotes":"","jetpack_publicize_message":"","jetpack_publicize_feature_enabled":true,"jetpack_social_post_already_shared":true,"jetpack_social_options":{"image_generator_settings":{"template":"highway","default_image_id":0,"font":"","enabled":false},"version":2}},"categories":[3,17],"tags":[],"class_list":["post-46872","post","type-post","status-publish","format-standard","has-post-thumbnail","hentry","category-novosti","category-rasprave"],"acf":{"facebook_opis":""},"jetpack_publicize_connections":[],"jetpack_featured_media_url":"https:\/\/i0.wp.com\/historiografija.hr\/wp-content\/uploads\/2025\/06\/Hrvatski-povijesni-grb.png?fit=844%2C524&ssl=1","jetpack_sharing_enabled":true,"jetpack-related-posts":[],"_links":{"self":[{"href":"https:\/\/historiografija.hr\/index.php?rest_route=\/wp\/v2\/posts\/46872","targetHints":{"allow":["GET"]}}],"collection":[{"href":"https:\/\/historiografija.hr\/index.php?rest_route=\/wp\/v2\/posts"}],"about":[{"href":"https:\/\/historiografija.hr\/index.php?rest_route=\/wp\/v2\/types\/post"}],"author":[{"embeddable":true,"href":"https:\/\/historiografija.hr\/index.php?rest_route=\/wp\/v2\/users\/2"}],"replies":[{"embeddable":true,"href":"https:\/\/historiografija.hr\/index.php?rest_route=%2Fwp%2Fv2%2Fcomments&post=46872"}],"version-history":[{"count":4,"href":"https:\/\/historiografija.hr\/index.php?rest_route=\/wp\/v2\/posts\/46872\/revisions"}],"predecessor-version":[{"id":46876,"href":"https:\/\/historiografija.hr\/index.php?rest_route=\/wp\/v2\/posts\/46872\/revisions\/46876"}],"wp:featuredmedia":[{"embeddable":true,"href":"https:\/\/historiografija.hr\/index.php?rest_route=\/wp\/v2\/media\/46799"}],"wp:attachment":[{"href":"https:\/\/historiografija.hr\/index.php?rest_route=%2Fwp%2Fv2%2Fmedia&parent=46872"}],"wp:term":[{"taxonomy":"category","embeddable":true,"href":"https:\/\/historiografija.hr\/index.php?rest_route=%2Fwp%2Fv2%2Fcategories&post=46872"},{"taxonomy":"post_tag","embeddable":true,"href":"https:\/\/historiografija.hr\/index.php?rest_route=%2Fwp%2Fv2%2Ftags&post=46872"}],"curies":[{"name":"wp","href":"https:\/\/api.w.org\/{rel}","templated":true}]}}