{"id":46862,"date":"2025-06-09T10:23:34","date_gmt":"2025-06-09T10:23:34","guid":{"rendered":"https:\/\/historiografija.hr\/?p=46862"},"modified":"2025-06-09T10:23:34","modified_gmt":"2025-06-09T10:23:34","slug":"tribina-gaza-tragedija-koja-ne-prestaje","status":"publish","type":"post","link":"https:\/\/historiografija.hr\/?p=46862","title":{"rendered":"Tribina \u201eGaza \u2013 tragedija koja ne prestaje\u201c"},"content":{"rendered":"\n<p>Tribina u organizaciji Srpskog privrednog dru\u0161tva Privrednik i Vije\u0107a srpske nacionalne manjine Grada Zagreba pod nazivom \u201eGaza \u2013 tragedija koja ne prestaje\u201c odr\u017eat \u0107e se u utorak, 10. juna 2025. s po\u010detkom u 18 sati na prvom katu Privrednikovog doma (Preradovi\u0107eva 18, Zagreb).<\/p>\n\n\n\n<p>Humanitarna katastrofa u Gazi odvija se svijetu pred o\u010dima. Ubijeni su deseci tisu\u0107a ljudi, mnogi to podru\u010dje nazivaju najve\u0107im koncentracijskim logorom na svijetu, a rije\u010d genocid sve se \u010de\u0161\u0107e \u010duje kada se opisuju zlo\u010dini izraelske vojske. Na idu\u0107oj tribini razgovaramo o svim aspektima tragedije u Gazi, ratnim zlo\u010dinima, humanitarnoj katastrofi, odnosu Hrvatske i EU prema svemu tome, ulozi SAD-a koji daje krila divljanju izraelske vojske, rje\u0161enjima koja bi pridonijela smirivanju drame i brojnim drugim pitanjima.<\/p>\n\n\n\n<p>Na tribini \u0107e govoriti <strong>Emina Bu\u017einki\u0107<\/strong> iz Inicijative za slobodnu Palestinu, <strong>Jerko Bakotin<\/strong>, novinar Novosti i <strong>Mladen Majeti\u0107<\/strong>. Razgovor \u0107e moderirati novinar <strong>Sa\u0161a Kosanovi\u0107<\/strong>.<\/p>\n\n\n\n<hr class=\"wp-block-separator has-alpha-channel-opacity\"\/>\n\n\n\n<p>Izvor:<\/p>\n\n\n\n<figure class=\"wp-block-embed is-type-wp-embed is-provider-p-portal wp-block-embed-p-portal\"><div class=\"wp-block-embed__wrapper\">\n<blockquote class=\"wp-embedded-content\" data-secret=\"f0goyW5cs8\"><a href=\"https:\/\/p-portal.net\/tribina-gaza-tragedija-koja-ne-prestaje\">Tribina: Gaza \u2013 tragedija koja ne prestaje<\/a><\/blockquote><iframe loading=\"lazy\" class=\"wp-embedded-content\" sandbox=\"allow-scripts\" security=\"restricted\" style=\"position: absolute; visibility: hidden;\" title=\"&#8220;Tribina: Gaza \u2013 tragedija koja ne prestaje&#8221; &#8212; P-portal\" src=\"https:\/\/p-portal.net\/tribina-gaza-tragedija-koja-ne-prestaje\/embed#?secret=qHoQHKspMK#?secret=f0goyW5cs8\" data-secret=\"f0goyW5cs8\" width=\"600\" height=\"338\" frameborder=\"0\" marginwidth=\"0\" marginheight=\"0\" scrolling=\"no\"><\/iframe>\n<\/div><\/figure>\n\n\n\n<hr class=\"wp-block-separator has-alpha-channel-opacity\"\/>\n","protected":false},"excerpt":{"rendered":"","protected":false},"author":2,"featured_media":16317,"comment_status":"open","ping_status":"open","sticky":false,"template":"","format":"standard","meta":{"_acf_changed":false,"jetpack_post_was_ever_published":false,"_jetpack_newsletter_access":"","_jetpack_dont_email_post_to_subs":false,"_jetpack_newsletter_tier_id":0,"_jetpack_memberships_contains_paywalled_content":false,"_jetpack_memberships_contains_paid_content":false,"footnotes":"","jetpack_publicize_message":"","jetpack_publicize_feature_enabled":true,"jetpack_social_post_already_shared":true,"jetpack_social_options":{"image_generator_settings":{"template":"highway","default_image_id":0,"font":"","enabled":false},"version":2}},"categories":[3],"tags":[],"class_list":["post-46862","post","type-post","status-publish","format-standard","has-post-thumbnail","hentry","category-novosti"],"acf":{"facebook_opis":""},"jetpack_publicize_connections":[],"jetpack_featured_media_url":"https:\/\/i0.wp.com\/historiografija.hr\/wp-content\/uploads\/2019\/09\/Tribina.jpg?fit=1200%2C675&ssl=1","jetpack_sharing_enabled":true,"jetpack-related-posts":[],"_links":{"self":[{"href":"https:\/\/historiografija.hr\/index.php?rest_route=\/wp\/v2\/posts\/46862","targetHints":{"allow":["GET"]}}],"collection":[{"href":"https:\/\/historiografija.hr\/index.php?rest_route=\/wp\/v2\/posts"}],"about":[{"href":"https:\/\/historiografija.hr\/index.php?rest_route=\/wp\/v2\/types\/post"}],"author":[{"embeddable":true,"href":"https:\/\/historiografija.hr\/index.php?rest_route=\/wp\/v2\/users\/2"}],"replies":[{"embeddable":true,"href":"https:\/\/historiografija.hr\/index.php?rest_route=%2Fwp%2Fv2%2Fcomments&post=46862"}],"version-history":[{"count":1,"href":"https:\/\/historiografija.hr\/index.php?rest_route=\/wp\/v2\/posts\/46862\/revisions"}],"predecessor-version":[{"id":46863,"href":"https:\/\/historiografija.hr\/index.php?rest_route=\/wp\/v2\/posts\/46862\/revisions\/46863"}],"wp:featuredmedia":[{"embeddable":true,"href":"https:\/\/historiografija.hr\/index.php?rest_route=\/wp\/v2\/media\/16317"}],"wp:attachment":[{"href":"https:\/\/historiografija.hr\/index.php?rest_route=%2Fwp%2Fv2%2Fmedia&parent=46862"}],"wp:term":[{"taxonomy":"category","embeddable":true,"href":"https:\/\/historiografija.hr\/index.php?rest_route=%2Fwp%2Fv2%2Fcategories&post=46862"},{"taxonomy":"post_tag","embeddable":true,"href":"https:\/\/historiografija.hr\/index.php?rest_route=%2Fwp%2Fv2%2Ftags&post=46862"}],"curies":[{"name":"wp","href":"https:\/\/api.w.org\/{rel}","templated":true}]}}