{"id":46854,"date":"2025-06-09T09:54:45","date_gmt":"2025-06-09T09:54:45","guid":{"rendered":"https:\/\/historiografija.hr\/?p=46854"},"modified":"2025-06-09T09:58:40","modified_gmt":"2025-06-09T09:58:40","slug":"izlozba-vojin-bakic-i-oto-solc","status":"publish","type":"post","link":"https:\/\/historiografija.hr\/?p=46854","title":{"rendered":"Izlo\u017eba \u201cVojin Baki\u0107 i Oto \u0160olc\u201d"},"content":{"rendered":"\n<p>Povodom 110. godi\u0161njice ro\u0111enja Vojina Baki\u0107a (5. 6. 2025.), jednog od najzna\u010dajnijih suvremenih umjetnika, Srpsko narodno vije\u0107e, u suradnji s udrugom Vizura aperta, organizira otvorenje izlo\u017ebe \u201cVojin Baki\u0107 i Oto \u0160olc\u201d, koja \u0107e se odr\u017eati sljede\u0107eg \u010detvrtka, 5. lipnja\/juna 2025., s po\u010detkom u 18 sati, u Srpskom kulturnom centru u Zagrebu, Preradovi\u0107eva 21.<\/p>\n\n\n\n<p>Realizaciju ove izlo\u017ebe potaknuo je pronalazak sedamdesetak crte\u017ea, skica i slika Vojina Baki\u0107a nastalih u periodu prije 1956. godine, odnosno prije po\u017eara u Baki\u0107evom zagreba\u010dkom ateljeu. Porijeklo pronalaska ovih djela poti\u010de iz ostav\u0161tine Baki\u0107eva prijatelja, pjesnika Ota \u0160olca, \u0161to nas je navelo na ideju o izlo\u017ebi koja \u2013 osim \u0161to govori o prijateljstvu i dugogodi\u0161njoj suradnji \u2013 prati put dvojice umjetnika u traganju za osloba\u0111anjem forme i slobodnim umjetni\u010dkim izrazom.<\/p>\n\n\n\n<p>U fokusu izlo\u017ebe do sada je nepoznata kolekcija Baki\u0107evih crte\u017ea i skica, koji su ishodi\u0161te Baki\u0107evog oblikovnog procesa, polazna to\u010dka u traganju za slobodnom formom. Me\u0111u njima isti\u010demo motive koje \u0107e Baki\u0107 kasnije razvijati reduciraju\u0107i narativnost izraza te, osloba\u0111aju\u0107i forme, pribli\u017eavaju\u0107i ih slobodnoj, apsolutnoj formi.<\/p>\n\n\n\n<p>Rije\u010d je o Baki\u0107evim autoportretima, portretima prijatelja (Otona Glihe, Mile Kumbatovi\u0107, Ota \u0160olca, Slavka Kopa\u010da, drugih kolega i \u010dlanova obitelji) i studijama tijela, posebno \u017eenskog akta, koje \u0107e kasnije preoblikovati u torza i razlistane forme, svode\u0107i ih naposljetku na apstraktne jednostavne oblike nalik oblicima u prirodi. Motivi iz ranih skica, studije kupa\u010dica, sagnuti akt, le\u017ee\u0107e figure, mu\u0161ki akt, ljubavnici, ptica i bik, ostali su motivi koji su ga zaokupljali tijekom cjelokupnog stvarala\u0161tva.<\/p>\n\n\n\n<p>Nakon Drugog svjetskog rata, koji je bio o\u0161tra prekretnica u stvarala\u0161tvu pjesnika Ota \u0160olca, socijalna tematika koja je prevladavala u njegovom pjesni\u010dkom izrazu postaje anga\u017eirana, kao u nedovoljno poznatoj poemi \u201cNo\u0107\u201d iz 1950. godine, koja je ostala u sjeni \u201cJame\u201d Ivana Gorana Kova\u010di\u0107a. Po pitanju forme u poratnom periodu \u0160olc je pronalazio put k slobodnom stihu, napu\u0161taju\u0107i rimu.<\/p>\n\n\n\n<p>Njegove knjige pjesama \u201cRanjena ptica\u201d iz 1954. godine, kojoj je tema nemogu\u0107nost pjeva, odnosno vapaj za izrazom, \u201cGoran i ja\u201d iz 1955. i \u201cPjeva\u010d\u201d iz 1965., likovno je opremio Vojin Baki\u0107 svojim crte\u017eima reduciranih formi. U njima \u0107emo prona\u0107i za\u010detke Baki\u0107evih portreta, kristalnih, razlistanih, svjetlonosnih i animalnih formi, kao i skica za budu\u0107e spomenike.<\/p>\n\n\n\n<p>I ovu izlo\u017ebu potpisuje uigrani <strong>SNV<\/strong>-ov izlo\u017ebeni tim: kustosica izlo\u017ebe Davorka Peri\u0107, uz asistenciju Lee Bulaje, dizajna Parabureaua Tene Kri\u017eanec i Igora Stani\u0161ljevi\u0107a, tehni\u010dki postav Vedrana Grladinovi\u0107a i tehni\u010dku podr\u0161ku Vala Ma\u010dukatina.<\/p>\n\n\n\n<p>Program je podr\u017eao Ured za ljudska prava i prava nacionalnih manjina Vlade Republike Hrvatske.<br>Program udruge Vizura aperta podupire Zaklada Kultura nova.<br>Zahvale: Hrvoje Vukosavi\u0107, Andrej \u0160imi\u0107, Arhiv Srba u Hrvatskoj, Sandro Lendler, Ars kopija, Tena Kri\u017eanec i Igor Stani\u0161ljevi\u0107<\/p>\n\n\n\n<p>Radno vrijeme izlo\u017ebe: radnim danom od 11 do 18 h, subotom od 11 do 14 h<\/p>\n\n\n\n<hr class=\"wp-block-separator has-alpha-channel-opacity\"\/>\n\n\n\n<p>Izvor:<\/p>\n\n\n\n<figure class=\"wp-block-embed is-type-wp-embed is-provider-srpsko-narodno-vije-e-snv wp-block-embed-srpsko-narodno-vije-e-snv\"><div class=\"wp-block-embed__wrapper\">\n<blockquote class=\"wp-embedded-content\" data-secret=\"69W8alan2m\"><a href=\"https:\/\/snv.hr\/izlozba-vojin-bakic-i-oto-solc-u-zagrebackom-skc-u\/\">Izlo\u017eba \u201cVojin Baki\u0107 i Oto \u0160olc&#8221; u zagreba\u010dkom SKC-u<\/a><\/blockquote><iframe loading=\"lazy\" class=\"wp-embedded-content\" sandbox=\"allow-scripts\" security=\"restricted\" style=\"position: absolute; visibility: hidden;\" title=\"&#8220;Izlo\u017eba \u201cVojin Baki\u0107 i Oto \u0160olc&#8221; u zagreba\u010dkom SKC-u&#8221; &#8212; Srpsko Narodno Vije\u0107e - SNV\" src=\"https:\/\/snv.hr\/izlozba-vojin-bakic-i-oto-solc-u-zagrebackom-skc-u\/embed\/#?secret=zGPxkkXgT5#?secret=69W8alan2m\" data-secret=\"69W8alan2m\" width=\"600\" height=\"338\" frameborder=\"0\" marginwidth=\"0\" marginheight=\"0\" scrolling=\"no\"><\/iframe>\n<\/div><\/figure>\n\n\n\n<hr class=\"wp-block-separator has-alpha-channel-opacity\"\/>\n\n\n\n<p>Iz medija:<\/p>\n\n\n\n<p><a href=\"https:\/\/www.portalnovosti.com\/izlozena-dosad-nepoznata-kolekcija-bakicevih-crteza\">https:\/\/www.portalnovosti.com\/izlozena-dosad-nepoznata-kolekcija-bakicevih-crteza<\/a><\/p>\n\n\n\n<p><a href=\"https:\/\/www.jutarnji.hr\/kultura\/art\/zagrebacki-odvjetnik-na-britancu-pronasao-je-pravo-umjetnicko-blago-cista-slucajnost-cak-i-kad-sam-vidio-potpis-15592441\">https:\/\/www.jutarnji.hr\/kultura\/art\/zagrebacki-odvjetnik-na-britancu-pronasao-je-pravo-umjetnicko-blago-cista-slucajnost-cak-i-kad-sam-vidio-potpis-15592441<\/a><\/p>\n\n\n\n<p><a href=\"https:\/\/www.telegram.hr\/kultura\/u-zagrebu-se-izlazu-radovi-velikog-vojina-bakica-za-koje-se-mislilo-da-su-nestali-u-pozaru-1956-godine\">https:\/\/www.telegram.hr\/kultura\/u-zagrebu-se-izlazu-radovi-velikog-vojina-bakica-za-koje-se-mislilo-da-su-nestali-u-pozaru-1956-godine<\/a><\/p>\n\n\n\n<hr class=\"wp-block-separator has-alpha-channel-opacity\"\/>\n","protected":false},"excerpt":{"rendered":"","protected":false},"author":2,"featured_media":46855,"comment_status":"open","ping_status":"open","sticky":false,"template":"","format":"standard","meta":{"_acf_changed":false,"jetpack_post_was_ever_published":false,"_jetpack_newsletter_access":"","_jetpack_dont_email_post_to_subs":false,"_jetpack_newsletter_tier_id":0,"_jetpack_memberships_contains_paywalled_content":false,"_jetpack_memberships_contains_paid_content":false,"footnotes":"","jetpack_publicize_message":"","jetpack_publicize_feature_enabled":true,"jetpack_social_post_already_shared":true,"jetpack_social_options":{"image_generator_settings":{"template":"highway","default_image_id":0,"font":"","enabled":false},"version":2}},"categories":[10,3],"tags":[],"class_list":["post-46854","post","type-post","status-publish","format-standard","has-post-thumbnail","hentry","category-izlozbe","category-novosti"],"acf":{"facebook_opis":""},"jetpack_publicize_connections":[],"jetpack_featured_media_url":"https:\/\/i0.wp.com\/historiografija.hr\/wp-content\/uploads\/2025\/06\/SNV_Bakic_Solc.jpg?fit=1024%2C640&ssl=1","jetpack_sharing_enabled":true,"jetpack-related-posts":[],"_links":{"self":[{"href":"https:\/\/historiografija.hr\/index.php?rest_route=\/wp\/v2\/posts\/46854","targetHints":{"allow":["GET"]}}],"collection":[{"href":"https:\/\/historiografija.hr\/index.php?rest_route=\/wp\/v2\/posts"}],"about":[{"href":"https:\/\/historiografija.hr\/index.php?rest_route=\/wp\/v2\/types\/post"}],"author":[{"embeddable":true,"href":"https:\/\/historiografija.hr\/index.php?rest_route=\/wp\/v2\/users\/2"}],"replies":[{"embeddable":true,"href":"https:\/\/historiografija.hr\/index.php?rest_route=%2Fwp%2Fv2%2Fcomments&post=46854"}],"version-history":[{"count":2,"href":"https:\/\/historiografija.hr\/index.php?rest_route=\/wp\/v2\/posts\/46854\/revisions"}],"predecessor-version":[{"id":46857,"href":"https:\/\/historiografija.hr\/index.php?rest_route=\/wp\/v2\/posts\/46854\/revisions\/46857"}],"wp:featuredmedia":[{"embeddable":true,"href":"https:\/\/historiografija.hr\/index.php?rest_route=\/wp\/v2\/media\/46855"}],"wp:attachment":[{"href":"https:\/\/historiografija.hr\/index.php?rest_route=%2Fwp%2Fv2%2Fmedia&parent=46854"}],"wp:term":[{"taxonomy":"category","embeddable":true,"href":"https:\/\/historiografija.hr\/index.php?rest_route=%2Fwp%2Fv2%2Fcategories&post=46854"},{"taxonomy":"post_tag","embeddable":true,"href":"https:\/\/historiografija.hr\/index.php?rest_route=%2Fwp%2Fv2%2Ftags&post=46854"}],"curies":[{"name":"wp","href":"https:\/\/api.w.org\/{rel}","templated":true}]}}