{"id":46849,"date":"2025-06-09T09:20:59","date_gmt":"2025-06-09T09:20:59","guid":{"rendered":"https:\/\/historiografija.hr\/?p=46849"},"modified":"2025-06-09T09:20:59","modified_gmt":"2025-06-09T09:20:59","slug":"izlozba-femme-archival-zenski-glasovi-iz-arhiva-u-sarajevu","status":"publish","type":"post","link":"https:\/\/historiografija.hr\/?p=46849","title":{"rendered":"Izlo\u017eba \u201eFemme Archival \u2013 \u017denski glasovi iz arhiva\u201c u Sarajevu"},"content":{"rendered":"\n<p>Historijski arhiv Sarajevo otvara izlo\u017ebu <em><strong>Femme Archival <\/strong><\/em><strong>\u2013 \u017denski glasovi iz arhiva<\/strong>, autorica Almire Aliba\u0161i\u0107 i Elme Dervi\u0161begovi\u0107, vi\u0161ih arhivistica Historijskog arhiva Sarajevo. Izlo\u017eba se predstavlja u okviru obilje\u017eavanja Me\u0111unarodnog dana arhiva, 9. juna, i u okviru Me\u0111unarodne sedmice arhiva. &nbsp;Otvorenje je planirano u <strong>ponedjeljak, 9. juna 2025. godine u 13:00<\/strong>&nbsp;<strong>h<\/strong> u prostoru Brusa bezistana, depandansa Muzeja Sarajeva, na adresi Abad\u017eiluk 10.<\/p>\n\n\n\n<p>Izlo\u017eba govori o \u017eenama \u010diji su \u017eivoti, djela i glasovi sa\u010duvani u arhivskoj gra\u0111i. Uz ovogodi\u0161nju me\u0111unarodnu manifestaciju svjetskih arhiva i njen vode\u0107i moto \u2013<em>Archives are Accessible\/Archives for Everyone <\/em>&#8211; <em>Arhivi su dostupni\/Arhivi za sve<\/em>, izlo\u017eba donosi presjek \u017eenskog prisustva u arhivu \u2014 kroz dokumente, rukopise, oporuke, pisma, potvrde, domovnice, memoare, drame, pjesme, novinske zapise, slu\u017ebene dokumente i druge spise koji svjedo\u010de o slojevitim ulogama koje su \u017eene imale u pro\u0161losti, ali i o njihovoj borbi da o\u010duvaju svoje mjesto u dru\u0161tvenom, pravnom i kulturnom prostoru Sarajeva. Koncipirana u dvije tematske cjeline, izlo\u017eba s jedne strane prikazuje \u017eene u osmanskom Sarajevu kroz gra\u0111u iz Orijentalne zbirke, a s druge donosi portrete pet istaknutih \u017eena iz novije pro\u0161losti kroz izlaganje dokumenata iz njihovih li\u010dnih fondova.<\/p>\n\n\n\n<p>Kao \u010dlan Me\u0111unarodnog arhivskog vije\u0107a (<em>International Council on Archives <\/em>\/ <em>ICA<\/em>), JU Historijski arhiv Sarajevo se na ovaj na\u010din pridru\u017euje velikoj porodici svjetskih arhiva koji koriste ovu Sedmicu arhiva i Me\u0111unarodni dan arhiva da kroz svoje aktivnosti skrenu pa\u017enju javnosti na svoje djelovanje i zna\u010dajnu ulogu u dru\u0161tvu.<\/p>\n\n\n\n<p>Iz autorskog teksta o izlo\u017ebi:<\/p>\n\n\n\n<p><em>&#8220;<strong>Femme Archival \u2013 \u017denski glasovi iz arhiva <\/strong>otvara prostor za dublje razumijevanje \u017eenske pro\u0161losti, ne kao zabilje\u0161ke na marginama, ve\u0107 kao sredi\u0161njeg dijela dru\u0161tvenog pam\u0107enja. Dokumenti koje predstavljamo nisu samo svjedo\u010danstva o pojedincima, ve\u0107 i dokaz o opstanku \u017eenskog iskustva u arhivu \u2014 tihog, ali postojanog. Cilj izlo\u017ebe nije samo prezentacija historijskih dokumenata i \u017eenskih fondova, ve\u0107 i podsticanje promi\u0161ljanja o historijskoj ulozi \u017eene, njenim pravima i borbi za ravnopravnost kroz arhivski materijal koji nadilazi vremenske okvire i otvara prostor za savremene refleksije. Cilj je i predstaviti arhivske dokumente i fondove \u017eenske provenijencije u Historijskom arhivu Sarajevo, kao primarne historijske izvore, koji mogu biti kori\u0161teni za istra\u017eivanja u kontekstu \u017eenskih studija, kao i za sva ostala istra\u017eivanja, jer svi ovi dokumenti pri\u010daju pri\u010de, otvaraju pristup \u017eenskom do\u017eivljaju i iskustvu \u017eivota i svijeta&#8230;.&#8221;<\/em><\/p>\n\n\n\n<p>Izlo\u017eba \u0107e biti dostupna za javnost u <strong>Brusa bezistanu od<\/strong> <strong>09. do 17. juna<\/strong>, u vremenu od <strong>9:00 do 17:00 sati<\/strong>.<\/p>\n\n\n\n<hr class=\"wp-block-separator has-alpha-channel-opacity\"\/>\n\n\n\n<p>Preneseno s portala <strong>Historiografija.ba<\/strong>:<\/p>\n\n\n\n<p><a href=\"https:\/\/historiografija.ba\/historija-u-javnosti\/dogadjaji\/zenski-glasovi-iz-arhiva\">https:\/\/historiografija.ba\/historija-u-javnosti\/dogadjaji\/zenski-glasovi-iz-arhiva<\/a><\/p>\n\n\n\n<hr class=\"wp-block-separator has-alpha-channel-opacity\"\/>\n","protected":false},"excerpt":{"rendered":"","protected":false},"author":2,"featured_media":46850,"comment_status":"open","ping_status":"open","sticky":false,"template":"","format":"standard","meta":{"_acf_changed":false,"jetpack_post_was_ever_published":false,"_jetpack_newsletter_access":"","_jetpack_dont_email_post_to_subs":false,"_jetpack_newsletter_tier_id":0,"_jetpack_memberships_contains_paywalled_content":false,"_jetpack_memberships_contains_paid_content":false,"footnotes":"","jetpack_publicize_message":"","jetpack_publicize_feature_enabled":true,"jetpack_social_post_already_shared":true,"jetpack_social_options":{"image_generator_settings":{"template":"highway","default_image_id":0,"font":"","enabled":false},"version":2}},"categories":[10,3],"tags":[],"class_list":["post-46849","post","type-post","status-publish","format-standard","has-post-thumbnail","hentry","category-izlozbe","category-novosti"],"acf":{"facebook_opis":""},"jetpack_publicize_connections":[],"jetpack_featured_media_url":"https:\/\/i0.wp.com\/historiografija.hr\/wp-content\/uploads\/2025\/06\/glasovi-zena-izlozba.jpg?fit=555%2C250&ssl=1","jetpack_sharing_enabled":true,"jetpack-related-posts":[],"_links":{"self":[{"href":"https:\/\/historiografija.hr\/index.php?rest_route=\/wp\/v2\/posts\/46849","targetHints":{"allow":["GET"]}}],"collection":[{"href":"https:\/\/historiografija.hr\/index.php?rest_route=\/wp\/v2\/posts"}],"about":[{"href":"https:\/\/historiografija.hr\/index.php?rest_route=\/wp\/v2\/types\/post"}],"author":[{"embeddable":true,"href":"https:\/\/historiografija.hr\/index.php?rest_route=\/wp\/v2\/users\/2"}],"replies":[{"embeddable":true,"href":"https:\/\/historiografija.hr\/index.php?rest_route=%2Fwp%2Fv2%2Fcomments&post=46849"}],"version-history":[{"count":1,"href":"https:\/\/historiografija.hr\/index.php?rest_route=\/wp\/v2\/posts\/46849\/revisions"}],"predecessor-version":[{"id":46851,"href":"https:\/\/historiografija.hr\/index.php?rest_route=\/wp\/v2\/posts\/46849\/revisions\/46851"}],"wp:featuredmedia":[{"embeddable":true,"href":"https:\/\/historiografija.hr\/index.php?rest_route=\/wp\/v2\/media\/46850"}],"wp:attachment":[{"href":"https:\/\/historiografija.hr\/index.php?rest_route=%2Fwp%2Fv2%2Fmedia&parent=46849"}],"wp:term":[{"taxonomy":"category","embeddable":true,"href":"https:\/\/historiografija.hr\/index.php?rest_route=%2Fwp%2Fv2%2Fcategories&post=46849"},{"taxonomy":"post_tag","embeddable":true,"href":"https:\/\/historiografija.hr\/index.php?rest_route=%2Fwp%2Fv2%2Ftags&post=46849"}],"curies":[{"name":"wp","href":"https:\/\/api.w.org\/{rel}","templated":true}]}}