{"id":46845,"date":"2025-06-06T20:27:10","date_gmt":"2025-06-06T20:27:10","guid":{"rendered":"https:\/\/historiografija.hr\/?p=46845"},"modified":"2025-06-06T20:27:10","modified_gmt":"2025-06-06T20:27:10","slug":"predavanje-josipa-banica-obitelj-castropola-i-srednjovjekovna-pula-uspon-i-pad-jedne-istarske-sinjorije-u-puli","status":"publish","type":"post","link":"https:\/\/historiografija.hr\/?p=46845","title":{"rendered":"Predavanje Josipa Bani\u0107a \u201cObitelj Castropola i srednjovjekovna Pula: uspon i pad jedne istarske sinjorije\u201d u Puli"},"content":{"rendered":"\n<p>U ponedjeljak, 9. lipnja 2025., s po\u010detkom u 18 sati, u Gradskoj knji\u017enici i \u010ditaonici Pula, dr. sc. Josip Bani\u0107 odr\u017eat \u0107e predavanje pod naslovom \u201cObitelj Castropola i srednjovjekovna Pula: uspon i pad jedne istarske sinjorije\u201d. Predavanje se odr\u017eava u sklopu ciklusa javnih predavanja koji Odsjek za povijest Filozofskog fakulteta Sveu\u010dili\u0161ta Jurja Dobrile u Puli organizira povodom tridesete godi\u0161njice svog djelovanja, u suradnji s Gradskom knji\u017enicom i \u010ditaonicom Pula. U okviru ciklusa profesori i suradnici Odsjeka izla\u017eu o temama iz svojega znanstvenog i nastavnog rada.<\/p>\n\n\n\n<p>O predavanju:<\/p>\n\n\n\n<p>U sredi\u0161tu predavanja bit \u0107e politi\u010dka i dru\u0161tvena preobrazba Pule tijekom 13. i 14. stolje\u0107a \u2013 razdoblja kada lokalna aristokratska obitelj Castropola s iznimnom politi\u010dkom pronicljivo\u0161\u0107u postupno preuzima vlast nad gradom i stvara jedinu poznatu istarsku gradsku sinjoriju. Pad i dramati\u010dan izgon obitelji Castropola 1331. ozna\u010dava kraj njihove vladavine i po\u010detak trajnog uklju\u010denja Pule u mleta\u010dku sferu mo\u0107i.<\/p>\n\n\n\n<p>Poseban naglasak bit \u0107e stavljen na novootkrivene povijesne izvore prona\u0111ene tijekom arhivskih istra\u017eivanja u sklopu znanstvenog projekta Fontes Istrie medievalis, koji \u0107e ovom prilikom tako\u0111er biti detaljno predstavljen.<\/p>\n\n\n\n<p>O predava\u010du:<\/p>\n\n\n\n<p>Josip Bani\u0107 doktor je srednjovjekovnih studija i znanstveni suradnik pri Institutu za povijesne studije ZRS Koper. Glavni je istra\u017eiva\u010d na projektu Fontes Istrie medievalis pri Filozofskom fakultetu Sveu\u010dili\u0161ta u Rijeci. Njegova istra\u017eivanja usmjerena su na politi\u010dke, pravne i dru\u0161tvene strukture srednjovjekovnog sjevernog Jadrana. Autor je brojnih znanstvenih radova te nagra\u0111ene monografije Barmecidal Margraviate (2023). Od 2021. do 2024. bio je poslijedoktorand i suradnik na projektu Hrvatske zaklade za znanost na Odsjeku za povijest Filozofskog fakulteta u Puli.<\/p>\n\n\n\n<p>Predavanje se odr\u017eava u sklopu istra\u017eiva\u010dkog projekta Fontes Istrie medievalis, u kojem je partner i Istarsko povijesno dru\u0161tvo \u2013 Societ\u00e0 storica istriana.<\/p>\n\n\n\n<p><a href=\"https:\/\/ipd-ssi.hr\/wp-content\/uploads\/2025\/06\/30godpov_Banic_pozivnica.pdf\">Pozivnica<\/a><\/p>\n\n\n\n<hr class=\"wp-block-separator has-alpha-channel-opacity\"\/>\n\n\n\n<p>Izvor:<\/p>\n\n\n\n<figure class=\"wp-block-embed is-type-wp-embed is-provider-istarsko-povijesno-dru-tvo-societ-storica-istriana wp-block-embed-istarsko-povijesno-dru-tvo-societ-storica-istriana\"><div class=\"wp-block-embed__wrapper\">\n<blockquote class=\"wp-embedded-content\" data-secret=\"s7xpiL427t\"><a href=\"https:\/\/ipd-ssi.hr\/2025\/06\/06\/predavanje-josipa-banica-obitelj-castropola-i-srednjovjekovna-pula-uspon-i-pad-jedne-istarske-sinjorije-u-puli\/\">Predavanje Josipa Bani\u0107a &#8220;Obitelj Castropola i srednjovjekovna Pula: uspon i pad jedne istarske sinjorije&#8221; u Puli<\/a><\/blockquote><iframe loading=\"lazy\" class=\"wp-embedded-content\" sandbox=\"allow-scripts\" security=\"restricted\" style=\"position: absolute; visibility: hidden;\" title=\"&#8220;Predavanje Josipa Bani\u0107a &#8220;Obitelj Castropola i srednjovjekovna Pula: uspon i pad jedne istarske sinjorije&#8221; u Puli&#8221; &#8212; Istarsko povijesno dru\u0161tvo - Societ\u00e0 Storica Istriana\" src=\"https:\/\/ipd-ssi.hr\/2025\/06\/06\/predavanje-josipa-banica-obitelj-castropola-i-srednjovjekovna-pula-uspon-i-pad-jedne-istarske-sinjorije-u-puli\/embed\/#?secret=EudJLpvQER#?secret=s7xpiL427t\" data-secret=\"s7xpiL427t\" width=\"600\" height=\"338\" frameborder=\"0\" marginwidth=\"0\" marginheight=\"0\" scrolling=\"no\"><\/iframe>\n<\/div><\/figure>\n\n\n\n<hr class=\"wp-block-separator has-alpha-channel-opacity\"\/>\n","protected":false},"excerpt":{"rendered":"","protected":false},"author":2,"featured_media":46846,"comment_status":"open","ping_status":"open","sticky":false,"template":"","format":"standard","meta":{"_acf_changed":false,"jetpack_post_was_ever_published":false,"_jetpack_newsletter_access":"","_jetpack_dont_email_post_to_subs":false,"_jetpack_newsletter_tier_id":0,"_jetpack_memberships_contains_paywalled_content":false,"_jetpack_memberships_contains_paid_content":false,"footnotes":"","jetpack_publicize_message":"","jetpack_publicize_feature_enabled":true,"jetpack_social_post_already_shared":true,"jetpack_social_options":{"image_generator_settings":{"template":"highway","default_image_id":0,"font":"","enabled":false},"version":2}},"categories":[3],"tags":[],"class_list":["post-46845","post","type-post","status-publish","format-standard","has-post-thumbnail","hentry","category-novosti"],"acf":{"facebook_opis":""},"jetpack_publicize_connections":[],"jetpack_featured_media_url":"https:\/\/i0.wp.com\/historiografija.hr\/wp-content\/uploads\/2025\/06\/Banic_pozivnica.jpg?fit=700%2C441&ssl=1","jetpack_sharing_enabled":true,"jetpack-related-posts":[],"_links":{"self":[{"href":"https:\/\/historiografija.hr\/index.php?rest_route=\/wp\/v2\/posts\/46845","targetHints":{"allow":["GET"]}}],"collection":[{"href":"https:\/\/historiografija.hr\/index.php?rest_route=\/wp\/v2\/posts"}],"about":[{"href":"https:\/\/historiografija.hr\/index.php?rest_route=\/wp\/v2\/types\/post"}],"author":[{"embeddable":true,"href":"https:\/\/historiografija.hr\/index.php?rest_route=\/wp\/v2\/users\/2"}],"replies":[{"embeddable":true,"href":"https:\/\/historiografija.hr\/index.php?rest_route=%2Fwp%2Fv2%2Fcomments&post=46845"}],"version-history":[{"count":1,"href":"https:\/\/historiografija.hr\/index.php?rest_route=\/wp\/v2\/posts\/46845\/revisions"}],"predecessor-version":[{"id":46847,"href":"https:\/\/historiografija.hr\/index.php?rest_route=\/wp\/v2\/posts\/46845\/revisions\/46847"}],"wp:featuredmedia":[{"embeddable":true,"href":"https:\/\/historiografija.hr\/index.php?rest_route=\/wp\/v2\/media\/46846"}],"wp:attachment":[{"href":"https:\/\/historiografija.hr\/index.php?rest_route=%2Fwp%2Fv2%2Fmedia&parent=46845"}],"wp:term":[{"taxonomy":"category","embeddable":true,"href":"https:\/\/historiografija.hr\/index.php?rest_route=%2Fwp%2Fv2%2Fcategories&post=46845"},{"taxonomy":"post_tag","embeddable":true,"href":"https:\/\/historiografija.hr\/index.php?rest_route=%2Fwp%2Fv2%2Ftags&post=46845"}],"curies":[{"name":"wp","href":"https:\/\/api.w.org\/{rel}","templated":true}]}}