{"id":46841,"date":"2025-06-06T20:21:10","date_gmt":"2025-06-06T20:21:10","guid":{"rendered":"https:\/\/historiografija.hr\/?p=46841"},"modified":"2025-06-06T20:21:10","modified_gmt":"2025-06-06T20:21:10","slug":"medunarodni-tjedan-arhiva-drzavni-arhiv-u-zadru-predstavljanje-novih-izdanja","status":"publish","type":"post","link":"https:\/\/historiografija.hr\/?p=46841","title":{"rendered":"Me\u0111unarodni tjedan arhiva \u2013 Dr\u017eavni arhiv u Zadru: Predstavljanje novih izdanja"},"content":{"rendered":"\n<p>U prigodi ovogodi\u0161njeg Me\u0111unarodnog tjedna arhiva, Dr\u017eavni arhiv u Zadru prire\u0111uje predstavljanje svojih izdava\u010dkih noviteta. U utorak, 10. lipnja u 12,00 sati predstavit \u0107e se knjiga \u201cSrednjovjekovni spisi zadarskoga Sudbenoga dvora konzula i mora, Sv. I.\u201d, koju je priredio Tomislav Popi\u0107. Predstavlja\u010di su Mladen An\u010di\u0107 i Antun Neki\u0107.<\/p>\n\n\n\n<p>U knjizi se publiciraju zapisnici Sudbenoga dvora konzula i mora (Acta Curie consulum et maris civitatis Iadre) koje prati uvodna studija te kazala imena i mjesta. Rije\u010d je o izvornom arhivskom gradivu koje je sa\u010duvano za period od 1385. do 1423. godine, a \u010duva se u Dr\u017eavnom arhivu u Zadru. Spisi se uglavnom nalaze u sklopu zasebnoga arhivskoga fonda (HR-DAZD-24, Op\u0107ina\/Komuna Zadra, Pomorski sud), koji \u010dini jedna kutija dokumenata s ukupno 365 listova. Gra\u0111a je iz pozicije povijesne znanosti izuzetno va\u017ena iz vi\u0161e razloga. Prije svega, rije\u010d je o zapisnicima sporova koji su krajnje slabo sa\u010duvani za druge gradove na isto\u010dnojadranskoj obali i otocima pa stoga predstavljaju prvorazredno vrelo i izniman komparativni materijal. Osim toga, gra\u0111a nudi potpuno novu dimenziju zbivanja koja se iz bilje\u017eni\u010dkih spisa naj\u010de\u0161\u0107e ne nazire i anulira privid o tome da su svi poslovi zavr\u0161avali uspje\u0161no. Od izdavanja gra\u0111e korist \u0107e prvenstveno imati medievisti i drugi povjesni\u010dari zainteresirani za dru\u0161tvenu, gospodarsku, pravnu i\/ili svakodnevnu povijest srednjovjekovnih zajednica.<\/p>\n\n\n\n<p>Uvodna studija i sa\u017eetci dokumenata objavljeni su na hrvatskom i talijanskom jeziku.<\/p>\n\n\n\n<p>Sutradan, u srijedu 11. lipnja, u 12,00 sati priredit \u0107e se predstavljanje dvije knjige koje je Dr\u017eavni arhiv u Zadru priredio u sunakladni\u0161tvu s Hrvatskim institutom za povijest.<\/p>\n\n\n\n<p>Prvi naslov je \u201cSpisi prihoda i rashoda srednjovjekovnih isto\u010dnojadranskih gradova\u201d Sv. I. Split i Trogir, koju su priredili: Ivan Majnari\u0107 i Ante Be\u0107ir. Knjigu \u0107e predstaviti autor Ivan Majnari\u0107 i Tomislav Popi\u0107.<\/p>\n\n\n\n<p>U izdanju je objavljeno arhivsko gradivo koje se odnosi na najstarije sa\u010duvane prihode i rashode (tzv. ra\u010dunske spise) kasnosrednjovjekovnih isto\u010dnojadranskih op\u0107ina. Rije\u010d je o bitnim povijesnim izvorima koji dosad nisu primjereno valorizirani, odnosno nisu objavljeni i posljedi\u010dno uglavnom nisu znanstveno rabljeni.<\/p>\n\n\n\n<p>Splitski i trogirski kasnosrednjovjekovni spisi op\u0107inskih prihoda i rashoda \u010duvaju se u Dr\u017eavnom arhivu u Zadru, izuzev sve\u0161\u010di\u0107a u Muzeju grada Trogira. Korpus razmatranih splitskih spisa prihoda i rashoda sa\u010duvan je u 11 svezaka arhivskog gradiva, a onih trogirskih u trima svescima, od kojih je jedan slabo poznat i me\u0111u u\u017eim krugom stru\u010dnjaka. Njihova objava pru\u017eit \u0107e povjesni\u010darima mnogobrojne mogu\u0107nosti istra\u017eivanja, ponajprije materijalnih resursa isto\u010dnojadranskih op\u0107ina.<\/p>\n\n\n\n<p>Uvodni tekstovi i sa\u017eetci dokumenata u ovom su izdanju objavljeni na hrvatskom i talijanskom jeziku.<\/p>\n\n\n\n<p>Druga knjiga nosi naslov \u201c\u017divot dalmatinskog grada u 17. stolje\u0107u: dru\u0161tvo i svakodnevica Zadra u pozadini vojnih zbivanja za vrijeme Kandijskog rata (1645.\u20131669.)\u201d, autora Filip Novosela. Predstavit \u0107e je sam autor i Lovorka \u010corali\u0107.<\/p>\n\n\n\n<p>Ovo izdanje temelji se prvenstveno na arhivskom gradivu iz Dr\u017eavnog Arhiva u Zadru i Archivio di Stato di Venezia. Oslanjaju\u0107i arhivska istra\u017eivanja na metodolo\u0161ke i teorijske postavke proiza\u0161le iz suvremenih znanstvenih kretanja urbane povijesti kao historiografske poddiscipline, urbano dru\u0161tvo Zadra postavljeno je tako u jedan \u0161iri kontekst jadranskog bazena, a time i \u010ditavog Sredozemlja. Stoga, baziraju\u0107i se na bogatom arhivskom gradivu i dostignu\u0107ima suvremene historiografije, osnovni cilj ove knjige jest detaljno analizirati i rekonstruirati urbani prostor Zadra kao jednog od najva\u017enijih i najprosperitetnijih gradova na prostoru isto\u010dnojadranske obale u nastojanjima da se ovom, po svojim karakteristikama prvenstveno mikro-historijskom studijom pridonese boljem razumijevanju povijesnih procesa koji su oblikovali sliku \u010ditavog urbanog svijeta Sredozemlja u razdoblju ranog novog vijeka.<\/p>\n\n\n\n<hr class=\"wp-block-separator has-alpha-channel-opacity\"\/>\n\n\n\n<p>Mjesto: Zadar<\/p>\n\n\n\n<p>Lokacija: \u010citaonica Dr\u017eavnog arhiva u Zadru, R. Bo\u0161kovi\u0107a 1<\/p>\n\n\n\n<p>Vrijeme: 10. i 11. lipnja 2025. u 12:00<\/p>\n\n\n\n<hr class=\"wp-block-separator has-alpha-channel-opacity\"\/>\n\n\n\n<p>Izvori:<\/p>\n\n\n\n<p><a href=\"https:\/\/www.dazd.hr\/hr\/predstavljanje\/medunarodni-tjedan-arhiva-2025-u-drzavnom-arhivu-u-zadru-10-i-11-lipnja\/27\">https:\/\/www.dazd.hr\/hr\/predstavljanje\/medunarodni-tjedan-arhiva-2025-u-drzavnom-arhivu-u-zadru-10-i-11-lipnja\/27<\/a><\/p>\n\n\n\n<figure class=\"wp-block-embed is-type-wp-embed is-provider-hipzg wp-block-embed-hipzg\"><div class=\"wp-block-embed__wrapper\">\n<blockquote class=\"wp-embedded-content\" data-secret=\"HpbeNdIsoy\"><a href=\"https:\/\/www.hipzg.hr\/10-i-11-lipnja-medunarodni-tjedan-arhiva\/\">10. i 11. lipnja 2025. ME\u0110UNARODNI TJEDAN ARHIVA &#8211; Dr\u017eavni arhiv u Zadru<\/a><\/blockquote><iframe loading=\"lazy\" class=\"wp-embedded-content\" sandbox=\"allow-scripts\" security=\"restricted\" style=\"position: absolute; visibility: hidden;\" title=\"&#8220;10. i 11. lipnja 2025. ME\u0110UNARODNI TJEDAN ARHIVA &#8211; Dr\u017eavni arhiv u Zadru&#8221; &#8212; HIPZG\" src=\"https:\/\/www.hipzg.hr\/10-i-11-lipnja-medunarodni-tjedan-arhiva\/embed\/#?secret=JrzLuMSbk9#?secret=HpbeNdIsoy\" data-secret=\"HpbeNdIsoy\" width=\"600\" height=\"338\" frameborder=\"0\" marginwidth=\"0\" marginheight=\"0\" scrolling=\"no\"><\/iframe>\n<\/div><\/figure>\n\n\n\n<hr class=\"wp-block-separator has-alpha-channel-opacity\"\/>\n","protected":false},"excerpt":{"rendered":"","protected":false},"author":2,"featured_media":46842,"comment_status":"open","ping_status":"open","sticky":false,"template":"","format":"standard","meta":{"_acf_changed":false,"jetpack_post_was_ever_published":false,"_jetpack_newsletter_access":"","_jetpack_dont_email_post_to_subs":false,"_jetpack_newsletter_tier_id":0,"_jetpack_memberships_contains_paywalled_content":false,"_jetpack_memberships_contains_paid_content":false,"footnotes":"","jetpack_publicize_message":"","jetpack_publicize_feature_enabled":true,"jetpack_social_post_already_shared":true,"jetpack_social_options":{"image_generator_settings":{"template":"highway","default_image_id":0,"font":"","enabled":false},"version":2}},"categories":[3],"tags":[],"class_list":["post-46841","post","type-post","status-publish","format-standard","has-post-thumbnail","hentry","category-novosti"],"acf":{"facebook_opis":""},"jetpack_publicize_connections":[],"jetpack_featured_media_url":"https:\/\/i0.wp.com\/historiografija.hr\/wp-content\/uploads\/2025\/06\/Pozivnica-MDA.jpg?fit=960%2C457&ssl=1","jetpack_sharing_enabled":true,"jetpack-related-posts":[],"_links":{"self":[{"href":"https:\/\/historiografija.hr\/index.php?rest_route=\/wp\/v2\/posts\/46841","targetHints":{"allow":["GET"]}}],"collection":[{"href":"https:\/\/historiografija.hr\/index.php?rest_route=\/wp\/v2\/posts"}],"about":[{"href":"https:\/\/historiografija.hr\/index.php?rest_route=\/wp\/v2\/types\/post"}],"author":[{"embeddable":true,"href":"https:\/\/historiografija.hr\/index.php?rest_route=\/wp\/v2\/users\/2"}],"replies":[{"embeddable":true,"href":"https:\/\/historiografija.hr\/index.php?rest_route=%2Fwp%2Fv2%2Fcomments&post=46841"}],"version-history":[{"count":1,"href":"https:\/\/historiografija.hr\/index.php?rest_route=\/wp\/v2\/posts\/46841\/revisions"}],"predecessor-version":[{"id":46843,"href":"https:\/\/historiografija.hr\/index.php?rest_route=\/wp\/v2\/posts\/46841\/revisions\/46843"}],"wp:featuredmedia":[{"embeddable":true,"href":"https:\/\/historiografija.hr\/index.php?rest_route=\/wp\/v2\/media\/46842"}],"wp:attachment":[{"href":"https:\/\/historiografija.hr\/index.php?rest_route=%2Fwp%2Fv2%2Fmedia&parent=46841"}],"wp:term":[{"taxonomy":"category","embeddable":true,"href":"https:\/\/historiografija.hr\/index.php?rest_route=%2Fwp%2Fv2%2Fcategories&post=46841"},{"taxonomy":"post_tag","embeddable":true,"href":"https:\/\/historiografija.hr\/index.php?rest_route=%2Fwp%2Fv2%2Ftags&post=46841"}],"curies":[{"name":"wp","href":"https:\/\/api.w.org\/{rel}","templated":true}]}}