{"id":46838,"date":"2025-06-06T20:14:14","date_gmt":"2025-06-06T20:14:14","guid":{"rendered":"https:\/\/historiografija.hr\/?p=46838"},"modified":"2025-06-06T20:22:02","modified_gmt":"2025-06-06T20:22:02","slug":"poziv-na-predavanje-povijesni-kontekst-golog-otoka-uz-osvrt-na-nememorijalizaciju","status":"publish","type":"post","link":"https:\/\/historiografija.hr\/?p=46838","title":{"rendered":"Poziv na predavanje \u201dPovijesni kontekst Golog otoka uz osvrt na (ne)memorijalizaciju\u201d"},"content":{"rendered":"\n<p><strong>[10.06.2025., 18:00 sati, MSU Zagreb]<\/strong><\/p>\n\n\n\n<p>Pozivamo vas na predavanje povjesni\u010dara dr. sc. Martina Previ\u0161i\u0107a, koje se odr\u017eava u sklopu izlo\u017ebe Andreje Kulun\u010di\u0107 \u2013 \u201d\u010ciniti svijet boljim mjestom\u201d.<\/p>\n\n\n\n<p>U utorak, 10. lipnja autor knjige \u201dPovijest Golog otoka\u201d prof. dr. sc. Martin Previ\u0161i\u0107, odr\u017eat \u0107e predavanje o logoru na Golom otoku. Logor na Golom otoku bio je mjesto na kojem je tijekom sukoba sa Staljinom internirano vi\u0161e od 13 000 osoba, izlo\u017eenih raznim oblicima torture.<\/p>\n\n\n\n<p>Ka\u017enjenici, organizirani u fiktivnu logora\u0161ku samoupravu, bili su prisiljeni zlostavljati jedni druge, \u0161to je ostavilo duboke i trajne posljedice. Ni nakon izlaska iz logora nisu bili po\u0161te\u0111eni \u2013 biv\u0161i logora\u0161i trpjeli su pritiske Udbe, suo\u010davali se s dru\u0161tvenom stigmatizacijom i egzistencijalnim problemima. Ostaci logora, mjesta gdje je umrlo oko 400 osoba, danas su prepu\u0161teni propadanju, bez jasne dr\u017eavne politike koja bi osigurala njegovo dostojno komemoriranje.<\/p>\n\n\n\n<p>Prije predavanja, koje \u0107e po\u010deti u 18 sati, mo\u017eete sudjelovati i u akciji izrade figurica \u2013 Antispomenika \u201d850 \u017eena za 850\u201d \u017eena s umjetnicom Andrejom Kulun\u010di\u0107 s po\u010detkom u 17 sati \u2013 svaka je figurica posveta jednoj od mu\u010denih \u017eena u logorima na Golom otoku i Svetom Grguru.<\/p>\n\n\n\n<hr class=\"wp-block-separator has-alpha-channel-opacity\"\/>\n\n\n\n<p>Program je besplatan uz kupljenu ulaznicu za izlo\u017ebu.<\/p>\n\n\n\n<p>Na linku pogledajte cjelokupni program izlo\u017ebe: <\/p>\n\n\n\n<p><a href=\"http:\/\/www.msu.hr\/dogadanja\/popis-doga-anja-uz-izlozbu-andreja-kuluncic-ciniti-svijet-boljim-mjestom\/1701\/hr.html\">http:\/\/www.msu.hr\/dogadanja\/popis-doga-anja-uz-izlozbu-andreja-kuluncic-ciniti-svijet-boljim-mjestom\/1701\/hr.html<\/a><\/p>\n\n\n\n<p>Prijavite se za primanje vijesti o programima uz izlo\u017ebu Andreje Kulun\u010di\u0107 ispunjavanjem obrasca: <\/p>\n\n\n\n<p><a href=\"https:\/\/form.jotform.com\/251263927959370\">https:\/\/form.jotform.com\/251263927959370<\/a><\/p>\n\n\n\n<hr class=\"wp-block-separator has-alpha-channel-opacity\"\/>\n\n\n\n<p>\u201dVi ste Partiju izdale onda kada je trebalo da joj pomognete\u201d \u2013 realiziran u suradnji s Documentom \u2013 Centar za suo\u010davanje s pro\u0161lo\u0161\u0107u kao dio projekta \u201d(In)Visible Traces. Artistic memories of the Cold War\u201d uz potporu Europske unije putem programa Kreativna Europa (kustosice projekta Irena Beki\u0107 i Anca Verona Mihulet).<\/p>\n\n\n\n<hr class=\"wp-block-separator has-alpha-channel-opacity\"\/>\n\n\n\n<p>Izvor:<\/p>\n\n\n\n<figure class=\"wp-block-embed is-type-wp-embed is-provider-documenta wp-block-embed-documenta\"><div class=\"wp-block-embed__wrapper\">\n<blockquote class=\"wp-embedded-content\" data-secret=\"rKQc6kW4jU\"><a href=\"https:\/\/documenta.hr\/novosti\/poziv-na-predavanje-povijesni-kontekst-golog-otoka-uz-osvrt-na-nememorijalizaciju\/\">Poziv na predavanje &#8221;Povijesni kontekst Golog otoka uz osvrt na (ne)memorijalizaciju&#8221;<\/a><\/blockquote><iframe loading=\"lazy\" class=\"wp-embedded-content\" sandbox=\"allow-scripts\" security=\"restricted\" style=\"position: absolute; visibility: hidden;\" title=\"&#8220;Poziv na predavanje &#8221;Povijesni kontekst Golog otoka uz osvrt na (ne)memorijalizaciju&#8221;&#8221; &#8212; Documenta\" src=\"https:\/\/documenta.hr\/novosti\/poziv-na-predavanje-povijesni-kontekst-golog-otoka-uz-osvrt-na-nememorijalizaciju\/embed\/#?secret=rKQc6kW4jU\" data-secret=\"rKQc6kW4jU\" width=\"600\" height=\"338\" frameborder=\"0\" marginwidth=\"0\" marginheight=\"0\" scrolling=\"no\"><\/iframe>\n<\/div><\/figure>\n\n\n\n<hr class=\"wp-block-separator has-alpha-channel-opacity\"\/>\n","protected":false},"excerpt":{"rendered":"","protected":false},"author":2,"featured_media":46839,"comment_status":"open","ping_status":"open","sticky":false,"template":"","format":"standard","meta":{"_acf_changed":false,"jetpack_post_was_ever_published":false,"_jetpack_newsletter_access":"","_jetpack_dont_email_post_to_subs":false,"_jetpack_newsletter_tier_id":0,"_jetpack_memberships_contains_paywalled_content":false,"_jetpack_memberships_contains_paid_content":false,"footnotes":"","jetpack_publicize_message":"","jetpack_publicize_feature_enabled":true,"jetpack_social_post_already_shared":true,"jetpack_social_options":{"image_generator_settings":{"template":"highway","default_image_id":0,"font":"","enabled":false},"version":2}},"categories":[3],"tags":[],"class_list":["post-46838","post","type-post","status-publish","format-standard","has-post-thumbnail","hentry","category-novosti"],"acf":{"facebook_opis":""},"jetpack_publicize_connections":[],"jetpack_featured_media_url":"https:\/\/i0.wp.com\/historiografija.hr\/wp-content\/uploads\/2025\/06\/Izlozba_predavanje.jpg?fit=937%2C703&ssl=1","jetpack_sharing_enabled":true,"jetpack-related-posts":[],"_links":{"self":[{"href":"https:\/\/historiografija.hr\/index.php?rest_route=\/wp\/v2\/posts\/46838","targetHints":{"allow":["GET"]}}],"collection":[{"href":"https:\/\/historiografija.hr\/index.php?rest_route=\/wp\/v2\/posts"}],"about":[{"href":"https:\/\/historiografija.hr\/index.php?rest_route=\/wp\/v2\/types\/post"}],"author":[{"embeddable":true,"href":"https:\/\/historiografija.hr\/index.php?rest_route=\/wp\/v2\/users\/2"}],"replies":[{"embeddable":true,"href":"https:\/\/historiografija.hr\/index.php?rest_route=%2Fwp%2Fv2%2Fcomments&post=46838"}],"version-history":[{"count":2,"href":"https:\/\/historiografija.hr\/index.php?rest_route=\/wp\/v2\/posts\/46838\/revisions"}],"predecessor-version":[{"id":46844,"href":"https:\/\/historiografija.hr\/index.php?rest_route=\/wp\/v2\/posts\/46838\/revisions\/46844"}],"wp:featuredmedia":[{"embeddable":true,"href":"https:\/\/historiografija.hr\/index.php?rest_route=\/wp\/v2\/media\/46839"}],"wp:attachment":[{"href":"https:\/\/historiografija.hr\/index.php?rest_route=%2Fwp%2Fv2%2Fmedia&parent=46838"}],"wp:term":[{"taxonomy":"category","embeddable":true,"href":"https:\/\/historiografija.hr\/index.php?rest_route=%2Fwp%2Fv2%2Fcategories&post=46838"},{"taxonomy":"post_tag","embeddable":true,"href":"https:\/\/historiografija.hr\/index.php?rest_route=%2Fwp%2Fv2%2Ftags&post=46838"}],"curies":[{"name":"wp","href":"https:\/\/api.w.org\/{rel}","templated":true}]}}