{"id":46829,"date":"2025-06-05T13:18:35","date_gmt":"2025-06-05T13:18:35","guid":{"rendered":"https:\/\/historiografija.hr\/?p=46829"},"modified":"2025-06-05T13:18:35","modified_gmt":"2025-06-05T13:18:35","slug":"poziv-za-predloge-saopstenja-i-panele-borba-za-institucije-zarobljena-drzava-napad-na-akademske-slobode-i-otpor","status":"publish","type":"post","link":"https:\/\/historiografija.hr\/?p=46829","title":{"rendered":"Poziv za predloge saop\u0161tenja i panele: Borba za institucije: zarobljena dr\u017eava, napad na akademske slobode i otpor"},"content":{"rendered":"\n<p>19. me\u0111unarodna godi\u0161nja konferencija Udru\u017eenja za politi\u010dke nauke Srbije&nbsp;<\/p>\n\n\n\n<p><strong>Borba za institucije: zarobljena dr\u017eava, napad na akademske slobode i otpor<\/strong><\/p>\n\n\n\n<p>Univerzitet u Beogradu \u2013 Fakultet politi\u010dkih nauka, 25\u201326. oktobar 2025.<\/p>\n\n\n\n<p><strong>Poziv za predloge saop\u0161tenja i panele<\/strong><\/p>\n\n\n\n<p>Pozivamo vas da se prijavite za u\u010de\u0161\u0107e na godi\u0161njoj me\u0111unarodnoj konferenciji Udru\u017eenja za politi\u010dke nauke Srbije \u2013 Sabor politikologa \u2013 koja \u0107e se odr\u017eati na Fakultetu politi\u010dkih nauka Univerziteta u Beogradu 25. i 26. oktobra 2025. godine.&nbsp;<\/p>\n\n\n\n<p>Ovu godinu u Srbiji obele\u017eile su studentske blokade i gra\u0111anski protesti koji su podstakli \u0161iru dru\u0161tvenu borbu za odgovornost institucija, vladavinu prava, autonomiju univerziteta i izgradnju solidarnosti izme\u0111u razli\u010ditih dru\u0161tvenih grupa. Imaju\u0107i u vidu ova de\u0161avanja, kao i doga\u0111aje u Gruziji, Turskoj, Francuskoj, Gr\u010dkoj, i globalne izazove nakon izbora Donalda Trampa za predsednika SAD, tema ovogodi\u0161nje konferencije je&nbsp;<strong>\u201eBorba za institucije: zarobljena dr\u017eava, napad na akademske slobode i otpor\u201c<\/strong>.<\/p>\n\n\n\n<p>Cilj konferencije je, s jedne strane, ispitivanje izazova i borbi kako&nbsp;unutar&nbsp;tako i&nbsp;&nbsp;&nbsp;protiv&nbsp;institucija u razli\u010ditim geopoliti\u010dkim i ekonomskim kontekstima. S druge strane, borbe&nbsp;za&nbsp;institucije su probudile nadanja razli\u010ditih dru\u0161tvenih aktera (gra\u0111ana, studenata, aktivista) da su dru\u0161tvene promene i pravda mogu\u0107e, \u0161to dodatno \u017eelimo da istra\u017eimo.&nbsp;<\/p>\n\n\n\n<p>Godina 2025. je zna\u010dajna za dru\u0161tveno anga\u017eovanje i borbu za pravdu i demokratiju u Srbiji. Istovremeno, nasle\u0111e 5. oktobra 2000. godine zahteva nove, sve\u017ee uvide i analize iz aktuelne perspektive. Cilj nam je da istra\u017eimo, izme\u0111u ostalog, mogu\u0107e veze i klju\u010dne razlike izme\u0111u masovnog organizovanja gra\u0111ana i politi\u010dkih aktera 2000. godine i studentskih i gra\u0111anskih protesta krajem 2024. i tokom 2025. godine.<\/p>\n\n\n\n<p>Posebno ohrabrujemo komparativna istra\u017eivanja koja povezuju proteste u razli\u010ditim delovima Balkana i \u0161ireg regiona, kao i analize mehanizama direktne demokratije u razli\u010ditim nacionalnim kontekstima. Reakcije vlasti na proteste se kre\u0107u od nasilne represije poput one u Turskoj, do strate\u0161ke ti\u0161ine i zanemarivanja. U nekim dr\u017eavama, poput Ma\u0111arske, akademske slobode su ozbiljno ugro\u017eene. \u017delimo da u\u010dimo iz tih razli\u010ditih iskustava i razumemo njihove posledice na otpor i institucionalnu transformaciju.<\/p>\n\n\n\n<p>Ovogodi\u0161nji Sabor politikologa \u0107e imati&nbsp;<strong>dva pozivna predavanja<\/strong>:<\/p>\n\n\n\n<p><strong>Pippa Norris<\/strong><br><em>Univerzitet Harvard (SAD)<\/em><\/p>\n\n\n\n<p><strong>Donatella della Porta<\/strong><br><em>Scuola Normale Superiore&nbsp;(Italija)<\/em><\/p>\n\n\n\n<p><strong>Mogu\u0107e tematske oblasti uklju\u010duju, iako nisu ograni\u010dene na:<\/strong><\/p>\n\n\n\n<ul class=\"wp-block-list\">\n<li>Autokratizacija, populizam i zarobljena dr\u017eava;<\/li>\n\n\n\n<li>Univerzitet, akademske slobode, visoko obrazovanja i nau\u010dni rad u doba (novih) autoritarnih re\u017eima;<\/li>\n\n\n\n<li>Studentski protesti i njihova uloga u demokratskim procesima;<\/li>\n\n\n\n<li>Civilno dru\u0161tvo, antipartizam i politi\u010dke partije;<\/li>\n\n\n\n<li>Refleksije na direktnu demokratiju unutar protesta;<\/li>\n\n\n\n<li>Institucionalne transformacije: izazovi, prilike i nadanja;<\/li>\n\n\n\n<li>Demokratski pokreti kao dru\u0161tveni i politi\u010dki akteri;<\/li>\n\n\n\n<li>25 godina nakon pada re\u017eima Slobodana Milo\u0161evi\u0107a;<\/li>\n\n\n\n<li>Nove mobilizacije i strategije grupa i organizacija za ljudska, \u017eenska i manjinska prava;<\/li>\n\n\n\n<li>Emocije u politi\u010dkim osporavanjima;<\/li>\n\n\n\n<li>Borba za institucije svetskog poretka u nastajanju: vrednosti i norme u okviru novog ure\u0111enja mo\u0107i;<\/li>\n\n\n\n<li>Sloboda medija i uloga novinara u demokratskim procesima;\u00a0<\/li>\n\n\n\n<li>Zna\u010daj digitalnih platformi i dru\u0161tvenih medija u osporavanjima autoritarnih re\u017eima.<\/li>\n<\/ul>\n\n\n\n<p><strong>Predlozi saop\u0161tenja i panela:<\/strong><\/p>\n\n\n\n<p>Predloge saop\u0161tenja i panela mo\u017eete poslati&nbsp;do 15. jula 2025.&nbsp;godine.&nbsp;<\/p>\n\n\n\n<p>Predlozi mogu biti na srpskom, engleskom ili nekom od jezika iz regiona.&nbsp;<\/p>\n\n\n\n<p>O\u010dekujemo predloge studenata i studentkinja postdiplomskih studija, postdoktoranada, zaposlenih na fakultetima i istra\u017eiva\u010dkim institutima, kao i prakti\u010dara iz razli\u010ditih oblasti, uklju\u010duju\u0107i politi\u010dke nauke, pravo, me\u0111unarodne odnose, javne politike, ekonomiju i druge srodne discipline.<\/p>\n\n\n\n<p><strong>Predlozi saop\u0161tenja<\/strong>&nbsp;treba da sadr\u017ee naslov, apstrakt do 250 re\u010di i 4\u20135 klju\u010dnih re\u010di, kao i kratku biografiju autora\/autorke (do 150 re\u010di, uklju\u010duju\u0107i i afilijaciju, zvanje i kontakt podatke).&nbsp;<\/p>\n\n\n\n<p><strong>Predlozi panela<\/strong>&nbsp;treba da sadr\u017ee naziv i kratak opis panela, do 100 re\u010di, tri ili \u010detiri predloga saop\u0161tenja koji \u0107e biti prezentovani u okviru panela, kao i ime diskutanta panela. Uz to, potrebno je uklju\u010diti i kratke biografije svih u\u010desnika panela. Predlozi za panele treba da budu dostavljeni u jednom formularu. Jedan autor\/autorka ne mo\u017ee da u\u010destvuje u vi\u0161e saop\u0161tenja na istom panelu.<\/p>\n\n\n\n<p>Sve predloge saop\u0161tenja i panela je potrebno dostaviti kroz onlajn formular za prijavu:<br><a href=\"https:\/\/docs.google.com\/forms\/d\/e\/1FAIpQLScOE0SOA1Ic3Y5xesxgZVUcmNV0R7BfqDuI2SjU257GTsOJTA\/viewform\">prijava saop\u0161tenja<\/a><br><a href=\"https:\/\/docs.google.com\/forms\/d\/e\/1FAIpQLSdMf8sCzhRGDHT1VnB_vINKtW3OkYnk-Cdi7GR_VDEOCtQh6g\/viewform\">prijava panela<\/a><\/p>\n\n\n\n<p>Obavesti\u0107emo sve zainteresovane u\u010desnike\/u\u010desnice o statusu njihove prijave&nbsp;<strong>do 31. jula 2025. godine<\/strong>.&nbsp;<\/p>\n\n\n\n<p>Za u\u010de\u0161\u0107e na konferenciji predvi\u0111ena je&nbsp;<strong>kotizacija u iznosu od 70 evra<\/strong>. Ukoliko je predlog saop\u0161tenja\/panela prihva\u0107en, kotizacija treba da bude upla\u0107ena najkasnije do 19. septembra 2025. godine. \u010clanovi i \u010dlanice UPNS, studenti\/studentkinje doktorskih studija i istra\u017eiva\u010di\/istra\u017eiva\u010dice iz regiona Zapadnog Balkana&nbsp;<strong>oslobo\u0111eni su pla\u0107anja kotizacije<\/strong>.&nbsp;<\/p>\n\n\n\n<p><em>Ukoliko Va\u0161 predlog saop\u0161tenja bude prihva\u0107en za izlaganje na konferenciji, o\u010dekujemo da po\u0161aljete radnu verziju teksta moderatoru panela do 15. oktobra 2025. Tekst treba da sledi uobi\u010dajene norme za objavljivanje i da ne prelazi du\u017einu rada u \u010dasopisu. Radne verzije tekstova \u0107e biti dostupne u\u010desnicima panela na kome se rad prezentuje.<\/em><\/p>\n\n\n\n<p><br>Radujemo se va\u0161em u\u010de\u0161\u0107u na 19. Saboru politikologa!<\/p>\n\n\n\n<p><strong>Va\u017eni datumi:<\/strong><\/p>\n\n\n\n<p>Predaja predloga: 15. jul 2025.<\/p>\n\n\n\n<p>Obave\u0161tenje o statusu predloga: 31. jul 2025.<\/p>\n\n\n\n<p>Slanje nacrta radova: 15. oktobar 2025.<\/p>\n\n\n\n<p>Uplata kotizacije: 19. septembar 2025.<\/p>\n\n\n\n<p>Odr\u017eavanje konferencije: 25\u201326. oktobar 2025.<\/p>\n\n\n\n<p><strong>Me\u0111unarodni organizacioni odbor:<\/strong><\/p>\n\n\n\n<p>Jelena Lon\u010dar, Univerzitet u Beogradu (Srbija)<\/p>\n\n\n\n<p>Katarina Lon\u010darevi\u0107, Univerzitet u Beogradu (Srbija)<\/p>\n\n\n\n<p>Du\u0161an Pavlovi\u0107, Univerzitet u Beogradu (Srbija)<\/p>\n\n\n\n<p>Biljana \u0110or\u0111evi\u0107, Univerzitet u Beogradu (Srbija)<\/p>\n\n\n\n<p>Vujo Ili\u0107, Univerzitet u Beogradu (Srbija)<\/p>\n\n\n\n<p>Sibel Yard\u0131mc\u0131, Mimar Sinan Fine Arts University (Turska)<\/p>\n\n\n\n<p>Denisa Kostovicova, London School of Economics and Political Science (Ujedinjeno Kraljevstvo)<\/p>\n\n\n\n<p>Lura Pollozhani, University of Graz (Austrija)<\/p>\n\n\n\n<p>Katja Br\u00f8gger, Aarhus University (Danska)<\/p>\n\n\n\n<p>Andr\u00e1s Boz\u00f3ki, Central European University (Austrija)<\/p>\n\n\n\n<p>Jelena D\u017eanki\u0107, European University Institute (Italija)<\/p>\n\n\n\n<p>Agnieszka St\u0119pi\u0144ska, Adam Mickiewicz University (Poljska)<\/p>\n\n\n\n<p><a href=\"http:\/\/www.upns.rs\/sr-lat\">http:\/\/www.upns.rs\/sr-lat<\/a><\/p>\n\n\n\n<hr class=\"wp-block-separator has-alpha-channel-opacity\"\/>\n\n\n\n<p><strong>Call for panels and papers: Institutions as Battlegrounds:&nbsp; State Capture, Resistance and Academic Freedom under Siege<\/strong><\/p>\n\n\n\n<p>19th Serbian Political Science Association (SPSA) International Annual Conference<\/p>\n\n\n\n<p><strong>Institutions as Battlegrounds:&nbsp;<br>State Capture, Resistance and Academic Freedom under Siege<\/strong><\/p>\n\n\n\n<p>University of Belgrade \u2013 Faculty of Political Science, October 25\u201326, 2025<\/p>\n\n\n\n<p><strong>Call for panels and papers<\/strong><\/p>\n\n\n\n<p><br>We are pleased to announce the call for papers and panels for the upcoming 19th Annual Conference of the Serbian Political Science Association (SPSA).&nbsp;<\/p>\n\n\n\n<p>This year in Serbia has been marked by student blockades and civil protests that encouraged a wider social struggle for institutional accountability, rule of law, university autonomy and solidarity building among diverse social groups. Considering these developments, as well as the recent events in Georgia, Turkey, France, Greece, and the global challenges after the election of Donald Trump as the president of the USA, the title of this year\u2019s conference is <strong>\u201cInstitutions as Battlegrounds: State Capture, Resistance and Academic Freedom under Siege\u201d<\/strong>.&nbsp;<\/p>\n\n\n\n<p>The aim of the conference is to explore challenges and contestations both within and against institutions in different geopolitical and geo-economic contexts as well as to assess expectations of progressive social change and justice that struggles for institutions have inspired in various social actors (citizens, students, activists).<br>2025 is a significant year for social engagement, the struggle for justice, and for democracy in Serbia. In addition, the legacy of 5 October 2000, the overthrow of Milo\u0161evi\u0107 and his regime, calls for new, fresh insights and analysis 25 years after. We aim to explore, among other topics, the similarities and differences between mass protests of people and political actors in 2000 and student and civil protests in late 2024 and 2025.<br>We particularly welcome comparative research drawing connections between protests in other political settings across the world, as well as analyses of direct democracy mechanisms in various national and regional contexts. Government responses to protests have ranged from violent repression, as seen in Turkey, to strategic silence or neglect. In other cases, such as Hungary, academic freedom has come under severe threat. We seek to learn from these diverse experiences and understand their implications for resistance and institutional transformation.<\/p>\n\n\n\n<p><br>The conference will feature <strong>two keynote addresses:<\/strong><\/p>\n\n\n\n<p><strong>Pippa Norris<\/strong><br><em>Harvard University (USA)<\/em><\/p>\n\n\n\n<p><strong>Donatella della Porta<\/strong><br><em>The Scuola Normale Superiore (Italy)<\/em><\/p>\n\n\n\n<p><br><strong>Possible thematic areas include (but are not limited to):<\/strong><\/p>\n\n\n\n<ul class=\"wp-block-list\">\n<li>Autocratization, populism and state capture;<\/li>\n\n\n\n<li>University, academic freedom, higher education and research in the era of (new) authoritarian regimes;<\/li>\n\n\n\n<li>Student protests and their role in democratic processes;<\/li>\n\n\n\n<li>Civil society, anti-partyism and political parties;<\/li>\n\n\n\n<li>Reflection on direct democracy within the protests;<\/li>\n\n\n\n<li>Institutional transformation: challenges, opportunities and hope;<\/li>\n\n\n\n<li>Democratic movements as social and political actors;<\/li>\n\n\n\n<li>25 years after the overthrow of Slobodan Milo\u0161evi\u0107\u2019s regime;<\/li>\n\n\n\n<li>New mobilizations and strategies of human\/women\u2019s\/minority right groups and organizations;<\/li>\n\n\n\n<li>Emotions in political contestations;<\/li>\n\n\n\n<li>Institutions as battlegrounds of the emerging world order: values and norms within new arrangement of power and authority;<\/li>\n\n\n\n<li>Media freedom and the role of journalists in democratic processes;\u00a0<\/li>\n\n\n\n<li>The importance of digital platforms and social media in contestation of authoritarian regimes.<\/li>\n<\/ul>\n\n\n\n<p><strong>Paper and panel proposals:<\/strong><\/p>\n\n\n\n<p>We are interested in receiving both paper and\/or panel proposals. Deadline for submissions is <strong>July 15, 2025<\/strong>. Proposals can be sent in English, Serbian, or in the regional languages.<\/p>\n\n\n\n<p>We welcome applications from graduate students, postdoctoral researchers, faculty and research institute staff, and practitioners from a variety of disciplines, including political science, law, international relations, public policy, economics, etc. &nbsp;<\/p>\n\n\n\n<p><strong>Paper proposals<\/strong> should include the proposal (title of the paper, abstract up to 250 words, and 4\u20135 keywords), and a short author(s) bio (up to 150 words, including position held, academic background, and contact details).<\/p>\n\n\n\n<p><strong>Panel proposal<\/strong> should be submitted by a prospective panel chair, and must include a panel title, a short description of the panel (up to 100 words), three or four paper proposals which should be presented, and a panel discussant. Additionally, short bios of all panel participants should be included (up to 150 words). Panel proposal should be submitted in a single form. Please note that no author should be listed on more than one paper within the same panel.<\/p>\n\n\n\n<p>All paper and panel proposals should be submitted through the online submission form:<\/p>\n\n\n\n<ul class=\"wp-block-list\">\n<li><a href=\"https:\/\/docs.google.com\/forms\/d\/e\/1FAIpQLScOE0SOA1Ic3Y5xesxgZVUcmNV0R7BfqDuI2SjU257GTsOJTA\/viewform\">paper submission<\/a><\/li>\n\n\n\n<li><a href=\"https:\/\/docs.google.com\/forms\/d\/e\/1FAIpQLSdMf8sCzhRGDHT1VnB_vINKtW3OkYnk-Cdi7GR_VDEOCtQh6g\/viewform\">panel submission<\/a><\/li>\n<\/ul>\n\n\n\n<p>All applicants will be notified of the status of their submissions by <strong>July 31, 2025<\/strong>.<\/p>\n\n\n\n<p><strong>Conference fee<\/strong> is 70 EUR. The fee should be paid upon confirmation of acceptance of your proposal(s) and no later than September 19, 2025. For SPSA members, doctoral students and researchers from the Western Balkans region there is no fee.<\/p>\n\n\n\n<p><em>If your proposal is accepted, we kindly request that you share a draft paper with the panel chair by October 15, 2025. The paper should adhere to the typical length of a journal article and will be circulated among the panel participants.<\/em><\/p>\n\n\n\n<p>We look forward to your participation in the 19th SPSA Annual International conference.<\/p>\n\n\n\n<p><strong>Important dates:<\/strong><br>Abstract submission deadline: July 15, 2025.<br>Notification sent out by July 31, 2025.<br>Paper draft sent by October 15, 2025.<br>Fees due: September 19, 2025<br>Conference dates: October 25\u201326, 2025.<\/p>\n\n\n\n<p><strong>International selection committee:<\/strong><\/p>\n\n\n\n<p>Jelena Lon\u010dar, University of Belgrade (Serbia)<br>Katarina Lon\u010darevi\u0107, University of Belgrade (Serbia)<br>Du\u0161an Pavlovi\u0107, University of Belgrade (Serbia)<br>Biljana \u0110or\u0111evi\u0107, University of Belgrade (Serbia)<br>Vujo Ili\u0107, University of Belgrade (Serbia)&nbsp;<br>Sibel Yard\u0131mc\u0131, Mimar Sinan Fine Arts University (Turkey)<br>Denisa Kostovicova, London School of Economics and Political Science (UK)<br>Lura Pollozhani, University of Graz (Austria)<br>Katja Br\u00f8gger, Aarhus University (Denmark)<br>Andr\u00e1s Boz\u00f3ki, Central European University (Austria)<br>Jelena D\u017eanki\u0107, European University Institute (Italy)<br>Agnieszka St\u0119pi\u0144ska, Adam Mickiewicz University (Poland)<\/p>\n\n\n\n<p><a href=\"http:\/\/www.upns.rs\/en\/node\/87\">http:\/\/www.upns.rs\/en\/node\/87<\/a><\/p>\n\n\n\n<hr class=\"wp-block-separator has-alpha-channel-opacity\"\/>\n","protected":false},"excerpt":{"rendered":"","protected":false},"author":2,"featured_media":46830,"comment_status":"open","ping_status":"open","sticky":false,"template":"","format":"standard","meta":{"_acf_changed":false,"jetpack_post_was_ever_published":false,"_jetpack_newsletter_access":"","_jetpack_dont_email_post_to_subs":false,"_jetpack_newsletter_tier_id":0,"_jetpack_memberships_contains_paywalled_content":false,"_jetpack_memberships_contains_paid_content":false,"footnotes":"","jetpack_publicize_message":"","jetpack_publicize_feature_enabled":true,"jetpack_social_post_already_shared":true,"jetpack_social_options":{"image_generator_settings":{"template":"highway","default_image_id":0,"font":"","enabled":false},"version":2}},"categories":[3,9],"tags":[],"class_list":["post-46829","post","type-post","status-publish","format-standard","has-post-thumbnail","hentry","category-novosti","category-skupovi"],"acf":{"facebook_opis":""},"jetpack_publicize_connections":[],"jetpack_featured_media_url":"https:\/\/i0.wp.com\/historiografija.hr\/wp-content\/uploads\/2025\/06\/logo-spsa-serbian-political-science-association.jpg?fit=300%2C212&ssl=1","jetpack_sharing_enabled":true,"jetpack-related-posts":[],"_links":{"self":[{"href":"https:\/\/historiografija.hr\/index.php?rest_route=\/wp\/v2\/posts\/46829","targetHints":{"allow":["GET"]}}],"collection":[{"href":"https:\/\/historiografija.hr\/index.php?rest_route=\/wp\/v2\/posts"}],"about":[{"href":"https:\/\/historiografija.hr\/index.php?rest_route=\/wp\/v2\/types\/post"}],"author":[{"embeddable":true,"href":"https:\/\/historiografija.hr\/index.php?rest_route=\/wp\/v2\/users\/2"}],"replies":[{"embeddable":true,"href":"https:\/\/historiografija.hr\/index.php?rest_route=%2Fwp%2Fv2%2Fcomments&post=46829"}],"version-history":[{"count":1,"href":"https:\/\/historiografija.hr\/index.php?rest_route=\/wp\/v2\/posts\/46829\/revisions"}],"predecessor-version":[{"id":46831,"href":"https:\/\/historiografija.hr\/index.php?rest_route=\/wp\/v2\/posts\/46829\/revisions\/46831"}],"wp:featuredmedia":[{"embeddable":true,"href":"https:\/\/historiografija.hr\/index.php?rest_route=\/wp\/v2\/media\/46830"}],"wp:attachment":[{"href":"https:\/\/historiografija.hr\/index.php?rest_route=%2Fwp%2Fv2%2Fmedia&parent=46829"}],"wp:term":[{"taxonomy":"category","embeddable":true,"href":"https:\/\/historiografija.hr\/index.php?rest_route=%2Fwp%2Fv2%2Fcategories&post=46829"},{"taxonomy":"post_tag","embeddable":true,"href":"https:\/\/historiografija.hr\/index.php?rest_route=%2Fwp%2Fv2%2Ftags&post=46829"}],"curies":[{"name":"wp","href":"https:\/\/api.w.org\/{rel}","templated":true}]}}