{"id":46825,"date":"2025-06-05T13:06:58","date_gmt":"2025-06-05T13:06:58","guid":{"rendered":"https:\/\/historiografija.hr\/?p=46825"},"modified":"2025-06-05T13:06:58","modified_gmt":"2025-06-05T13:06:58","slug":"predavanje-sanje-kovacevic-zagorkin-zivot-kao-tv-serija","status":"publish","type":"post","link":"https:\/\/historiografija.hr\/?p=46825","title":{"rendered":"Predavanje Sanje Kova\u010devi\u0107 \u201eZagorkin \u017eivot kao TV serija?\u201c"},"content":{"rendered":"\n<p>Memorijalni stan Marije Juri\u0107 Zagorke poziva vas na <strong>predavanje Sanje Kova\u010devi\u0107 \u201eZagorkin \u017eivot kao TV serija?\u201c<\/strong> koje \u0107e se odr\u017eati <strong>u \u010detvrtak, 12. lipnja 2025. s po\u010detkom u 19 h<\/strong> u sklopu Ciklusa predavanja u Memorijalnom stanu Marije Juri\u0107 Zagorke.<\/p>\n\n\n\n<p>O ekranizacijama Zagorkinih romana govorilo se puno. Me\u0111utim, \u0161to je sa \u017eivotom autorice \u2013 bi li se on mogao adaptirati u jednu TV seriju? Ta su pitanja potaknula scenaristicu, kreativnu konzultanticu za TV serije i edukatoricu Sanju Kova\u010devi\u0107, da napi\u0161e scenarij za TV seriju upravo o \u017eivotu na\u0161e prve novinarke. Koji su izazovi pri pisanju i vizualnom kreiranju biografske serije? \u0160to utje\u010de odstupanje od stvarnih doga\u0111aja? Kako uop\u0107e prikazati bogat Zagorkin \u017eivot? Za\u0161to je ekranizacija Zagorkine biografije va\u017ena za hrvatsku kulturu?<\/p>\n\n\n\n<p>Ovo su samo neke teme o kojima \u0107e Sanja Kova\u010devi\u0107 govoriti na ovom predavanju koje \u0107e uklju\u010divati i \u010ditanje dijelova scenarija, ali i ono najbitnije \u2013 iskazivanje mi\u0161ljenja samih Zagorkinih obo\u017eavatelja jer, na kraju krajeva, serija se mora mo\u0107i svidjeti prvenstveno njima. Posebno su dobrodo\u0161li svi oni koji ne poznaju Zagorkina djela, a htjeli bi saznati vise o njoj.<\/p>\n\n\n\n<p>Veselimo se Va\u0161em dolasku!<\/p>\n\n\n\n<p>Program financijski podupire Grad Zagreb.<\/p>\n\n\n\n<hr class=\"wp-block-separator has-alpha-channel-opacity\"\/>\n\n\n\n<p>Izvor:<\/p>\n\n\n\n<figure class=\"wp-block-embed is-type-wp-embed is-provider-memorijalni-stan-marije-juri-zagorke wp-block-embed-memorijalni-stan-marije-juri-zagorke\"><div class=\"wp-block-embed__wrapper\">\n<blockquote class=\"wp-embedded-content\" data-secret=\"xuygou6Qcb\"><a href=\"https:\/\/zagorka.net\/predavanje-sanje-kovacevic-zagorkin-zivot-kao-tv-serija\/\">Predavanje Sanje Kova\u010devi\u0107 \u201eZagorkin \u017eivot kao TV serija?\u201c<\/a><\/blockquote><iframe loading=\"lazy\" class=\"wp-embedded-content\" sandbox=\"allow-scripts\" security=\"restricted\" style=\"position: absolute; visibility: hidden;\" title=\"&#8220;Predavanje Sanje Kova\u010devi\u0107 \u201eZagorkin \u017eivot kao TV serija?\u201c&#8221; &#8212; Memorijalni stan Marije Juri\u0107 Zagorke\" src=\"https:\/\/zagorka.net\/predavanje-sanje-kovacevic-zagorkin-zivot-kao-tv-serija\/embed\/#?secret=xuygou6Qcb\" data-secret=\"xuygou6Qcb\" width=\"600\" height=\"338\" frameborder=\"0\" marginwidth=\"0\" marginheight=\"0\" scrolling=\"no\"><\/iframe>\n<\/div><\/figure>\n\n\n\n<hr class=\"wp-block-separator has-alpha-channel-opacity\"\/>\n","protected":false},"excerpt":{"rendered":"","protected":false},"author":2,"featured_media":43115,"comment_status":"open","ping_status":"open","sticky":false,"template":"","format":"standard","meta":{"_acf_changed":false,"jetpack_post_was_ever_published":false,"_jetpack_newsletter_access":"","_jetpack_dont_email_post_to_subs":false,"_jetpack_newsletter_tier_id":0,"_jetpack_memberships_contains_paywalled_content":false,"_jetpack_memberships_contains_paid_content":false,"footnotes":"","jetpack_publicize_message":"","jetpack_publicize_feature_enabled":true,"jetpack_social_post_already_shared":true,"jetpack_social_options":{"image_generator_settings":{"template":"highway","default_image_id":0,"font":"","enabled":false},"version":2}},"categories":[3],"tags":[],"class_list":["post-46825","post","type-post","status-publish","format-standard","has-post-thumbnail","hentry","category-novosti"],"acf":{"facebook_opis":""},"jetpack_publicize_connections":[],"jetpack_featured_media_url":"https:\/\/i0.wp.com\/historiografija.hr\/wp-content\/uploads\/2024\/11\/Zagorka_ciklus.jpg?fit=1410%2C1182&ssl=1","jetpack_sharing_enabled":true,"jetpack-related-posts":[],"_links":{"self":[{"href":"https:\/\/historiografija.hr\/index.php?rest_route=\/wp\/v2\/posts\/46825","targetHints":{"allow":["GET"]}}],"collection":[{"href":"https:\/\/historiografija.hr\/index.php?rest_route=\/wp\/v2\/posts"}],"about":[{"href":"https:\/\/historiografija.hr\/index.php?rest_route=\/wp\/v2\/types\/post"}],"author":[{"embeddable":true,"href":"https:\/\/historiografija.hr\/index.php?rest_route=\/wp\/v2\/users\/2"}],"replies":[{"embeddable":true,"href":"https:\/\/historiografija.hr\/index.php?rest_route=%2Fwp%2Fv2%2Fcomments&post=46825"}],"version-history":[{"count":1,"href":"https:\/\/historiografija.hr\/index.php?rest_route=\/wp\/v2\/posts\/46825\/revisions"}],"predecessor-version":[{"id":46826,"href":"https:\/\/historiografija.hr\/index.php?rest_route=\/wp\/v2\/posts\/46825\/revisions\/46826"}],"wp:featuredmedia":[{"embeddable":true,"href":"https:\/\/historiografija.hr\/index.php?rest_route=\/wp\/v2\/media\/43115"}],"wp:attachment":[{"href":"https:\/\/historiografija.hr\/index.php?rest_route=%2Fwp%2Fv2%2Fmedia&parent=46825"}],"wp:term":[{"taxonomy":"category","embeddable":true,"href":"https:\/\/historiografija.hr\/index.php?rest_route=%2Fwp%2Fv2%2Fcategories&post=46825"},{"taxonomy":"post_tag","embeddable":true,"href":"https:\/\/historiografija.hr\/index.php?rest_route=%2Fwp%2Fv2%2Ftags&post=46825"}],"curies":[{"name":"wp","href":"https:\/\/api.w.org\/{rel}","templated":true}]}}