{"id":46813,"date":"2025-06-04T10:58:23","date_gmt":"2025-06-04T10:58:23","guid":{"rendered":"https:\/\/historiografija.hr\/?p=46813"},"modified":"2025-06-04T10:58:23","modified_gmt":"2025-06-04T10:58:23","slug":"medunarodni-tjedan-arhiva-2025","status":"publish","type":"post","link":"https:\/\/historiografija.hr\/?p=46813","title":{"rendered":"Me\u0111unarodni tjedan arhiva 2025."},"content":{"rendered":"\n<p>Me\u0111unarodni tjedan arhiva ove godine obilje\u017eavamo od 9. do 13. lipnja.<\/p>\n\n\n\n<p>Ovogodi\u0161nja tema arhi\/V\/tektura predstavit \u0107e zapise koji svjedo\u010de o aktivnostima, doga\u0111anjima, osobama i pojavama vezanih prvenstveno uz velike obljetnice hrvatske arhitekture, arhitekte, zna\u010dajne gra\u0111evine, mecene i organizatore gradnji, kao i obljetnice osmi\u0161ljavanja i realiziranja raznih prijelomnih urbanisti\u010dko-arhitektonskih sadr\u017eaja va\u017enih za prostore u kojima na\u0161e dru\u0161tvo funkcionira.<\/p>\n\n\n\n<p>Hrvatski dr\u017eavni arhiv posebno \u0107e se odu\u017eiti na\u0161em najzna\u010dajnijem secesijskom arhitektu &#8211; Rudolfu Lubynskom, ujedno &#8220;ocu&#8221; prekrasne gra\u0111evine na Maruli\u0107evu trgu 21, gdje i mi obitavamo,&nbsp;a kojemu je ove godine ujedno i 90. obljetnica smrti.<\/p>\n\n\n\n<p>U nastavku donosimo i program:<\/p>\n\n\n\n<p><a href=\"http:\/\/www.arhiv.hr\/hr-hr\/Kulturno-prosvjetne-aktivnosti\/ArticleId\/1885\/oamid\/1633\">http:\/\/www.arhiv.hr\/hr-hr\/Kulturno-prosvjetne-aktivnosti\/ArticleId\/1885\/oamid\/1633<\/a><\/p>\n\n\n\n<hr class=\"wp-block-separator has-alpha-channel-opacity\"\/>\n\n\n\n<p>Dodatne obavijesti:<\/p>\n\n\n\n<p><strong>Hrvatsko arhivisti\u010dko dru\u0161tvo<\/strong><\/p>\n\n\n\n<p><a href=\"https:\/\/www.had-info.hr\">https:\/\/www.had-info.hr<\/a><\/p>\n\n\n\n<hr class=\"wp-block-separator has-alpha-channel-opacity\"\/>\n\n\n\n<p><\/p>\n","protected":false},"excerpt":{"rendered":"","protected":false},"author":2,"featured_media":46814,"comment_status":"open","ping_status":"open","sticky":false,"template":"","format":"standard","meta":{"_acf_changed":false,"jetpack_post_was_ever_published":false,"_jetpack_newsletter_access":"","_jetpack_dont_email_post_to_subs":false,"_jetpack_newsletter_tier_id":0,"_jetpack_memberships_contains_paywalled_content":false,"_jetpack_memberships_contains_paid_content":false,"footnotes":"","jetpack_publicize_message":"","jetpack_publicize_feature_enabled":true,"jetpack_social_post_already_shared":true,"jetpack_social_options":{"image_generator_settings":{"template":"highway","default_image_id":0,"font":"","enabled":false},"version":2}},"categories":[3],"tags":[],"class_list":["post-46813","post","type-post","status-publish","format-standard","has-post-thumbnail","hentry","category-novosti"],"acf":{"facebook_opis":""},"jetpack_publicize_connections":[],"jetpack_featured_media_url":"https:\/\/i0.wp.com\/historiografija.hr\/wp-content\/uploads\/2025\/06\/HAD_Arhivtektura.jpg?fit=500%2C500&ssl=1","jetpack_sharing_enabled":true,"jetpack-related-posts":[],"_links":{"self":[{"href":"https:\/\/historiografija.hr\/index.php?rest_route=\/wp\/v2\/posts\/46813","targetHints":{"allow":["GET"]}}],"collection":[{"href":"https:\/\/historiografija.hr\/index.php?rest_route=\/wp\/v2\/posts"}],"about":[{"href":"https:\/\/historiografija.hr\/index.php?rest_route=\/wp\/v2\/types\/post"}],"author":[{"embeddable":true,"href":"https:\/\/historiografija.hr\/index.php?rest_route=\/wp\/v2\/users\/2"}],"replies":[{"embeddable":true,"href":"https:\/\/historiografija.hr\/index.php?rest_route=%2Fwp%2Fv2%2Fcomments&post=46813"}],"version-history":[{"count":1,"href":"https:\/\/historiografija.hr\/index.php?rest_route=\/wp\/v2\/posts\/46813\/revisions"}],"predecessor-version":[{"id":46815,"href":"https:\/\/historiografija.hr\/index.php?rest_route=\/wp\/v2\/posts\/46813\/revisions\/46815"}],"wp:featuredmedia":[{"embeddable":true,"href":"https:\/\/historiografija.hr\/index.php?rest_route=\/wp\/v2\/media\/46814"}],"wp:attachment":[{"href":"https:\/\/historiografija.hr\/index.php?rest_route=%2Fwp%2Fv2%2Fmedia&parent=46813"}],"wp:term":[{"taxonomy":"category","embeddable":true,"href":"https:\/\/historiografija.hr\/index.php?rest_route=%2Fwp%2Fv2%2Fcategories&post=46813"},{"taxonomy":"post_tag","embeddable":true,"href":"https:\/\/historiografija.hr\/index.php?rest_route=%2Fwp%2Fv2%2Ftags&post=46813"}],"curies":[{"name":"wp","href":"https:\/\/api.w.org\/{rel}","templated":true}]}}