{"id":46801,"date":"2025-06-03T16:42:25","date_gmt":"2025-06-03T16:42:25","guid":{"rendered":"https:\/\/historiografija.hr\/?p=46801"},"modified":"2025-06-03T16:42:25","modified_gmt":"2025-06-03T16:42:25","slug":"znanstveni-skup-romantizam-stanka-vraza","status":"publish","type":"post","link":"https:\/\/historiografija.hr\/?p=46801","title":{"rendered":"Znanstveni skup \u201eRomantizam Stanka Vraza\u201c"},"content":{"rendered":"\n<p>Srda\u010dno vas pozivamo na znanstveni skup <strong>Romantizam Stanka Vraza<\/strong> koji \u0107e se u organizaciji Odsjeka za kroatistiku Filozofskog fakulteta u Zagrebu i Pu\u010dkog otvorenog u\u010dili\u0161ta Samobor odr\u017eati <strong>6. lipnja od 9 sati u Galeriji Prica u Samoboru<\/strong>.<\/p>\n\n\n\n<ul class=\"wp-block-list\">\n<li><a href=\"https:\/\/web2020.ffzg.unizg.hr\/wp-content\/uploads\/2025\/06\/Romantizam-Stanka-Vraza-program-i-sa\u017eeci-izlaganja.pdf\" target=\"_blank\" rel=\"noreferrer noopener\">Programska knji\u017eica<\/a><\/li>\n<\/ul>\n\n\n\n<p>U antibiografskom zahvatu kojim se u sredi\u0161te pozornosti postavlja knji\u017eevni tekst ovaj znanstveni skup okuplja znanstvenike iz Hrvatske i Slovenije koji \u0107e tuma\u010diti knji\u017eevno djelo Stanka Vraza u kontekstu poetike romantizma. Kao jedan od najzna\u010dajnijih \u201eilirskih\u201c pjesnika Vraz svoja ostvarenja kreira kao izraz prepoznatljivog romanti\u010darskog manirizma i inventivnosti (Slamnig). Taj je njegov \u201eromanti\u010dki amalgam\u201c (Milanja) vidljiv podjednako u izvornim ostvarenjima (zbirke \u0110ulabije, Glasi iz dubrave \u017eeravinske, Gusle i tambura), u prijevodima i prilagodbama kanonskih pisaca slavenskih i drugih svjetskih knji\u017eevnosti, kao i u kriti\u010dkom i uredni\u010dkom radu. U oblikovanju stihova, ciklusa i pjesni\u010dkih zbirki Vraz polazi od prepoznatljivih motiva, referenci i citata, u formama od soneta do krakovjaka i orijentalnih gazela s kojima na inventivan na\u010din stvara novi autorski tekst. Njegove su upotrebe pjesni\u010dkih motiva i oblika obilje\u017eene citatima, direktnim preuzimanjem ili aluzijama na tekstove klasika ili suvremenika: Mickiewicza, Pre\u0161erna, Uhlanda\u2026 s kojima \u010desto zapo\u010dinje svoj tekst da bi se na koncu odvojio od preuzete sheme ostvaruju\u0107i \u201eneuvijenu, naravnu emocionalnost, intenzivnu slikovnost bez nijansi\u201c (Slamnig).<\/p>\n\n\n\n<p>Svojim umjetni\u010dkim, kriti\u010dkim i uredni\u010dkim radom posve\u0107enim oblikovanju knji\u017eevnosti koja \u0107e svojom snagom i izra\u017eajno\u0161\u0107u stajati uz bok drevnim uzorima i slavnim suvremenicima Stanko Vraz se i danas mo\u017ee smatrati ne samo klasikom, nego i mjerom posve\u0107enosti knji\u017eevnosti, umjetnosti temeljnog ljudskog sredstva izra\u017eavanje i spoznaje \u2013 jezika. Status poezije u romantizmu, ideja o prevlasti pjevanja nad povije\u0161\u0107u izra\u017eena Byronovom mi\u0161lju da junaci postoje samo zato da bi ih bardovi opjevavali svoj je odjek na\u0161la u pozivu Pavla \u0160tosa \u201e\u0160to su djedi gvo\u017e\u0111em bili, to su perom sad unuci!\u201c a jasno uobli\u010denje u knji\u017eevnom, kriti\u010dkom, uredni\u010dkom i polemi\u010dkom radu Stanka Vraza.<\/p>\n\n\n\n<hr class=\"wp-block-separator has-alpha-channel-opacity\"\/>\n\n\n\n<p>Izvor:<\/p>\n\n\n\n<figure class=\"wp-block-embed is-type-wp-embed is-provider-filozofski-fakultet-sveu-ili-ta-u-zagrebu wp-block-embed-filozofski-fakultet-sveu-ili-ta-u-zagrebu\"><div class=\"wp-block-embed__wrapper\">\n<blockquote class=\"wp-embedded-content\" data-secret=\"yFM3ygK8ZD\"><a href=\"https:\/\/web2020.ffzg.unizg.hr\/blog\/2025\/06\/03\/znanstveni-skup-romantizam-stanka-vraza\/\">Znanstveni skup Romantizam Stanka Vraza<\/a><\/blockquote><iframe loading=\"lazy\" class=\"wp-embedded-content\" sandbox=\"allow-scripts\" security=\"restricted\" style=\"position: absolute; visibility: hidden;\" title=\"&#8220;Znanstveni skup Romantizam Stanka Vraza&#8221; &#8212; Filozofski fakultet Sveu\u010dili\u0161ta u Zagrebu\" src=\"https:\/\/web2020.ffzg.unizg.hr\/blog\/2025\/06\/03\/znanstveni-skup-romantizam-stanka-vraza\/embed\/#?secret=yFM3ygK8ZD\" data-secret=\"yFM3ygK8ZD\" width=\"600\" height=\"338\" frameborder=\"0\" marginwidth=\"0\" marginheight=\"0\" scrolling=\"no\"><\/iframe>\n<\/div><\/figure>\n\n\n\n<hr class=\"wp-block-separator has-alpha-channel-opacity\"\/>\n","protected":false},"excerpt":{"rendered":"","protected":false},"author":2,"featured_media":46802,"comment_status":"open","ping_status":"open","sticky":false,"template":"","format":"standard","meta":{"_acf_changed":false,"jetpack_post_was_ever_published":false,"_jetpack_newsletter_access":"","_jetpack_dont_email_post_to_subs":false,"_jetpack_newsletter_tier_id":0,"_jetpack_memberships_contains_paywalled_content":false,"_jetpack_memberships_contains_paid_content":false,"footnotes":"","jetpack_publicize_message":"","jetpack_publicize_feature_enabled":true,"jetpack_social_post_already_shared":true,"jetpack_social_options":{"image_generator_settings":{"template":"highway","default_image_id":0,"font":"","enabled":false},"version":2}},"categories":[3,9],"tags":[],"class_list":["post-46801","post","type-post","status-publish","format-standard","has-post-thumbnail","hentry","category-novosti","category-skupovi"],"acf":{"facebook_opis":""},"jetpack_publicize_connections":[],"jetpack_featured_media_url":"https:\/\/i0.wp.com\/historiografija.hr\/wp-content\/uploads\/2025\/06\/Romantizam-Stanka-Vraza-plakat.jpg?fit=768%2C1075&ssl=1","jetpack_sharing_enabled":true,"jetpack-related-posts":[],"_links":{"self":[{"href":"https:\/\/historiografija.hr\/index.php?rest_route=\/wp\/v2\/posts\/46801","targetHints":{"allow":["GET"]}}],"collection":[{"href":"https:\/\/historiografija.hr\/index.php?rest_route=\/wp\/v2\/posts"}],"about":[{"href":"https:\/\/historiografija.hr\/index.php?rest_route=\/wp\/v2\/types\/post"}],"author":[{"embeddable":true,"href":"https:\/\/historiografija.hr\/index.php?rest_route=\/wp\/v2\/users\/2"}],"replies":[{"embeddable":true,"href":"https:\/\/historiografija.hr\/index.php?rest_route=%2Fwp%2Fv2%2Fcomments&post=46801"}],"version-history":[{"count":1,"href":"https:\/\/historiografija.hr\/index.php?rest_route=\/wp\/v2\/posts\/46801\/revisions"}],"predecessor-version":[{"id":46803,"href":"https:\/\/historiografija.hr\/index.php?rest_route=\/wp\/v2\/posts\/46801\/revisions\/46803"}],"wp:featuredmedia":[{"embeddable":true,"href":"https:\/\/historiografija.hr\/index.php?rest_route=\/wp\/v2\/media\/46802"}],"wp:attachment":[{"href":"https:\/\/historiografija.hr\/index.php?rest_route=%2Fwp%2Fv2%2Fmedia&parent=46801"}],"wp:term":[{"taxonomy":"category","embeddable":true,"href":"https:\/\/historiografija.hr\/index.php?rest_route=%2Fwp%2Fv2%2Fcategories&post=46801"},{"taxonomy":"post_tag","embeddable":true,"href":"https:\/\/historiografija.hr\/index.php?rest_route=%2Fwp%2Fv2%2Ftags&post=46801"}],"curies":[{"name":"wp","href":"https:\/\/api.w.org\/{rel}","templated":true}]}}