{"id":46798,"date":"2025-06-03T16:37:39","date_gmt":"2025-06-03T16:37:39","guid":{"rendered":"https:\/\/historiografija.hr\/?p=46798"},"modified":"2025-06-03T16:37:39","modified_gmt":"2025-06-03T16:37:39","slug":"znanstveni-skup-o-hrvatskome-povijesnom-grbu","status":"publish","type":"post","link":"https:\/\/historiografija.hr\/?p=46798","title":{"rendered":"Znanstveni skup o hrvatskome povijesnom grbu"},"content":{"rendered":"\n<p><strong>HRVATSKA AKADEMIJA ZNANOSTI I UMJETNOSTI<\/strong><\/p>\n\n\n\n<p>ima \u010dast pozvati Vas na<\/p>\n\n\n\n<p><strong>ZNANSTVENI SKUP<\/strong><\/p>\n\n\n\n<p><a href=\"https:\/\/www.info.hazu.hr\/wp-content\/uploads\/2025\/06\/ZNANSTVENI-SKUP-O-HRVATSKOME-POVIJESNOM-GRBU.pdf\"><strong>O HRVATSKOME POVIJESNOM GRBU<\/strong><\/a><\/p>\n\n\n\n<p><strong>u \u010detvrtak, 5. lipnja 2025. u 13.00 sati<\/strong><\/p>\n\n\n\n<p>u dvorani Knji\u017enice HAZU, na Strossmayerovu trgu 14 u Zagrebu<\/p>\n\n\n\n<p><strong>Znanstveni odbor skupa:<\/strong><\/p>\n\n\n\n<p>akademik Stjepan \u0106osi\u0107<\/p>\n\n\n\n<p>akademik An\u0111elko Akrap<\/p>\n\n\n\n<p>akademik Jak\u0161a Barbi\u0107<\/p>\n\n\n\n<p>akademkinja \u017deljka \u010corak<\/p>\n\n\n\n<p>akademik Kuzma Kova\u010di\u0107<\/p>\n\n\n\n<p>Cilj znanstvenoga skupa jest razmatranje povijesti hrvatskoga grbovlja i dono\u0161enje <em>Deklaracije o povijesnome hrvatskom grbu<\/em>.<\/p>\n\n\n\n<p><strong>Izlaganja \u0107e odr\u017eati:<\/strong><\/p>\n\n\n\n<p>akademik STJEPAN \u0106OSI\u0106 (Institut za migracije i narodnosti u Zagrebu)<\/p>\n\n\n\n<p>prof. dr. sc. IVAN JURKOVI\u0106 (Filozofski fakultet u Puli)<\/p>\n\n\n\n<p>MATE BO\u017dI\u0106 (Solin)<\/p>\n\n\n\n<p>prof. dr. sc. HRVOJE KEKEZ (Hrvatsko katoli\u010dko sveu\u010dili\u0161te)<\/p>\n\n\n\n<p>prof. dr. sc. TOMISLAV GALOVI\u0106 (Filozofski fakultet u Zagrebu)<\/p>\n\n\n\n<p>dr. sc. \u017dELJKO HOLJEVAC (Institut dru\u0161tvenih znanosti <em>Ivo Pilar<\/em>)<\/p>\n\n\n\n<p>dr. sc. MARIO JAREB (Hrvatski institut za povijest u Zagrebu)<\/p>\n\n\n\n<p>dr. sc. ANTE \u017dU\u017dUL (\u0160kolska knjiga d.d., Zagreb)<\/p>\n\n\n\n<hr class=\"wp-block-separator has-alpha-channel-opacity\"\/>\n\n\n\n<p>Izvor:<\/p>\n\n\n\n<figure class=\"wp-block-embed is-type-wp-embed is-provider-hazu wp-block-embed-hazu\"><div class=\"wp-block-embed__wrapper\">\n<blockquote class=\"wp-embedded-content\" data-secret=\"8rInvgFrIS\"><a href=\"https:\/\/www.info.hazu.hr\/events\/znanstveni-skup-o-hrvatskome-povijesnom-grbu\/\">Znanstveni skup o hrvatskome povijesnom grbu<\/a><\/blockquote><iframe loading=\"lazy\" class=\"wp-embedded-content\" sandbox=\"allow-scripts\" security=\"restricted\" style=\"position: absolute; visibility: hidden;\" title=\"&#8220;Znanstveni skup o hrvatskome povijesnom grbu&#8221; &#8212; HAZU\" src=\"https:\/\/www.info.hazu.hr\/events\/znanstveni-skup-o-hrvatskome-povijesnom-grbu\/embed\/#?secret=8rInvgFrIS\" data-secret=\"8rInvgFrIS\" width=\"600\" height=\"338\" frameborder=\"0\" marginwidth=\"0\" marginheight=\"0\" scrolling=\"no\"><\/iframe>\n<\/div><\/figure>\n\n\n\n<hr class=\"wp-block-separator has-alpha-channel-opacity\"\/>\n","protected":false},"excerpt":{"rendered":"","protected":false},"author":2,"featured_media":46799,"comment_status":"open","ping_status":"open","sticky":false,"template":"","format":"standard","meta":{"_acf_changed":false,"jetpack_post_was_ever_published":false,"_jetpack_newsletter_access":"","_jetpack_dont_email_post_to_subs":false,"_jetpack_newsletter_tier_id":0,"_jetpack_memberships_contains_paywalled_content":false,"_jetpack_memberships_contains_paid_content":false,"footnotes":"","jetpack_publicize_message":"","jetpack_publicize_feature_enabled":true,"jetpack_social_post_already_shared":true,"jetpack_social_options":{"image_generator_settings":{"template":"highway","default_image_id":0,"font":"","enabled":false},"version":2}},"categories":[3,9],"tags":[],"class_list":["post-46798","post","type-post","status-publish","format-standard","has-post-thumbnail","hentry","category-novosti","category-skupovi"],"acf":{"facebook_opis":""},"jetpack_publicize_connections":[],"jetpack_featured_media_url":"https:\/\/i0.wp.com\/historiografija.hr\/wp-content\/uploads\/2025\/06\/Hrvatski-povijesni-grb.png?fit=844%2C524&ssl=1","jetpack_sharing_enabled":true,"jetpack-related-posts":[],"_links":{"self":[{"href":"https:\/\/historiografija.hr\/index.php?rest_route=\/wp\/v2\/posts\/46798","targetHints":{"allow":["GET"]}}],"collection":[{"href":"https:\/\/historiografija.hr\/index.php?rest_route=\/wp\/v2\/posts"}],"about":[{"href":"https:\/\/historiografija.hr\/index.php?rest_route=\/wp\/v2\/types\/post"}],"author":[{"embeddable":true,"href":"https:\/\/historiografija.hr\/index.php?rest_route=\/wp\/v2\/users\/2"}],"replies":[{"embeddable":true,"href":"https:\/\/historiografija.hr\/index.php?rest_route=%2Fwp%2Fv2%2Fcomments&post=46798"}],"version-history":[{"count":1,"href":"https:\/\/historiografija.hr\/index.php?rest_route=\/wp\/v2\/posts\/46798\/revisions"}],"predecessor-version":[{"id":46800,"href":"https:\/\/historiografija.hr\/index.php?rest_route=\/wp\/v2\/posts\/46798\/revisions\/46800"}],"wp:featuredmedia":[{"embeddable":true,"href":"https:\/\/historiografija.hr\/index.php?rest_route=\/wp\/v2\/media\/46799"}],"wp:attachment":[{"href":"https:\/\/historiografija.hr\/index.php?rest_route=%2Fwp%2Fv2%2Fmedia&parent=46798"}],"wp:term":[{"taxonomy":"category","embeddable":true,"href":"https:\/\/historiografija.hr\/index.php?rest_route=%2Fwp%2Fv2%2Fcategories&post=46798"},{"taxonomy":"post_tag","embeddable":true,"href":"https:\/\/historiografija.hr\/index.php?rest_route=%2Fwp%2Fv2%2Ftags&post=46798"}],"curies":[{"name":"wp","href":"https:\/\/api.w.org\/{rel}","templated":true}]}}