{"id":46795,"date":"2025-06-03T16:34:35","date_gmt":"2025-06-03T16:34:35","guid":{"rendered":"https:\/\/historiografija.hr\/?p=46795"},"modified":"2025-06-03T16:34:35","modified_gmt":"2025-06-03T16:34:35","slug":"sesta-citaonica-za-kriticku-politiku-klasa-ili-narod-lijevi-populizam-i-politicki-subjekt","status":"publish","type":"post","link":"https:\/\/historiografija.hr\/?p=46795","title":{"rendered":"\u0160esta \u010citaonica za kriti\u010dku politiku: Klasa ili narod? Lijevi populizam i politi\u010dki subjekt"},"content":{"rendered":"\n<p>Pozivamo vas na \u0161estu \u010citaonicu za kriti\u010dku politiku pod nazivom&nbsp;<em>Klasa ili narod? Lijevi populizam i politi\u010dki subjekt<\/em>&nbsp;koja \u0107e se odr\u017eati&nbsp;u petak 6. lipnja u 19h&nbsp;(dvorana C, Fakultet politi\u010dkih znanosti, Lepu\u0161i\u0107eva 6). Kao temelj za raspravu poslu\u017eit \u0107e tekst&nbsp;<em>Marxism and Left Populism in Southern Europe Today&nbsp;<\/em>Jacquesa Bideta. Govornici \u0107e biti prof. dr. sc. Katarina Peovi\u0107 i Bartul Vuksan-\u0106usa.<\/p>\n\n\n\n<p>Pristup je slobodan, a zainteresirane molimo da se jave na mail&nbsp;<a href=\"javascript:cms_mail('citaonicazakritickupolitiku','gmail.com%20','','')\">citaonicazakritickupolitiku@gmail.com<\/a>&nbsp;da bismo im poslali tekst.<\/p>\n\n\n\n<hr class=\"wp-block-separator has-alpha-channel-opacity\"\/>\n\n\n\n<p>Izvor:<\/p>\n\n\n\n<p><a href=\"https:\/\/www.fpzg.unizg.hr\/novosti?@=2fiuy#news_512777\">https:\/\/www.fpzg.unizg.hr\/novosti?@=2fiuy#news_512777<\/a><\/p>\n\n\n\n<hr class=\"wp-block-separator has-alpha-channel-opacity\"\/>\n","protected":false},"excerpt":{"rendered":"","protected":false},"author":2,"featured_media":46796,"comment_status":"open","ping_status":"open","sticky":false,"template":"","format":"standard","meta":{"_acf_changed":false,"jetpack_post_was_ever_published":false,"_jetpack_newsletter_access":"","_jetpack_dont_email_post_to_subs":false,"_jetpack_newsletter_tier_id":0,"_jetpack_memberships_contains_paywalled_content":false,"_jetpack_memberships_contains_paid_content":false,"footnotes":"","jetpack_publicize_message":"","jetpack_publicize_feature_enabled":true,"jetpack_social_post_already_shared":true,"jetpack_social_options":{"image_generator_settings":{"template":"highway","default_image_id":0,"font":"","enabled":false},"version":2}},"categories":[3],"tags":[],"class_list":["post-46795","post","type-post","status-publish","format-standard","has-post-thumbnail","hentry","category-novosti"],"acf":{"facebook_opis":""},"jetpack_publicize_connections":[],"jetpack_featured_media_url":"https:\/\/i0.wp.com\/historiografija.hr\/wp-content\/uploads\/2025\/06\/Klasa_ili_narod.jpg?fit=640%2C800&ssl=1","jetpack_sharing_enabled":true,"jetpack-related-posts":[],"_links":{"self":[{"href":"https:\/\/historiografija.hr\/index.php?rest_route=\/wp\/v2\/posts\/46795","targetHints":{"allow":["GET"]}}],"collection":[{"href":"https:\/\/historiografija.hr\/index.php?rest_route=\/wp\/v2\/posts"}],"about":[{"href":"https:\/\/historiografija.hr\/index.php?rest_route=\/wp\/v2\/types\/post"}],"author":[{"embeddable":true,"href":"https:\/\/historiografija.hr\/index.php?rest_route=\/wp\/v2\/users\/2"}],"replies":[{"embeddable":true,"href":"https:\/\/historiografija.hr\/index.php?rest_route=%2Fwp%2Fv2%2Fcomments&post=46795"}],"version-history":[{"count":1,"href":"https:\/\/historiografija.hr\/index.php?rest_route=\/wp\/v2\/posts\/46795\/revisions"}],"predecessor-version":[{"id":46797,"href":"https:\/\/historiografija.hr\/index.php?rest_route=\/wp\/v2\/posts\/46795\/revisions\/46797"}],"wp:featuredmedia":[{"embeddable":true,"href":"https:\/\/historiografija.hr\/index.php?rest_route=\/wp\/v2\/media\/46796"}],"wp:attachment":[{"href":"https:\/\/historiografija.hr\/index.php?rest_route=%2Fwp%2Fv2%2Fmedia&parent=46795"}],"wp:term":[{"taxonomy":"category","embeddable":true,"href":"https:\/\/historiografija.hr\/index.php?rest_route=%2Fwp%2Fv2%2Fcategories&post=46795"},{"taxonomy":"post_tag","embeddable":true,"href":"https:\/\/historiografija.hr\/index.php?rest_route=%2Fwp%2Fv2%2Ftags&post=46795"}],"curies":[{"name":"wp","href":"https:\/\/api.w.org\/{rel}","templated":true}]}}