{"id":46788,"date":"2025-06-02T15:32:30","date_gmt":"2025-06-02T15:32:30","guid":{"rendered":"https:\/\/historiografija.hr\/?p=46788"},"modified":"2025-06-02T15:32:30","modified_gmt":"2025-06-02T15:32:30","slug":"cetvrti-festival-knjige-u-matici-hrvatskoj","status":"publish","type":"post","link":"https:\/\/historiografija.hr\/?p=46788","title":{"rendered":"\u010cetvrti festival knjige u Matici hrvatskoj"},"content":{"rendered":"\n<p>U Matici hrvatskoj od 5. do 8. lipnja odr\u017eava se \u010cetvrti festival knjige pod sloganom <em>Matica dobrih knjiga<\/em>. Uz predstavljanja novih naslova Mati\u010dinih ogranka iz svih dijelova Hrvatske, na Festivalu \u0107e sudjelovati i ogranci iz Bosne i Hercegovine, kao i gosti. Ove su godine to nakladni\u010dke ku\u0107e: Alfa, Disput, Dru\u0161tvo hrvatskih knji\u017eevnika, Fakultet hrvatskih studija Sveu\u010dili\u0161ta u Zagrebu, Hrvatska sveu\u010dili\u0161na naklada, Hrvatski institut za povijest, Kr\u0161\u0107anska sada\u0161njost i Naklada Ljevak.<\/p>\n\n\n\n<p>Osim u predstavljanjima novih izdanja, tijekom \u010detiri festivalska dana, posjetitelji \u0107e u dvori\u0161tu Mati\u010dine Pala\u010de (Strossmayerov trg 4) mo\u0107i u\u017eivati u koncertima, Ve\u010deri poezije, ali i \u201eDoru\u010dku s pjesnikinjama\u201c.<\/p>\n\n\n\n<p>Sve\u010dano otvaranje Festivala odr\u017eava se u \u010detvrtak, 5. lipnja u 19 sati, prethodno se u 18.30 sati u Galeriji Matice hrvatske otvara izlo\u017eba &#8220;Portreti Tina Ujevi\u0107a u povodu 70. obljetnice smrti&#8221; u organizaciji Matice hrvatske i Muzeja moderne umjetnosti Sveu\u010dili\u0161ta u Mostaru.<\/p>\n\n\n\n<p>\u010cetvrti festival knjige u Matici hrvatskoj poduprli su Grad Zagreb, Ministarstvo kulture i medija RH, sponzori i donatori.<\/p>\n\n\n\n<p>Ulaz je na sva doga\u0111anja besplatan!<\/p>\n\n\n\n<p>Vi\u0161e informacija i detaljan program dostupni su na sljede\u0107oj poveznici:<\/p>\n\n\n\n<p><a href=\"https:\/\/www.matica.hr\/zbivanja\/cetvrti-festival-knjige-u-matici-hrvatskoj-4786\">https:\/\/www.matica.hr\/zbivanja\/cetvrti-festival-knjige-u-matici-hrvatskoj-4786<\/a><\/p>\n\n\n\n<hr class=\"wp-block-separator has-alpha-channel-opacity\"\/>\n\n\n\n<p><\/p>\n","protected":false},"excerpt":{"rendered":"","protected":false},"author":2,"featured_media":46789,"comment_status":"open","ping_status":"open","sticky":false,"template":"","format":"standard","meta":{"_acf_changed":false,"jetpack_post_was_ever_published":false,"_jetpack_newsletter_access":"","_jetpack_dont_email_post_to_subs":false,"_jetpack_newsletter_tier_id":0,"_jetpack_memberships_contains_paywalled_content":false,"_jetpack_memberships_contains_paid_content":false,"footnotes":"","jetpack_publicize_message":"","jetpack_publicize_feature_enabled":true,"jetpack_social_post_already_shared":true,"jetpack_social_options":{"image_generator_settings":{"template":"highway","default_image_id":0,"font":"","enabled":false},"version":2}},"categories":[3],"tags":[],"class_list":["post-46788","post","type-post","status-publish","format-standard","has-post-thumbnail","hentry","category-novosti"],"acf":{"facebook_opis":""},"jetpack_publicize_connections":[],"jetpack_featured_media_url":"https:\/\/i0.wp.com\/historiografija.hr\/wp-content\/uploads\/2025\/06\/FKMH-4-vizual.png?fit=1024%2C576&ssl=1","jetpack_sharing_enabled":true,"jetpack-related-posts":[],"_links":{"self":[{"href":"https:\/\/historiografija.hr\/index.php?rest_route=\/wp\/v2\/posts\/46788","targetHints":{"allow":["GET"]}}],"collection":[{"href":"https:\/\/historiografija.hr\/index.php?rest_route=\/wp\/v2\/posts"}],"about":[{"href":"https:\/\/historiografija.hr\/index.php?rest_route=\/wp\/v2\/types\/post"}],"author":[{"embeddable":true,"href":"https:\/\/historiografija.hr\/index.php?rest_route=\/wp\/v2\/users\/2"}],"replies":[{"embeddable":true,"href":"https:\/\/historiografija.hr\/index.php?rest_route=%2Fwp%2Fv2%2Fcomments&post=46788"}],"version-history":[{"count":1,"href":"https:\/\/historiografija.hr\/index.php?rest_route=\/wp\/v2\/posts\/46788\/revisions"}],"predecessor-version":[{"id":46790,"href":"https:\/\/historiografija.hr\/index.php?rest_route=\/wp\/v2\/posts\/46788\/revisions\/46790"}],"wp:featuredmedia":[{"embeddable":true,"href":"https:\/\/historiografija.hr\/index.php?rest_route=\/wp\/v2\/media\/46789"}],"wp:attachment":[{"href":"https:\/\/historiografija.hr\/index.php?rest_route=%2Fwp%2Fv2%2Fmedia&parent=46788"}],"wp:term":[{"taxonomy":"category","embeddable":true,"href":"https:\/\/historiografija.hr\/index.php?rest_route=%2Fwp%2Fv2%2Fcategories&post=46788"},{"taxonomy":"post_tag","embeddable":true,"href":"https:\/\/historiografija.hr\/index.php?rest_route=%2Fwp%2Fv2%2Ftags&post=46788"}],"curies":[{"name":"wp","href":"https:\/\/api.w.org\/{rel}","templated":true}]}}