{"id":46783,"date":"2025-06-02T15:26:56","date_gmt":"2025-06-02T15:26:56","guid":{"rendered":"https:\/\/historiografija.hr\/?p=46783"},"modified":"2025-06-02T15:26:56","modified_gmt":"2025-06-02T15:26:56","slug":"predstavljanje-zbornika-radova-pod-sjenom-krila-trogirska-komuna-za-vrijeme-venecijanske-uprave-1420-1797-u-zagrebu","status":"publish","type":"post","link":"https:\/\/historiografija.hr\/?p=46783","title":{"rendered":"Predstavljanje zbornika radova \u201cPOD SJENOM KRILA. Trogirska komuna za vrijeme venecijanske uprave 1420. \u2013 1797.\u201c u Zagrebu"},"content":{"rendered":"\n<p>Predstavljanje zbornika radova \u201cPOD SJENOM KRILA. Trogirska komuna za vrijeme venecijanske uprave 1420. \u2013 1797.\u201c odr\u017eat \u0107e se u subotu, 7. lipnja 2025. u 12 sati u Knji\u017enici i \u010ditaonici Bogdan Ogrizovi\u0107 u Zagrebu.<\/p>\n\n\n\n<hr class=\"wp-block-separator has-alpha-channel-opacity\"\/>\n\n\n\n<figure class=\"wp-block-image size-full\"><img data-recalc-dims=\"1\" loading=\"lazy\" decoding=\"async\" width=\"860\" height=\"410\" data-attachment-id=\"46784\" data-permalink=\"https:\/\/historiografija.hr\/?attachment_id=46784\" data-orig-file=\"https:\/\/i0.wp.com\/historiografija.hr\/wp-content\/uploads\/2025\/06\/pozivnica-pod-sjenom-krila.jpg?fit=1024%2C488&amp;ssl=1\" data-orig-size=\"1024,488\" data-comments-opened=\"1\" data-image-meta=\"{&quot;aperture&quot;:&quot;0&quot;,&quot;credit&quot;:&quot;&quot;,&quot;camera&quot;:&quot;&quot;,&quot;caption&quot;:&quot;&quot;,&quot;created_timestamp&quot;:&quot;0&quot;,&quot;copyright&quot;:&quot;&quot;,&quot;focal_length&quot;:&quot;0&quot;,&quot;iso&quot;:&quot;0&quot;,&quot;shutter_speed&quot;:&quot;0&quot;,&quot;title&quot;:&quot;&quot;,&quot;orientation&quot;:&quot;0&quot;}\" data-image-title=\"pozivnica-pod-sjenom-krila\" data-image-description=\"\" data-image-caption=\"\" data-large-file=\"https:\/\/i0.wp.com\/historiografija.hr\/wp-content\/uploads\/2025\/06\/pozivnica-pod-sjenom-krila.jpg?fit=860%2C410&amp;ssl=1\" src=\"https:\/\/i0.wp.com\/historiografija.hr\/wp-content\/uploads\/2025\/06\/pozivnica-pod-sjenom-krila.jpg?resize=860%2C410&#038;ssl=1\" alt=\"\" class=\"wp-image-46784\" srcset=\"https:\/\/i0.wp.com\/historiografija.hr\/wp-content\/uploads\/2025\/06\/pozivnica-pod-sjenom-krila.jpg?w=1024&amp;ssl=1 1024w, https:\/\/i0.wp.com\/historiografija.hr\/wp-content\/uploads\/2025\/06\/pozivnica-pod-sjenom-krila.jpg?resize=300%2C143&amp;ssl=1 300w, https:\/\/i0.wp.com\/historiografija.hr\/wp-content\/uploads\/2025\/06\/pozivnica-pod-sjenom-krila.jpg?resize=768%2C366&amp;ssl=1 768w\" sizes=\"auto, (max-width: 860px) 100vw, 860px\" \/><\/figure>\n\n\n\n<hr class=\"wp-block-separator has-alpha-channel-opacity\"\/>\n\n\n\n<p>Izvor:<\/p>\n\n\n\n<figure class=\"wp-block-embed is-type-wp-embed is-provider-hipzg wp-block-embed-hipzg\"><div class=\"wp-block-embed__wrapper\">\n<blockquote class=\"wp-embedded-content\" data-secret=\"tHUS8bjep4\"><a href=\"https:\/\/www.hipzg.hr\/7-lipnja-2025-u-12-sati-predstavljanje-zbornika-radova-pod-sjenom-krila-trogirska-komuna-za-vrijeme-venecijanske-uprave-1420-1797\/\">7. lipnja 2025. u 12 sati predstavljanje zbornika radova &#8220;POD SJENOM KRILA&#8221; Trogirska komuna za vrijeme venecijanske uprave 1420. \u2013 1797.<\/a><\/blockquote><iframe loading=\"lazy\" class=\"wp-embedded-content\" sandbox=\"allow-scripts\" security=\"restricted\" style=\"position: absolute; visibility: hidden;\" title=\"&#8220;7. lipnja 2025. u 12 sati predstavljanje zbornika radova &#8220;POD SJENOM KRILA&#8221; Trogirska komuna za vrijeme venecijanske uprave 1420. \u2013 1797.&#8221; &#8212; HIPZG\" src=\"https:\/\/www.hipzg.hr\/7-lipnja-2025-u-12-sati-predstavljanje-zbornika-radova-pod-sjenom-krila-trogirska-komuna-za-vrijeme-venecijanske-uprave-1420-1797\/embed\/#?secret=xR5TnebEJE#?secret=tHUS8bjep4\" data-secret=\"tHUS8bjep4\" width=\"600\" height=\"338\" frameborder=\"0\" marginwidth=\"0\" marginheight=\"0\" scrolling=\"no\"><\/iframe>\n<\/div><\/figure>\n\n\n\n<hr class=\"wp-block-separator has-alpha-channel-opacity\"\/>\n","protected":false},"excerpt":{"rendered":"","protected":false},"author":2,"featured_media":46784,"comment_status":"open","ping_status":"open","sticky":false,"template":"","format":"standard","meta":{"_acf_changed":false,"jetpack_post_was_ever_published":false,"_jetpack_newsletter_access":"","_jetpack_dont_email_post_to_subs":false,"_jetpack_newsletter_tier_id":0,"_jetpack_memberships_contains_paywalled_content":false,"_jetpack_memberships_contains_paid_content":false,"footnotes":"","jetpack_publicize_message":"","jetpack_publicize_feature_enabled":true,"jetpack_social_post_already_shared":true,"jetpack_social_options":{"image_generator_settings":{"template":"highway","default_image_id":0,"font":"","enabled":false},"version":2}},"categories":[3],"tags":[],"class_list":["post-46783","post","type-post","status-publish","format-standard","has-post-thumbnail","hentry","category-novosti"],"acf":{"facebook_opis":""},"jetpack_publicize_connections":[],"jetpack_featured_media_url":"https:\/\/i0.wp.com\/historiografija.hr\/wp-content\/uploads\/2025\/06\/pozivnica-pod-sjenom-krila.jpg?fit=1024%2C488&ssl=1","jetpack_sharing_enabled":true,"jetpack-related-posts":[],"_links":{"self":[{"href":"https:\/\/historiografija.hr\/index.php?rest_route=\/wp\/v2\/posts\/46783","targetHints":{"allow":["GET"]}}],"collection":[{"href":"https:\/\/historiografija.hr\/index.php?rest_route=\/wp\/v2\/posts"}],"about":[{"href":"https:\/\/historiografija.hr\/index.php?rest_route=\/wp\/v2\/types\/post"}],"author":[{"embeddable":true,"href":"https:\/\/historiografija.hr\/index.php?rest_route=\/wp\/v2\/users\/2"}],"replies":[{"embeddable":true,"href":"https:\/\/historiografija.hr\/index.php?rest_route=%2Fwp%2Fv2%2Fcomments&post=46783"}],"version-history":[{"count":1,"href":"https:\/\/historiografija.hr\/index.php?rest_route=\/wp\/v2\/posts\/46783\/revisions"}],"predecessor-version":[{"id":46785,"href":"https:\/\/historiografija.hr\/index.php?rest_route=\/wp\/v2\/posts\/46783\/revisions\/46785"}],"wp:featuredmedia":[{"embeddable":true,"href":"https:\/\/historiografija.hr\/index.php?rest_route=\/wp\/v2\/media\/46784"}],"wp:attachment":[{"href":"https:\/\/historiografija.hr\/index.php?rest_route=%2Fwp%2Fv2%2Fmedia&parent=46783"}],"wp:term":[{"taxonomy":"category","embeddable":true,"href":"https:\/\/historiografija.hr\/index.php?rest_route=%2Fwp%2Fv2%2Fcategories&post=46783"},{"taxonomy":"post_tag","embeddable":true,"href":"https:\/\/historiografija.hr\/index.php?rest_route=%2Fwp%2Fv2%2Ftags&post=46783"}],"curies":[{"name":"wp","href":"https:\/\/api.w.org\/{rel}","templated":true}]}}