{"id":46744,"date":"2025-05-28T21:45:46","date_gmt":"2025-05-28T21:45:46","guid":{"rendered":"https:\/\/historiografija.hr\/?p=46744"},"modified":"2025-05-28T21:47:12","modified_gmt":"2025-05-28T21:47:12","slug":"hrvatsko-cesko-drustvo-predavanje-milada-horakova","status":"publish","type":"post","link":"https:\/\/historiografija.hr\/?p=46744","title":{"rendered":"Hrvatsko-\u010de\u0161ko dru\u0161tvo: Predavanje \u201eMilada Hor\u00e1kov\u00e1\u201c"},"content":{"rendered":"\n<p>Hrvatsko-\u010de\u0161ko dru\u0161tvo poziva vas na predavanje \u201eMilada Hor\u00e1kov\u00e1\u201c koje \u0107e odr\u017eati \u017deljko Valenti\u0107 u utorak 3. lipnja 2025. u 19 sati u \u010ce\u0161kom narodnom domu u Zagrebu, Pavla \u0160ubi\u0107a 20.<\/p>\n\n\n\n<hr class=\"wp-block-separator has-alpha-channel-opacity\"\/>\n\n\n\n<p>\u010ce\u0161ka politi\u010darka i pravnica Milada Hor\u00e1kov\u00e1 (1901.\u20131950.), pogubljena prije 75 godina, jedna je od najve\u0107ih \u017ertava \u010dehoslova\u010dkih staljinisti\u010dkih procesa nakon nasilnog komunisti\u010dkog prevrata u velja\u010di 1948. Ova se \u010de\u0161ka humanisti\u010dka heroina zdu\u0161no borila protiv svih najmra\u010dnijih totalitaristi\u010dkih sustava koji su zadesili \u010ce\u0161ku\/\u010cehoslova\u010dku na polovini 20. stolje\u0107a, i nacisti\u010dkog Protektorata \u010ce\u0161ke i Moravske i gotvaldovske \u010cehoslova\u010dke. Ro\u0111ena je kao Milada Kr\u00e1\u013eova, a na Pravnom fakultetu Karlova sveu\u010dili\u0161ta u Pragu diplomirala je 1926. Politi\u010dki je djelovala u \u010cehoslova\u010dkoj narodnoj socijalisti\u010dkoj stranci, gdje je upoznala i supruga, poljoprivrednog in\u017eenjera i novinara Bohuslava Hor\u00e1ka. Nakon okupacije svoje zemlje nakon sramotnog minhenskog diktata pridru\u017euje se pokretu otpora, a Gestapo je uhi\u0107uje 1940. Prvotna smrtna presuda preina\u010dena je u osmogodi\u0161nji zatvor. Oslobodila ju je ameri\u010dka vojska. Nakon rata, u kratkotrajnom vi\u0161estrana\u010dkom sustavu izabrana je 1946. za \u010dlana Ustavotvorne Narodne skup\u0161tine. Odmah nakon komunisti\u010dkog nasilnog prevrata daje ostavku na dan smrti Jana Masaryka, no ostaje u zemlji, za razliku od supruga, iako joj prijatelji savjetuju bijeg. Nakon \u017eestoke kritike novih vlasti komunisti\u010dki je re\u017eim uhi\u0107uje 27. rujna 1949. \u010cehoslova\u010dka tajna policija kopira svoje kagebeovske idole i fizi\u010dki i psihi\u010dki ju maltretira. Su\u0111enje protiv nje i dvanaest kolega zapo\u010delo je 31. svibnja 1950. uz radijsko bla\u0107enje njihova ugleda.\u00a0Zajedno s trojicom optu\u017eenika osu\u0111ena je na smrt ve\u0107 8. lipnja. Unato\u010d apelima Einsteina, Churchilla, Sartrea i Eleanor Roosevelt za preinaku kazne, pogubljena je u zatvoru Pankr\u00e1c 27. lipnja uz posebno sadisti\u010dko vje\u0161anje. Na predavanju \u0107e se govoriti i o svjedo\u010danstvima Ane Mili\u0107 Pecl, \u010diji je suprug tako\u0111er pogubljen na procesu Hor\u00e1kovoj. I sama je bila zato\u010denicom \u010dehoslova\u010dkih kazamata, a bila je i vi\u0161egodi\u0161nja Miladina prijateljica i suborkinja.<\/p>\n\n\n\n<hr class=\"wp-block-separator has-alpha-channel-opacity\"\/>\n\n\n\n<p><\/p>\n","protected":false},"excerpt":{"rendered":"","protected":false},"author":2,"featured_media":46748,"comment_status":"open","ping_status":"open","sticky":false,"template":"","format":"standard","meta":{"_acf_changed":false,"jetpack_post_was_ever_published":false,"_jetpack_newsletter_access":"","_jetpack_dont_email_post_to_subs":false,"_jetpack_newsletter_tier_id":0,"_jetpack_memberships_contains_paywalled_content":false,"_jetpack_memberships_contains_paid_content":false,"footnotes":"","jetpack_publicize_message":"","jetpack_publicize_feature_enabled":true,"jetpack_social_post_already_shared":true,"jetpack_social_options":{"image_generator_settings":{"template":"highway","default_image_id":0,"font":"","enabled":false},"version":2}},"categories":[3],"tags":[],"class_list":["post-46744","post","type-post","status-publish","format-standard","has-post-thumbnail","hentry","category-novosti"],"acf":{"facebook_opis":""},"jetpack_publicize_connections":[],"jetpack_featured_media_url":"https:\/\/i0.wp.com\/historiografija.hr\/wp-content\/uploads\/2025\/05\/horakova.jpeg?fit=1280%2C525&ssl=1","jetpack_sharing_enabled":true,"jetpack-related-posts":[],"_links":{"self":[{"href":"https:\/\/historiografija.hr\/index.php?rest_route=\/wp\/v2\/posts\/46744","targetHints":{"allow":["GET"]}}],"collection":[{"href":"https:\/\/historiografija.hr\/index.php?rest_route=\/wp\/v2\/posts"}],"about":[{"href":"https:\/\/historiografija.hr\/index.php?rest_route=\/wp\/v2\/types\/post"}],"author":[{"embeddable":true,"href":"https:\/\/historiografija.hr\/index.php?rest_route=\/wp\/v2\/users\/2"}],"replies":[{"embeddable":true,"href":"https:\/\/historiografija.hr\/index.php?rest_route=%2Fwp%2Fv2%2Fcomments&post=46744"}],"version-history":[{"count":2,"href":"https:\/\/historiografija.hr\/index.php?rest_route=\/wp\/v2\/posts\/46744\/revisions"}],"predecessor-version":[{"id":46747,"href":"https:\/\/historiografija.hr\/index.php?rest_route=\/wp\/v2\/posts\/46744\/revisions\/46747"}],"wp:featuredmedia":[{"embeddable":true,"href":"https:\/\/historiografija.hr\/index.php?rest_route=\/wp\/v2\/media\/46748"}],"wp:attachment":[{"href":"https:\/\/historiografija.hr\/index.php?rest_route=%2Fwp%2Fv2%2Fmedia&parent=46744"}],"wp:term":[{"taxonomy":"category","embeddable":true,"href":"https:\/\/historiografija.hr\/index.php?rest_route=%2Fwp%2Fv2%2Fcategories&post=46744"},{"taxonomy":"post_tag","embeddable":true,"href":"https:\/\/historiografija.hr\/index.php?rest_route=%2Fwp%2Fv2%2Ftags&post=46744"}],"curies":[{"name":"wp","href":"https:\/\/api.w.org\/{rel}","templated":true}]}}