{"id":46741,"date":"2025-05-27T22:52:14","date_gmt":"2025-05-27T22:52:14","guid":{"rendered":"https:\/\/historiografija.hr\/?p=46741"},"modified":"2025-05-27T22:52:14","modified_gmt":"2025-05-27T22:52:14","slug":"razgovor-o-knjizi-dragana-popovica-o-genocidu-u-srebrenici-gubljenje-ljudskosti-u-novom-sadu","status":"publish","type":"post","link":"https:\/\/historiografija.hr\/?p=46741","title":{"rendered":"Razgovor o knjizi Dragana Popovi\u0107a o genocidu u Srebrenici \u201eGubljenje ljudskosti\u201c u Novom Sadu"},"content":{"rendered":"\n<p>Festival pomirenja Novi Sad i Pro Peace \u2013 Serbia organiziraju razgovor o knjizi Dragana Popovi\u0107a <em>Gubljenje ljudskosti.<\/em> Radi se o istoriografskoj studiji o genocidu u Srebrenici u julu 1995. godine.<\/p>\n\n\n\n<p>U knjizi se obra\u0111uje sam tok zlo\u010dina, uklju\u010duju\u0107i njegovo planiranje, izvr\u0161enje i prikrivanje, ali i periodi prije i nakon jula 1995, kako bi se dobila kompletna slika o ovom va\u017enom i traumati\u010dnom doga\u0111aju iz jugoslovenskih ratova.<\/p>\n\n\n\n<p>Me\u0111u temama kojima se djelo bavi su i odnosi Srbije i svijeta prema zlo\u010dinu u Srebrenici, uticaj Srebrenice na me\u0111unarodno pravo, me\u0111unarodne odnose i razvoj nauke, kao i narativi poricanja zlo\u010dina.<\/p>\n\n\n\n<p>Knjiga je pisana na osnovu bogate arhivske gra\u0111e Ha\u0161kog tribunala, doma\u0107ih sudova i organizacija za ljudska prava, kao i ve\u0107 postoje\u0107e literature.<\/p>\n\n\n\n<p>Knjiga \u201cGubljenje ljudskosti\u201d je poziv struci, gra\u0111anima i gra\u0111ankama na razgovor i promi\u0161ljanje u godini obilje\u017eavanja tridesetogodi\u0161njice od zlo\u010dina u Srebrenici.<\/p>\n\n\n\n<p>Izdava\u010di Pro Peace &#8211; Serbia i Udru\u017eenje za modernu historiju (UMHIS) vjeruju da je nau\u010dni i otvoren pristup skroman, a neophodan doprinos ciljevima koje dijele sa Festivalom pomirenja, doma\u0107inom premijernog predstavljanja knjige.<\/p>\n\n\n\n<p>Govornici i govornice:<\/p>\n\n\n\n<p>\u2022 dr Dragan Popovi\u0107 (autor knjige) je istori\u010dar i dugogodi\u0161nji aktivista za ljudska prava, sa akademskim obrazovanjem iz prava i istorije. Svojim istra\u017eiva\u010dkim i prakti\u010dnim radom fokusira se na kulturu sje\u0107anja, politike istorije, nacionalizam i istoriju Jugoslavije, posebno kroz anga\u017eman u civilnom dru\u0161tvu. Autor je brojnih analiza i izvje\u0161taja iz oblasti ljudskih i manjinskih prava i vladavine prava, a njegovi nau\u010dni radovi objavljeni su u doma\u0107im i me\u0111unarodnim \u010dasopisima. Pored toga, aktivan je kao predava\u010d u obrazovnim programima koji se bave suo\u010davanjem s pro\u0161lo\u0161\u0107u. Ro\u0111en je u Kraljevu, a \u017eivi i radi u Beogradu.<\/p>\n\n\n\n<p>\u2022 Nata\u0161a Govedarica (direktorka Pro Peace, izdava\u010da knjige)<\/p>\n\n\n\n<p>\u2022 Jovana Kolari\u0107 (sociolo\u0161kinja i aktivistkinja, Fond za humanitarno pravo)<\/p>\n\n\n\n<p>\u2022 Milivoj Be\u0161lin (istori\u010dar i vi\u0161i nau\u010dni saradnik Instituta za filozofiju i dru\u0161tvenu teoriju Univerziteta u Beogradu)<\/p>\n\n\n\n<p>\u2022 Nemanja Stjepanovi\u0107 (novinar, istra\u017eiva\u010d, Mehanizam za me\u0111unarodne krivi\u010dne sudove)<\/p>\n\n\n\n<p>Moderira:<\/p>\n\n\n\n<p>\u2022 Vladimir Arseni\u0107 (urednik knjige; knji\u017eevni kriti\u010dar, urednik i prevodilac)<\/p>\n\n\n\n<p>Razgovor \u0107e se odr\u017eati u \u010detvrtak 29. maja 2025. u 18:00 sati u knji\u017eari Zenit u Novom Sadu.<\/p>\n\n\n\n<hr class=\"wp-block-separator has-alpha-channel-opacity\"\/>\n\n\n\n<p>Preneseno s portala <strong>Historiografija.ba<\/strong>:<\/p>\n\n\n\n<p><a href=\"https:\/\/historiografija.ba\/historija-u-javnosti\/dogadjaji\/u-novom-sadu-razgovor-o-knjizi-koja-se-bavi-genocidom-u-srebrenici\">https:\/\/historiografija.ba\/historija-u-javnosti\/dogadjaji\/u-novom-sadu-razgovor-o-knjizi-koja-se-bavi-genocidom-u-srebrenici<\/a><\/p>\n\n\n\n<hr class=\"wp-block-separator has-alpha-channel-opacity\"\/>\n","protected":false},"excerpt":{"rendered":"","protected":false},"author":2,"featured_media":46742,"comment_status":"open","ping_status":"open","sticky":false,"template":"","format":"standard","meta":{"_acf_changed":false,"jetpack_post_was_ever_published":false,"_jetpack_newsletter_access":"","_jetpack_dont_email_post_to_subs":false,"_jetpack_newsletter_tier_id":0,"_jetpack_memberships_contains_paywalled_content":false,"_jetpack_memberships_contains_paid_content":false,"footnotes":"","jetpack_publicize_message":"","jetpack_publicize_feature_enabled":true,"jetpack_social_post_already_shared":true,"jetpack_social_options":{"image_generator_settings":{"template":"highway","default_image_id":0,"font":"","enabled":false},"version":2}},"categories":[3],"tags":[],"class_list":["post-46741","post","type-post","status-publish","format-standard","has-post-thumbnail","hentry","category-novosti"],"acf":{"facebook_opis":""},"jetpack_publicize_connections":[],"jetpack_featured_media_url":"https:\/\/i0.wp.com\/historiografija.hr\/wp-content\/uploads\/2025\/05\/Festival_pomirenja.jpg?fit=1640%2C924&ssl=1","jetpack_sharing_enabled":true,"jetpack-related-posts":[],"_links":{"self":[{"href":"https:\/\/historiografija.hr\/index.php?rest_route=\/wp\/v2\/posts\/46741","targetHints":{"allow":["GET"]}}],"collection":[{"href":"https:\/\/historiografija.hr\/index.php?rest_route=\/wp\/v2\/posts"}],"about":[{"href":"https:\/\/historiografija.hr\/index.php?rest_route=\/wp\/v2\/types\/post"}],"author":[{"embeddable":true,"href":"https:\/\/historiografija.hr\/index.php?rest_route=\/wp\/v2\/users\/2"}],"replies":[{"embeddable":true,"href":"https:\/\/historiografija.hr\/index.php?rest_route=%2Fwp%2Fv2%2Fcomments&post=46741"}],"version-history":[{"count":1,"href":"https:\/\/historiografija.hr\/index.php?rest_route=\/wp\/v2\/posts\/46741\/revisions"}],"predecessor-version":[{"id":46743,"href":"https:\/\/historiografija.hr\/index.php?rest_route=\/wp\/v2\/posts\/46741\/revisions\/46743"}],"wp:featuredmedia":[{"embeddable":true,"href":"https:\/\/historiografija.hr\/index.php?rest_route=\/wp\/v2\/media\/46742"}],"wp:attachment":[{"href":"https:\/\/historiografija.hr\/index.php?rest_route=%2Fwp%2Fv2%2Fmedia&parent=46741"}],"wp:term":[{"taxonomy":"category","embeddable":true,"href":"https:\/\/historiografija.hr\/index.php?rest_route=%2Fwp%2Fv2%2Fcategories&post=46741"},{"taxonomy":"post_tag","embeddable":true,"href":"https:\/\/historiografija.hr\/index.php?rest_route=%2Fwp%2Fv2%2Ftags&post=46741"}],"curies":[{"name":"wp","href":"https:\/\/api.w.org\/{rel}","templated":true}]}}