{"id":46726,"date":"2025-05-27T22:03:24","date_gmt":"2025-05-27T22:03:24","guid":{"rendered":"https:\/\/historiografija.hr\/?p=46726"},"modified":"2025-05-27T22:05:12","modified_gmt":"2025-05-27T22:05:12","slug":"javno-predavanje-maskulinitet-mizoginija-i-modernizacija-seksualno-i-tjelesno-nasilje-nad-zenama-u-habsburskoj-bosni","status":"publish","type":"post","link":"https:\/\/historiografija.hr\/?p=46726","title":{"rendered":"Javno predavanje \u201eMaskulinitet, mizoginija i modernizacija: Seksualno i tjelesno nasilje nad \u017eenama u habsbur\u0161koj Bosni\u201c"},"content":{"rendered":"\n<p>Prof. dr. Amila Kasumovi\u0107 (Odsjek za historiju FFUNSA) odr\u017eat \u0107e javno predavanje na temu <em>Maskulinitet, mizoginija i modernizacija: Seksualno i tjelesno nasilje nad \u017eenama u habsbur\u0161koj Bosni<\/em><strong>.<\/strong><\/p>\n\n\n\n<p>Predavanje \u0107e biti odr\u017eano u srijedu 28. maja 2025. godine, 13:00, Univerzitet u Sarajevu \u2013 Filozofski fakultet, sala 125.<\/p>\n\n\n\n<p>Nakon predavanja u istoj sali bit \u0107e odr\u017eana i studentska radionica o povijesti nasilja nad \u017eenama, s po\u010detkom u 14:15.<\/p>\n\n\n\n<p>Predavanje i radionica predstavljaju aktivnosti u sklopu nau\u010dnoistra\u017eiva\u010dkog projekta\u201e\u0160ta (ni)smo nau\u010dili iz povijesti? Edukativne radionice i javna predavanja o nasilju nad \u017eenama\u201c, koji su podr\u017eali Fondacija Heinrich B\u00f6ll i Univerzitet u Sarajevu \u2013 Filozofski fakultet.<\/p>\n\n\n\n<hr class=\"wp-block-separator has-alpha-channel-opacity\"\/>\n\n\n\n<p>Izvor:<\/p>\n\n\n\n<p><a href=\"https:\/\/historiografija.ba\/historija-u-javnosti\/dogadjaji\/predavanje-i-edukativna-radionica-o-seksualnom-nasilju-nad-zenama-u-habsburskoj-bosni\">https:\/\/historiografija.ba\/historija-u-javnosti\/dogadjaji\/predavanje-i-edukativna-radionica-o-seksualnom-nasilju-nad-zenama-u-habsburskoj-bosni<\/a><\/p>\n\n\n\n<hr class=\"wp-block-separator has-alpha-channel-opacity\"\/>\n","protected":false},"excerpt":{"rendered":"","protected":false},"author":2,"featured_media":46727,"comment_status":"open","ping_status":"open","sticky":false,"template":"","format":"standard","meta":{"_acf_changed":false,"jetpack_post_was_ever_published":false,"_jetpack_newsletter_access":"","_jetpack_dont_email_post_to_subs":false,"_jetpack_newsletter_tier_id":0,"_jetpack_memberships_contains_paywalled_content":false,"_jetpack_memberships_contains_paid_content":false,"footnotes":"","jetpack_publicize_message":"","jetpack_publicize_feature_enabled":true,"jetpack_social_post_already_shared":true,"jetpack_social_options":{"image_generator_settings":{"template":"highway","default_image_id":0,"font":"","enabled":false},"version":2}},"categories":[3],"tags":[],"class_list":["post-46726","post","type-post","status-publish","format-standard","has-post-thumbnail","hentry","category-novosti"],"acf":{"facebook_opis":""},"jetpack_publicize_connections":[],"jetpack_featured_media_url":"https:\/\/i0.wp.com\/historiografija.hr\/wp-content\/uploads\/2025\/05\/seksualno-i-tjelesno-nasilje-nad-zenama.jpg?fit=450%2C636&ssl=1","jetpack_sharing_enabled":true,"jetpack-related-posts":[],"_links":{"self":[{"href":"https:\/\/historiografija.hr\/index.php?rest_route=\/wp\/v2\/posts\/46726","targetHints":{"allow":["GET"]}}],"collection":[{"href":"https:\/\/historiografija.hr\/index.php?rest_route=\/wp\/v2\/posts"}],"about":[{"href":"https:\/\/historiografija.hr\/index.php?rest_route=\/wp\/v2\/types\/post"}],"author":[{"embeddable":true,"href":"https:\/\/historiografija.hr\/index.php?rest_route=\/wp\/v2\/users\/2"}],"replies":[{"embeddable":true,"href":"https:\/\/historiografija.hr\/index.php?rest_route=%2Fwp%2Fv2%2Fcomments&post=46726"}],"version-history":[{"count":2,"href":"https:\/\/historiografija.hr\/index.php?rest_route=\/wp\/v2\/posts\/46726\/revisions"}],"predecessor-version":[{"id":46729,"href":"https:\/\/historiografija.hr\/index.php?rest_route=\/wp\/v2\/posts\/46726\/revisions\/46729"}],"wp:featuredmedia":[{"embeddable":true,"href":"https:\/\/historiografija.hr\/index.php?rest_route=\/wp\/v2\/media\/46727"}],"wp:attachment":[{"href":"https:\/\/historiografija.hr\/index.php?rest_route=%2Fwp%2Fv2%2Fmedia&parent=46726"}],"wp:term":[{"taxonomy":"category","embeddable":true,"href":"https:\/\/historiografija.hr\/index.php?rest_route=%2Fwp%2Fv2%2Fcategories&post=46726"},{"taxonomy":"post_tag","embeddable":true,"href":"https:\/\/historiografija.hr\/index.php?rest_route=%2Fwp%2Fv2%2Ftags&post=46726"}],"curies":[{"name":"wp","href":"https:\/\/api.w.org\/{rel}","templated":true}]}}