{"id":46723,"date":"2025-05-26T14:00:19","date_gmt":"2025-05-26T14:00:19","guid":{"rendered":"https:\/\/historiografija.hr\/?p=46723"},"modified":"2025-05-26T14:00:19","modified_gmt":"2025-05-26T14:00:19","slug":"buchdiskussion-the-disputed-austro-hungarian-border-agendas-actors-and-practices-in-western-hungary-burgenland-after-world-war-i","status":"publish","type":"post","link":"https:\/\/historiografija.hr\/?p=46723","title":{"rendered":"Buchdiskussion \u201eThe Disputed Austro-Hungarian Border. Agendas, Actors, and Practices in Western Hungary\/Burgenland after World War I\u201c"},"content":{"rendered":"\n<p>Am 28.05.2025, 12:15 Uhr<\/p>\n\n\n\n<p>Ort: Humboldt-Universit\u00e4t zu Berlin, Institut F\u00fcr Geschichtswissenschaften (Raum 5061), Friedrichstra\u00dfe 191-193, 10117 Berlin<\/p>\n\n\n\n<p><strong>Hannes Grandits<\/strong> ist Professor f\u00fcr S\u00fcdosteurop\u00e4ische &nbsp;Geschichte an der Humboldt-Universit\u00e4t zu Berlin<\/p>\n\n\n\n<p><strong>Katharina Tyran<\/strong> ist Associate Professor f\u00fcr Slawische Philologie an der Universit\u00e4t Helsinki<\/p>\n\n\n\n<p><strong>G\u00e1bor Egry<\/strong> ist Leiter des Instituts f\u00fcr politische Geschichte in Budapest und derzeit Fellow am Wissenschaftskolleg zu Berlin<\/p>\n\n\n\n<p><a href=\"https:\/\/www.sogde.org\/de\/events\/the-disputed-austro-hungarian-border-agendas-actors-and-practices-in-western-hungary-burgenland-after-world-war-i\">https:\/\/www.sogde.org\/de\/events\/the-disputed-austro-hungarian-border-agendas-actors-and-practices-in-western-hungary-burgenland-after-world-war-i<\/a><\/p>\n\n\n\n<p><a href=\"https:\/\/www.geschichte.hu-berlin.de\/en\/bereiche-und-lehrstuehle-en\/suedosteuropaeische-geschichte-en\/aktuelles\">https:\/\/www.geschichte.hu-berlin.de\/en\/bereiche-und-lehrstuehle-en\/suedosteuropaeische-geschichte-en\/aktuelles<\/a><\/p>\n\n\n\n<hr class=\"wp-block-separator has-alpha-channel-opacity\"\/>\n","protected":false},"excerpt":{"rendered":"","protected":false},"author":2,"featured_media":46696,"comment_status":"open","ping_status":"open","sticky":false,"template":"","format":"standard","meta":{"_acf_changed":false,"jetpack_post_was_ever_published":false,"_jetpack_newsletter_access":"","_jetpack_dont_email_post_to_subs":false,"_jetpack_newsletter_tier_id":0,"_jetpack_memberships_contains_paywalled_content":false,"_jetpack_memberships_contains_paid_content":false,"footnotes":"","jetpack_publicize_message":"","jetpack_publicize_feature_enabled":true,"jetpack_social_post_already_shared":true,"jetpack_social_options":{"image_generator_settings":{"template":"highway","default_image_id":0,"font":"","enabled":false},"version":2}},"categories":[3],"tags":[],"class_list":["post-46723","post","type-post","status-publish","format-standard","has-post-thumbnail","hentry","category-novosti"],"acf":{"facebook_opis":""},"jetpack_publicize_connections":[],"jetpack_featured_media_url":"https:\/\/i0.wp.com\/historiografija.hr\/wp-content\/uploads\/2025\/05\/Grandits_Disputed.jpg?fit=400%2C598&ssl=1","jetpack_sharing_enabled":true,"jetpack-related-posts":[],"_links":{"self":[{"href":"https:\/\/historiografija.hr\/index.php?rest_route=\/wp\/v2\/posts\/46723","targetHints":{"allow":["GET"]}}],"collection":[{"href":"https:\/\/historiografija.hr\/index.php?rest_route=\/wp\/v2\/posts"}],"about":[{"href":"https:\/\/historiografija.hr\/index.php?rest_route=\/wp\/v2\/types\/post"}],"author":[{"embeddable":true,"href":"https:\/\/historiografija.hr\/index.php?rest_route=\/wp\/v2\/users\/2"}],"replies":[{"embeddable":true,"href":"https:\/\/historiografija.hr\/index.php?rest_route=%2Fwp%2Fv2%2Fcomments&post=46723"}],"version-history":[{"count":1,"href":"https:\/\/historiografija.hr\/index.php?rest_route=\/wp\/v2\/posts\/46723\/revisions"}],"predecessor-version":[{"id":46724,"href":"https:\/\/historiografija.hr\/index.php?rest_route=\/wp\/v2\/posts\/46723\/revisions\/46724"}],"wp:featuredmedia":[{"embeddable":true,"href":"https:\/\/historiografija.hr\/index.php?rest_route=\/wp\/v2\/media\/46696"}],"wp:attachment":[{"href":"https:\/\/historiografija.hr\/index.php?rest_route=%2Fwp%2Fv2%2Fmedia&parent=46723"}],"wp:term":[{"taxonomy":"category","embeddable":true,"href":"https:\/\/historiografija.hr\/index.php?rest_route=%2Fwp%2Fv2%2Fcategories&post=46723"},{"taxonomy":"post_tag","embeddable":true,"href":"https:\/\/historiografija.hr\/index.php?rest_route=%2Fwp%2Fv2%2Ftags&post=46723"}],"curies":[{"name":"wp","href":"https:\/\/api.w.org\/{rel}","templated":true}]}}