{"id":46717,"date":"2025-05-26T13:51:43","date_gmt":"2025-05-26T13:51:43","guid":{"rendered":"https:\/\/historiografija.hr\/?p=46717"},"modified":"2025-05-26T13:51:43","modified_gmt":"2025-05-26T13:51:43","slug":"gostujuce-predavanje-ivana-majnarica-drustveno-normativni-polozaj-pojedinca-u-kasnosrednjovjekovnom-dalmatinskom-gradu-i-njegovom-zaledu-u-osijeku","status":"publish","type":"post","link":"https:\/\/historiografija.hr\/?p=46717","title":{"rendered":"Gostuju\u0107e predavanje Ivana Majnari\u0107a \u201eDru\u0161tveno-normativni polo\u017eaj pojedinca u kasnosrednjovjekovnom dalmatinskom gradu i njegovom zale\u0111u\u201c u Osijeku"},"content":{"rendered":"\n<p>U utorak, 27. svibnja 2025., u 13.15 na Filozofskom fakultetu u Osijeku u u\u010dionici 53 odr\u017eat \u0107e se gostuju\u0107e predavanje prof. dr. sc. Ivana Majnari\u0107a s Katoli\u010dkog sveu\u010dili\u0161ta u Zagrebu, s temom <em>Dru\u0161tveno-normativni polo\u017eaj pojedinca u kasnosrednjovjekovnom dalmatinskom gradu i njegovom zale\u0111u<\/em>.<\/p>\n\n\n\n<p>Predavanje \u0107e razmatrati polo\u017eaj pojedinca u kasnosrednjovjekovnom isto\u010dnojadranskom obalnom gradu u kontekstu spoja gradskih normativnih odredbi i organizacije tamo\u0161njeg dru\u0161tva. Pritom \u0107e se osobito naglasiti zna\u010daj socijalnog kapitala, dru\u0161tvenog umre\u017eivanja i administrativnih slu\u017ebi za oblikovanje polo\u017eaja pojedinca. Istodobno \u0107e se sve navedeno uspore\u0111ivati s polo\u017eajem pojedinca u zale\u0111u gradova, na jurisdikcijskom podru\u010dju Kraljevine Hrvatske.<\/p>\n\n\n\n<hr class=\"wp-block-separator has-alpha-channel-opacity\"\/>\n\n\n\n<p>Izvor:<\/p>\n\n\n\n<figure class=\"wp-block-embed is-type-wp-embed is-provider-filozofski-fakultet-osijek wp-block-embed-filozofski-fakultet-osijek\"><div class=\"wp-block-embed__wrapper\">\n<blockquote class=\"wp-embedded-content\" data-secret=\"V6RyrenQtJ\"><a href=\"https:\/\/www.ffos.unios.hr\/gostujuce-predavanje-prof-dr-sc-ivana-majnarica-drustveno-normativni-polozaj-pojedinca-u-kasnosrednjovjekovnom-dalmatinskom-gradu-i-njegovom-zaledu\/\">Gostuju\u0107e predavanje prof. dr. sc. Ivana Majnari\u0107a: Dru\u0161tveno-normativni polo\u017eaj pojedinca u kasnosrednjovjekovnom dalmatinskom gradu i njegovom zale\u0111u<\/a><\/blockquote><iframe loading=\"lazy\" class=\"wp-embedded-content\" sandbox=\"allow-scripts\" security=\"restricted\" style=\"position: absolute; visibility: hidden;\" title=\"&#8220;Gostuju\u0107e predavanje prof. dr. sc. Ivana Majnari\u0107a: Dru\u0161tveno-normativni polo\u017eaj pojedinca u kasnosrednjovjekovnom dalmatinskom gradu i njegovom zale\u0111u&#8221; &#8212; Filozofski fakultet Osijek\" src=\"https:\/\/www.ffos.unios.hr\/gostujuce-predavanje-prof-dr-sc-ivana-majnarica-drustveno-normativni-polozaj-pojedinca-u-kasnosrednjovjekovnom-dalmatinskom-gradu-i-njegovom-zaledu\/embed\/#?secret=pPBSKEZRdK#?secret=V6RyrenQtJ\" data-secret=\"V6RyrenQtJ\" width=\"600\" height=\"338\" frameborder=\"0\" marginwidth=\"0\" marginheight=\"0\" scrolling=\"no\"><\/iframe>\n<\/div><\/figure>\n\n\n\n<hr class=\"wp-block-separator has-alpha-channel-opacity\"\/>\n","protected":false},"excerpt":{"rendered":"","protected":false},"author":2,"featured_media":46718,"comment_status":"open","ping_status":"open","sticky":false,"template":"","format":"standard","meta":{"_acf_changed":false,"jetpack_post_was_ever_published":false,"_jetpack_newsletter_access":"","_jetpack_dont_email_post_to_subs":false,"_jetpack_newsletter_tier_id":0,"_jetpack_memberships_contains_paywalled_content":false,"_jetpack_memberships_contains_paid_content":false,"footnotes":"","jetpack_publicize_message":"","jetpack_publicize_feature_enabled":true,"jetpack_social_post_already_shared":true,"jetpack_social_options":{"image_generator_settings":{"template":"highway","default_image_id":0,"font":"","enabled":false},"version":2}},"categories":[3],"tags":[],"class_list":["post-46717","post","type-post","status-publish","format-standard","has-post-thumbnail","hentry","category-novosti"],"acf":{"facebook_opis":""},"jetpack_publicize_connections":[],"jetpack_featured_media_url":"https:\/\/i0.wp.com\/historiografija.hr\/wp-content\/uploads\/2025\/05\/Majnaric.jpg?fit=768%2C688&ssl=1","jetpack_sharing_enabled":true,"jetpack-related-posts":[],"_links":{"self":[{"href":"https:\/\/historiografija.hr\/index.php?rest_route=\/wp\/v2\/posts\/46717","targetHints":{"allow":["GET"]}}],"collection":[{"href":"https:\/\/historiografija.hr\/index.php?rest_route=\/wp\/v2\/posts"}],"about":[{"href":"https:\/\/historiografija.hr\/index.php?rest_route=\/wp\/v2\/types\/post"}],"author":[{"embeddable":true,"href":"https:\/\/historiografija.hr\/index.php?rest_route=\/wp\/v2\/users\/2"}],"replies":[{"embeddable":true,"href":"https:\/\/historiografija.hr\/index.php?rest_route=%2Fwp%2Fv2%2Fcomments&post=46717"}],"version-history":[{"count":1,"href":"https:\/\/historiografija.hr\/index.php?rest_route=\/wp\/v2\/posts\/46717\/revisions"}],"predecessor-version":[{"id":46719,"href":"https:\/\/historiografija.hr\/index.php?rest_route=\/wp\/v2\/posts\/46717\/revisions\/46719"}],"wp:featuredmedia":[{"embeddable":true,"href":"https:\/\/historiografija.hr\/index.php?rest_route=\/wp\/v2\/media\/46718"}],"wp:attachment":[{"href":"https:\/\/historiografija.hr\/index.php?rest_route=%2Fwp%2Fv2%2Fmedia&parent=46717"}],"wp:term":[{"taxonomy":"category","embeddable":true,"href":"https:\/\/historiografija.hr\/index.php?rest_route=%2Fwp%2Fv2%2Fcategories&post=46717"},{"taxonomy":"post_tag","embeddable":true,"href":"https:\/\/historiografija.hr\/index.php?rest_route=%2Fwp%2Fv2%2Ftags&post=46717"}],"curies":[{"name":"wp","href":"https:\/\/api.w.org\/{rel}","templated":true}]}}