{"id":46713,"date":"2025-05-26T13:45:05","date_gmt":"2025-05-26T13:45:05","guid":{"rendered":"https:\/\/historiografija.hr\/?p=46713"},"modified":"2025-05-26T13:45:52","modified_gmt":"2025-05-26T13:45:52","slug":"okrugli-stol-iz-knezevine-u-kraljevinu-hrvatska-u-9-i-na-pocetku-10-stoljeca-u-zupanji","status":"publish","type":"post","link":"https:\/\/historiografija.hr\/?p=46713","title":{"rendered":"Okrugli stol \u201eIz Kne\u017eevine u Kraljevinu: Hrvatska u 9. i na po\u010detku 10. stolje\u0107a\u201c u \u017dupanji"},"content":{"rendered":"\n<p>Povodom 1100. obljetnice Hrvatskog Kraljevstva odr\u017eat \u0107e se u \u010detvrtak, 29. svibnja 2025. u 12 sati u \u017dupanji okrugli stol \u201eIz Kne\u017eevine u Kraljevinu: Hrvatska u 9. i na po\u010detku 10. stolje\u0107a\u201c, na kojem sudjeluju Ivan Majnari\u0107, Ante Birin i Zrinka Pe\u0161orda Vardi\u0107.<\/p>\n\n\n\n<hr class=\"wp-block-separator has-alpha-channel-opacity\"\/>\n\n\n\n<figure class=\"wp-block-image size-full\"><img data-recalc-dims=\"1\" loading=\"lazy\" decoding=\"async\" width=\"860\" height=\"451\" data-attachment-id=\"46714\" data-permalink=\"https:\/\/historiografija.hr\/?attachment_id=46714\" data-orig-file=\"https:\/\/i0.wp.com\/historiografija.hr\/wp-content\/uploads\/2025\/05\/1100-Zupanja.jpg?fit=960%2C503&amp;ssl=1\" data-orig-size=\"960,503\" data-comments-opened=\"1\" data-image-meta=\"{&quot;aperture&quot;:&quot;0&quot;,&quot;credit&quot;:&quot;&quot;,&quot;camera&quot;:&quot;&quot;,&quot;caption&quot;:&quot;&quot;,&quot;created_timestamp&quot;:&quot;0&quot;,&quot;copyright&quot;:&quot;&quot;,&quot;focal_length&quot;:&quot;0&quot;,&quot;iso&quot;:&quot;0&quot;,&quot;shutter_speed&quot;:&quot;0&quot;,&quot;title&quot;:&quot;&quot;,&quot;orientation&quot;:&quot;0&quot;}\" data-image-title=\"1100-Zupanja\" data-image-description=\"\" data-image-caption=\"\" data-large-file=\"https:\/\/i0.wp.com\/historiografija.hr\/wp-content\/uploads\/2025\/05\/1100-Zupanja.jpg?fit=860%2C451&amp;ssl=1\" src=\"https:\/\/i0.wp.com\/historiografija.hr\/wp-content\/uploads\/2025\/05\/1100-Zupanja.jpg?resize=860%2C451&#038;ssl=1\" alt=\"\" class=\"wp-image-46714\" srcset=\"https:\/\/i0.wp.com\/historiografija.hr\/wp-content\/uploads\/2025\/05\/1100-Zupanja.jpg?w=960&amp;ssl=1 960w, https:\/\/i0.wp.com\/historiografija.hr\/wp-content\/uploads\/2025\/05\/1100-Zupanja.jpg?resize=300%2C157&amp;ssl=1 300w, https:\/\/i0.wp.com\/historiografija.hr\/wp-content\/uploads\/2025\/05\/1100-Zupanja.jpg?resize=768%2C402&amp;ssl=1 768w\" sizes=\"auto, (max-width: 860px) 100vw, 860px\" \/><\/figure>\n\n\n\n<hr class=\"wp-block-separator has-alpha-channel-opacity\"\/>\n\n\n\n<p>Izvor:<\/p>\n\n\n\n<figure class=\"wp-block-embed is-type-wp-embed is-provider-hipzg wp-block-embed-hipzg\"><div class=\"wp-block-embed__wrapper\">\n<blockquote class=\"wp-embedded-content\" data-secret=\"FqImePmFN3\"><a href=\"https:\/\/www.hipzg.hr\/29-svibnja-2025-u-zupanji-okrugli-stol-povodom-1100-obljetnice-hrvatskog-kraljevstva\/\">29. svibnja 2025. u \u017dupanji okrugli stol povodom 1100. obljetnice Hrvatskog kraljevstva<\/a><\/blockquote><iframe loading=\"lazy\" class=\"wp-embedded-content\" sandbox=\"allow-scripts\" security=\"restricted\" style=\"position: absolute; visibility: hidden;\" title=\"&#8220;29. svibnja 2025. u \u017dupanji okrugli stol povodom 1100. obljetnice Hrvatskog kraljevstva&#8221; &#8212; HIPZG\" src=\"https:\/\/www.hipzg.hr\/29-svibnja-2025-u-zupanji-okrugli-stol-povodom-1100-obljetnice-hrvatskog-kraljevstva\/embed\/#?secret=DXK8iaNaNP#?secret=FqImePmFN3\" data-secret=\"FqImePmFN3\" width=\"600\" height=\"338\" frameborder=\"0\" marginwidth=\"0\" marginheight=\"0\" scrolling=\"no\"><\/iframe>\n<\/div><\/figure>\n\n\n\n<hr class=\"wp-block-separator has-alpha-channel-opacity\"\/>\n","protected":false},"excerpt":{"rendered":"","protected":false},"author":2,"featured_media":46714,"comment_status":"open","ping_status":"open","sticky":false,"template":"","format":"standard","meta":{"_acf_changed":false,"jetpack_post_was_ever_published":false,"_jetpack_newsletter_access":"","_jetpack_dont_email_post_to_subs":false,"_jetpack_newsletter_tier_id":0,"_jetpack_memberships_contains_paywalled_content":false,"_jetpack_memberships_contains_paid_content":false,"footnotes":"","jetpack_publicize_message":"","jetpack_publicize_feature_enabled":true,"jetpack_social_post_already_shared":true,"jetpack_social_options":{"image_generator_settings":{"template":"highway","default_image_id":0,"font":"","enabled":false},"version":2}},"categories":[3],"tags":[],"class_list":["post-46713","post","type-post","status-publish","format-standard","has-post-thumbnail","hentry","category-novosti"],"acf":{"facebook_opis":""},"jetpack_publicize_connections":[],"jetpack_featured_media_url":"https:\/\/i0.wp.com\/historiografija.hr\/wp-content\/uploads\/2025\/05\/1100-Zupanja.jpg?fit=960%2C503&ssl=1","jetpack_sharing_enabled":true,"jetpack-related-posts":[],"_links":{"self":[{"href":"https:\/\/historiografija.hr\/index.php?rest_route=\/wp\/v2\/posts\/46713","targetHints":{"allow":["GET"]}}],"collection":[{"href":"https:\/\/historiografija.hr\/index.php?rest_route=\/wp\/v2\/posts"}],"about":[{"href":"https:\/\/historiografija.hr\/index.php?rest_route=\/wp\/v2\/types\/post"}],"author":[{"embeddable":true,"href":"https:\/\/historiografija.hr\/index.php?rest_route=\/wp\/v2\/users\/2"}],"replies":[{"embeddable":true,"href":"https:\/\/historiografija.hr\/index.php?rest_route=%2Fwp%2Fv2%2Fcomments&post=46713"}],"version-history":[{"count":2,"href":"https:\/\/historiografija.hr\/index.php?rest_route=\/wp\/v2\/posts\/46713\/revisions"}],"predecessor-version":[{"id":46716,"href":"https:\/\/historiografija.hr\/index.php?rest_route=\/wp\/v2\/posts\/46713\/revisions\/46716"}],"wp:featuredmedia":[{"embeddable":true,"href":"https:\/\/historiografija.hr\/index.php?rest_route=\/wp\/v2\/media\/46714"}],"wp:attachment":[{"href":"https:\/\/historiografija.hr\/index.php?rest_route=%2Fwp%2Fv2%2Fmedia&parent=46713"}],"wp:term":[{"taxonomy":"category","embeddable":true,"href":"https:\/\/historiografija.hr\/index.php?rest_route=%2Fwp%2Fv2%2Fcategories&post=46713"},{"taxonomy":"post_tag","embeddable":true,"href":"https:\/\/historiografija.hr\/index.php?rest_route=%2Fwp%2Fv2%2Ftags&post=46713"}],"curies":[{"name":"wp","href":"https:\/\/api.w.org\/{rel}","templated":true}]}}