{"id":46705,"date":"2025-05-26T13:28:27","date_gmt":"2025-05-26T13:28:27","guid":{"rendered":"https:\/\/historiografija.hr\/?p=46705"},"modified":"2025-05-26T13:30:46","modified_gmt":"2025-05-26T13:30:46","slug":"gostujuce-predavanje-igora-dude-potrosacka-kultura-i-drustveno-samoupravljanje-o-dvojnosti-dusa-u-hrvatskoj-1970-ih-i-1980-ih-u-osijeku","status":"publish","type":"post","link":"https:\/\/historiografija.hr\/?p=46705","title":{"rendered":"Gostuju\u0107e predavanje Igora Dude \u201ePotro\u0161a\u010dka kultura i dru\u0161tveno samoupravljanje: o \u201cdvojnosti du\u0161a\u201d u Hrvatskoj 1970-ih i 1980-ih\u201c u Osijeku"},"content":{"rendered":"\n<p>U ponedjeljak, 26. svibnja 2025., u 15.30 na Filozofskom fakultetu u Osijeku u u\u010dionici 66 odr\u017eat \u0107e se gostuju\u0107e predavanje prof. dr. sc. Igora Dude s Filozofskog fakulteta u Puli, s temom <strong>Potro\u0161a\u010dka kultura i dru\u0161tveno samoupravljanje: o \u201edvojnosti du\u0161a\u201d u Hrvatskoj 1970-ih i 1980-ih.<\/strong><\/p>\n\n\n\n<p><strong>Igor Duda&nbsp;<\/strong>(1977.) redoviti je profesor na Odsjeku za povijest Filozofskog fakulteta Sveu\u010dili\u0161ta Jurja Dobrile u Puli, gdje je kao znanstveni novak primljen 2001. godine. Od 2012. istra\u017eiva\u010d je u sveu\u010dili\u0161nom Centru za kulturolo\u0161ka i povijesna istra\u017eivanja socijalizma, \u010diji je suosniva\u010d i pokreta\u010d mnogih aktivnosti. Od 2011. vanjski je suradnik Filozofskog fakulteta Sveu\u010dili\u0161ta u Zagrebu, od 2021. Research Fellow na Leibnizovu Institutu za istra\u017eivanje isto\u010dne i jugoisto\u010dne Europe (IOS) u Regensburgu. Bavi se povije\u0161\u0107u svakodnevice i dru\u0161tvenom povijesti socijalisti\u010dke Jugoslavije, ponajvi\u0161e temama slobodnog vremena, turizma, potro\u0161a\u010dke kulture, \u017eivotnog standarda, djetinjstva, oblikovanja socijalisti\u010dkog \u010dovjeka i sudjelovanja gra\u0111ana u dru\u0161tvenom samoupravljanju.<\/p>\n\n\n\n<hr class=\"wp-block-separator has-alpha-channel-opacity\"\/>\n\n\n\n<p>Izvor:<\/p>\n\n\n\n<figure class=\"wp-block-embed is-type-wp-embed is-provider-filozofski-fakultet-osijek wp-block-embed-filozofski-fakultet-osijek\"><div class=\"wp-block-embed__wrapper\">\n<blockquote class=\"wp-embedded-content\" data-secret=\"mGrnNkedTZ\"><a href=\"https:\/\/www.ffos.unios.hr\/gostujuce-predavanje-prof-dr-sc-igora-dude-potrosacka-kultura-i-drustveno-samoupravljanje-o-dvojnosti-dusa-u-hrvatskoj-1970-ih-i-1980-ih\/\">Gostuju\u0107e predavanje prof. dr. sc. Igora Dude: Potro\u0161a\u010dka kultura i dru\u0161tveno samoupravljanje: o &#8220;dvojnosti du\u0161a&#8221; u Hrvatskoj 1970-ih i 1980-ih<\/a><\/blockquote><iframe loading=\"lazy\" class=\"wp-embedded-content\" sandbox=\"allow-scripts\" security=\"restricted\" style=\"position: absolute; visibility: hidden;\" title=\"&#8220;Gostuju\u0107e predavanje prof. dr. sc. Igora Dude: Potro\u0161a\u010dka kultura i dru\u0161tveno samoupravljanje: o &#8220;dvojnosti du\u0161a&#8221; u Hrvatskoj 1970-ih i 1980-ih&#8221; &#8212; Filozofski fakultet Osijek\" src=\"https:\/\/www.ffos.unios.hr\/gostujuce-predavanje-prof-dr-sc-igora-dude-potrosacka-kultura-i-drustveno-samoupravljanje-o-dvojnosti-dusa-u-hrvatskoj-1970-ih-i-1980-ih\/embed\/#?secret=7AfvcoyyUq#?secret=mGrnNkedTZ\" data-secret=\"mGrnNkedTZ\" width=\"600\" height=\"338\" frameborder=\"0\" marginwidth=\"0\" marginheight=\"0\" scrolling=\"no\"><\/iframe>\n<\/div><\/figure>\n\n\n\n<hr class=\"wp-block-separator has-alpha-channel-opacity\"\/>\n","protected":false},"excerpt":{"rendered":"","protected":false},"author":2,"featured_media":46709,"comment_status":"open","ping_status":"open","sticky":false,"template":"","format":"standard","meta":{"_acf_changed":false,"jetpack_post_was_ever_published":false,"_jetpack_newsletter_access":"","_jetpack_dont_email_post_to_subs":false,"_jetpack_newsletter_tier_id":0,"_jetpack_memberships_contains_paywalled_content":false,"_jetpack_memberships_contains_paid_content":false,"footnotes":"","jetpack_publicize_message":"","jetpack_publicize_feature_enabled":true,"jetpack_social_post_already_shared":true,"jetpack_social_options":{"image_generator_settings":{"template":"highway","default_image_id":0,"font":"","enabled":false},"version":2}},"categories":[3],"tags":[],"class_list":["post-46705","post","type-post","status-publish","format-standard","has-post-thumbnail","hentry","category-novosti"],"acf":{"facebook_opis":""},"jetpack_publicize_connections":[],"jetpack_featured_media_url":"https:\/\/i0.wp.com\/historiografija.hr\/wp-content\/uploads\/2025\/05\/Duda-predstavljanje.jpeg?fit=768%2C436&ssl=1","jetpack_sharing_enabled":true,"jetpack-related-posts":[],"_links":{"self":[{"href":"https:\/\/historiografija.hr\/index.php?rest_route=\/wp\/v2\/posts\/46705","targetHints":{"allow":["GET"]}}],"collection":[{"href":"https:\/\/historiografija.hr\/index.php?rest_route=\/wp\/v2\/posts"}],"about":[{"href":"https:\/\/historiografija.hr\/index.php?rest_route=\/wp\/v2\/types\/post"}],"author":[{"embeddable":true,"href":"https:\/\/historiografija.hr\/index.php?rest_route=\/wp\/v2\/users\/2"}],"replies":[{"embeddable":true,"href":"https:\/\/historiografija.hr\/index.php?rest_route=%2Fwp%2Fv2%2Fcomments&post=46705"}],"version-history":[{"count":2,"href":"https:\/\/historiografija.hr\/index.php?rest_route=\/wp\/v2\/posts\/46705\/revisions"}],"predecessor-version":[{"id":46708,"href":"https:\/\/historiografija.hr\/index.php?rest_route=\/wp\/v2\/posts\/46705\/revisions\/46708"}],"wp:featuredmedia":[{"embeddable":true,"href":"https:\/\/historiografija.hr\/index.php?rest_route=\/wp\/v2\/media\/46709"}],"wp:attachment":[{"href":"https:\/\/historiografija.hr\/index.php?rest_route=%2Fwp%2Fv2%2Fmedia&parent=46705"}],"wp:term":[{"taxonomy":"category","embeddable":true,"href":"https:\/\/historiografija.hr\/index.php?rest_route=%2Fwp%2Fv2%2Fcategories&post=46705"},{"taxonomy":"post_tag","embeddable":true,"href":"https:\/\/historiografija.hr\/index.php?rest_route=%2Fwp%2Fv2%2Ftags&post=46705"}],"curies":[{"name":"wp","href":"https:\/\/api.w.org\/{rel}","templated":true}]}}