{"id":46695,"date":"2025-05-23T19:56:24","date_gmt":"2025-05-23T19:56:24","guid":{"rendered":"https:\/\/historiografija.hr\/?p=46695"},"modified":"2025-05-23T20:07:45","modified_gmt":"2025-05-23T20:07:45","slug":"the-disputed-austro-hungarian-border-agendas-actors-and-practices-in-western-hungary-burgenland-after-world-war-i","status":"publish","type":"post","link":"https:\/\/historiografija.hr\/?p=46695","title":{"rendered":"The Disputed Austro-Hungarian Border: Agendas, Actors, and Practices in Western Hungary\/Burgenland after World War I"},"content":{"rendered":"\n<p>Upu\u0107ujemo na zbornik \u201eThe Disputed Austro-Hungarian Border\u201c (2025) koji \u0107e sigurno izazvati pozornost hrvatske historiografije zbog njezina interesa za Gradi\u0161\u0107e (Burgenland) i Gradi\u0161\u0107anske Hrvate. Pritom je, kao \u0161to se mo\u017ee vidjeti iz \u201eUvoda\u201c Hannesa Granditsa, rije\u010d o oslanjanju na nove pristupe kao \u0161to su, primjerice, \u201eEtnicitet bez grupa\u201c Rogersa Brubakera i \u201eZami\u0161ljene nezajednice: nacionalna ravnodu\u0161nost kao analiti\u010dka kategorija\u201c Tahre Zahre, koji su upravo prevedeni na hrvatski jezik u zborniku \u201e<a href=\"https:\/\/historiografija.hr\/?p=45459\">Nadila\u017eenje nacionalne paradigme<\/a>. Od historiografskog nacionalizma do transnacionalnih pristupa\u201c (2025). Prilika je to da spomenemo i knjigu Aleksandra Horvata \u201eIdentiteti na periferiji. Izgradnja etni\u010dkog identiteta Bunjevaca i \u0160okaca u Vojvodini (1848-1941)\u201c (2020), koja se tako\u0111er nastojala osloniti na neke od razmjerno novijih pristupa u okviru studija nacionalizma. Zainteresirani za prikaze, kriti\u010dke osvrte ili polemi\u010dke priloge o tim knjigama mogu se javiti uredniku portala Historiografija.hr kako bismo poku\u0161ali osigurati recenzentske primjerke.<\/p>\n\n\n\n<hr class=\"wp-block-separator has-alpha-channel-opacity\"\/>\n\n\n\n<p><strong>The Disputed Austro-Hungarian Border: Agendas, Actors, and Practices in Western Hungary\/Burgenland after World War I<\/strong><\/p>\n\n\n\n<p>Edited by Hannes Grandits, Ibolya Murber, and Katharina Tyran<\/p>\n\n\n\n<p>258 pages, 13 ills., bibliog., index<\/p>\n\n\n\n<p>ISBN&nbsp; 978-1-80539-864-6 $135.00\/\u00a3104.00 \/ Hb \/ Published (February 2025)<\/p>\n\n\n\n<p><strong>Reviews<\/strong><\/p>\n\n\n\n<p><em>\u201c[T]his book is an important, significant addition to the current scholarship on empire and post-imperial breakdown and transition, and on the Habsburg\/post-Habsburg history of borderlands.\u201d<\/em> <strong>\u2022 Marco Bresciani<\/strong>, University of Florence<\/p>\n\n\n\n<p><em>\u201cThis is a very convincing edited volume on the transformation of power from the Austro-Hungarian Empire to the Austrian Republic after the First World War. Looking at one particular region, Burgenland, that was contested between two losers of the War, the book provides insight into macro- and micro-level decision making processes, changes in hierarchies and power relations between social, ethnic, political and religious groups inhabiting this border region.\u201d<\/em> <strong>\u2022 Tim Buchen, Technische Universit\u00e4t Dresden<\/strong><\/p>\n\n\n\n<p><strong>Description<\/strong><\/p>\n\n\n\n<p>The collapse of the Habsburg monarchy in the aftermath of World War I marked a foundational shift in the histories of Austria and Hungary. Previously part of the Habsburg\u2019s Austro-Hungarian Empire, this event stripped the two new states of a long-established territorial order, triggering a controversial redrawing of their borders. Whilst scholarship often focuses on the role played by state actors in Vienna and Budapest, <em>The Disputed Austro-Hungarian Border<\/em> refreshingly re-examines this event through investigating how processes of state and nation-building manifested within the contested region of Western Hungary and Burgenland. In doing so, this book innovatively resituates this border region within the larger context of post-Habsburg historical development taking place across Central Europe.<\/p>\n\n\n\n<p><strong>Hannes Grandits <\/strong>is Professor of Southeast European History at Humboldt University in Berlin.<\/p>\n\n\n\n<p><strong>Ibolya Murber<\/strong> is an Associate Professor of History at E\u00f6tv\u00f6s Lor\u00e1nd University in Budapest-Szombathely Her research interests include the Austrian-Hungarian relations in the 20th century and the history of democracy in Central Europe, and her recent publications include, <em>Detours: The 20<sup>th<\/sup>-century history of the Austro-Hungarian State Border <\/em>(Kronosz, 2024).<\/p>\n\n\n\n<p><strong>Katharina Tyran<\/strong> is an Associate Professor of Slavic Philology at the University of Helsinki. Her research considers sociolinguistic topics with a focus on minoritized languages, linguistic landscape research, and writing. Her recent publications include the co-edited volume <em>South Slavic Vienna: On the visibility and presence of South Slavic language and cultures in contemporary Vienna <\/em>(B\u00f6hlau, 2022).<\/p>\n\n\n\n<p><strong>Contents<\/strong><\/p>\n\n\n\n<p>List of Illustrations<br>Acknowledgments<\/p>\n\n\n\n<p>Introduction: The Separation of Austria and Hungary after World War I: A Borderland Perspective<br><em>Hannes Grandits<\/em><\/p>\n\n\n\n<p><strong>Part I: Discussing, Implementing and Explaining a New Border (Region)<\/strong><\/p>\n\n\n\n<p><strong>Chapter 1. <\/strong>The Role of Bolshevism and Anti-Bolshevism in the Struggle for Western Hungary and Burgenland<br><em>Ibolya Murber<\/em><\/p>\n\n\n\n<p><strong>Chapter 2. <\/strong>The Interallied Commission for the Delimitation of the Boundary between Austria and Hungary, and the New International Order in Austria<br><em>Michael Burri<\/em><\/p>\n\n\n\n<p><strong>Chapter 3. <\/strong>Graz Geographers at the Birth of Burgenland: Robert Sieger and Marian Sidaritsch<br><em>Ferenc Jank\u00f3<\/em><\/p>\n\n\n\n<p><strong>Part II: Surviving during (Post-) World War I Economic Disintegration and the Polarization of Class<\/strong><\/p>\n\n\n\n<p><strong>Chapter 4.<\/strong> Surviving and Resisting the Wartime Order: Black-Market Economy in the Border Region of Wiener Neustadt during and after World War I<br><em>Sabine Schmitner-Laszakovits<\/em><\/p>\n\n\n\n<p><strong>Chapter 5. <\/strong>Polarization, Persistence and Political Mobilization of Class Belongings in Western Hungary \/Burgenland after World War I (1919-22)<br><em>Hannes Grandits<\/em><\/p>\n\n\n\n<p><strong>Part III: Evolution of a New Elite Power Balance<\/strong><\/p>\n\n\n\n<p><strong>Chapter 6.<\/strong> Petite-Bourgeois Local Revolutions? Post-Habsburg Transitions, Democratization, Local Elites, and the Place of Western-Hungary\/Burgenland<br><em>G\u00e1bor Egry<\/em><\/p>\n\n\n\n<p><strong>Chapter 7. <\/strong>The Birth of Burgenland and the End of the Esterh\u00e1zy-Estate<br><em>Melinda Harlov-Csort\u00e1n<\/em><\/p>\n\n\n\n<p><strong>Part IV: Post-Imperial Solidification of Ethnic Categories<\/strong><\/p>\n\n\n\n<p><strong>Chapter 8. <\/strong>From Mosaic to Pigeonhole: Frames, Loyalties, and Policies among the Croatian Speaking Population in Former Western Hungary\/Burgenland<br><em>Katharina Tyran<\/em><\/p>\n\n\n\n<p><strong>Chapter 9.<\/strong> The Romani and Jewish Population in Burgenland at the Beginning of the Inter-War Period<br><em>Ursula K. Mindler-Steiner<\/em><\/p>\n\n\n\n<p>Index<\/p>\n\n\n\n<hr class=\"wp-block-separator has-alpha-channel-opacity\"\/>\n\n\n\n<p><a href=\"https:\/\/www.berghahnbooks.com\/title\/GranditsDisputed\">https:\/\/www.berghahnbooks.com\/title\/GranditsDisputed<\/a><\/p>\n\n\n\n<hr class=\"wp-block-separator has-alpha-channel-opacity\"\/>\n","protected":false},"excerpt":{"rendered":"","protected":false},"author":2,"featured_media":46696,"comment_status":"open","ping_status":"open","sticky":false,"template":"","format":"standard","meta":{"_acf_changed":false,"jetpack_post_was_ever_published":false,"_jetpack_newsletter_access":"","_jetpack_dont_email_post_to_subs":false,"_jetpack_newsletter_tier_id":0,"_jetpack_memberships_contains_paywalled_content":false,"_jetpack_memberships_contains_paid_content":false,"footnotes":"","jetpack_publicize_message":"","jetpack_publicize_feature_enabled":true,"jetpack_social_post_already_shared":true,"jetpack_social_options":{"image_generator_settings":{"template":"highway","default_image_id":0,"font":"","enabled":false},"version":2}},"categories":[8,3],"tags":[],"class_list":["post-46695","post","type-post","status-publish","format-standard","has-post-thumbnail","hentry","category-knjige","category-novosti"],"acf":{"facebook_opis":""},"jetpack_publicize_connections":[],"jetpack_featured_media_url":"https:\/\/i0.wp.com\/historiografija.hr\/wp-content\/uploads\/2025\/05\/Grandits_Disputed.jpg?fit=400%2C598&ssl=1","jetpack_sharing_enabled":true,"jetpack-related-posts":[],"_links":{"self":[{"href":"https:\/\/historiografija.hr\/index.php?rest_route=\/wp\/v2\/posts\/46695","targetHints":{"allow":["GET"]}}],"collection":[{"href":"https:\/\/historiografija.hr\/index.php?rest_route=\/wp\/v2\/posts"}],"about":[{"href":"https:\/\/historiografija.hr\/index.php?rest_route=\/wp\/v2\/types\/post"}],"author":[{"embeddable":true,"href":"https:\/\/historiografija.hr\/index.php?rest_route=\/wp\/v2\/users\/2"}],"replies":[{"embeddable":true,"href":"https:\/\/historiografija.hr\/index.php?rest_route=%2Fwp%2Fv2%2Fcomments&post=46695"}],"version-history":[{"count":8,"href":"https:\/\/historiografija.hr\/index.php?rest_route=\/wp\/v2\/posts\/46695\/revisions"}],"predecessor-version":[{"id":46704,"href":"https:\/\/historiografija.hr\/index.php?rest_route=\/wp\/v2\/posts\/46695\/revisions\/46704"}],"wp:featuredmedia":[{"embeddable":true,"href":"https:\/\/historiografija.hr\/index.php?rest_route=\/wp\/v2\/media\/46696"}],"wp:attachment":[{"href":"https:\/\/historiografija.hr\/index.php?rest_route=%2Fwp%2Fv2%2Fmedia&parent=46695"}],"wp:term":[{"taxonomy":"category","embeddable":true,"href":"https:\/\/historiografija.hr\/index.php?rest_route=%2Fwp%2Fv2%2Fcategories&post=46695"},{"taxonomy":"post_tag","embeddable":true,"href":"https:\/\/historiografija.hr\/index.php?rest_route=%2Fwp%2Fv2%2Ftags&post=46695"}],"curies":[{"name":"wp","href":"https:\/\/api.w.org\/{rel}","templated":true}]}}