{"id":46674,"date":"2025-05-23T08:23:26","date_gmt":"2025-05-23T08:23:26","guid":{"rendered":"https:\/\/historiografija.hr\/?p=46674"},"modified":"2025-05-23T08:24:29","modified_gmt":"2025-05-23T08:24:29","slug":"tribina-sutjeska-majka-svih-bitaka","status":"publish","type":"post","link":"https:\/\/historiografija.hr\/?p=46674","title":{"rendered":"Tribina: Sutjeska \u2013 majka svih bitaka"},"content":{"rendered":"\n<p>Danas kada se o Narodnooslobodila\u010dkoj borbi u Drugom svjetskom ratu gotovo isklju\u010divo govori kroz prizmu poslijeratnih zlo\u010dina, donosimo razgovor s autorom knjige \u201eBitka na Sutjesci \u2013 pakao u raju\u201c, <strong>\u0160imunom Cimermanom<\/strong> i povjesni\u010darom <strong>Karlom Dr\u017eai\u0107em<\/strong> iz Centra za teorijska istra\u017eivanja u humanistici na Filozofskom fakultetu u Zagrebu. Razgovor \u0107e moderirati novinar <strong>Sa\u0161a Kosanovi\u0107<\/strong>.<\/p>\n\n\n\n<p>\u0160to je biv\u0161eg vaterpolistu i ljubitelja ekstremnih sportova Cimermana ponukalo da se uputi po vrletima Bosne i Hercegovine i istra\u017ei najve\u0107u partizansku bitku u kojoj je glavu zamalo izgubio i sam mar\u0161al Tito, partizanski Vrhovni komandant? Kako su partizani uspjeli probiti obru\u010d i spasiti Glavni \u0161tab? U kakvim se uvjetima bitka vodila i tko se tamo protiv koga borio? Za\u0161to se dana\u0161nja Hrvatska vi\u0161e bavi komemoriranjem partizanskih \u017ertava nego \u010duvanjem uspomene na otpor fa\u0161izmu i na djevojke i mladi\u0107e koji su ginuli pod partizanskim zastavama? Na ta i druga pitanja vezana za najve\u0107u partizansku bitku potra\u017eit \u0107emo odgovore na novoj Privrednikovoj tribini.<\/p>\n\n\n\n<p>Tribina u organizaciji Srpskog privrednog dru\u0161tva Privrednik i Vije\u0107a srpske nacionalne manjine Grada Zagreba pod nazivom \u201eSutjeska \u2013 majka svih bitaka\u201c odr\u017eat \u0107e se u utorak, 27. maja s po\u010detkom u 18 sati na prvom katu Privrednikovog doma (Preradovi\u0107eva 18, Zagreb).<\/p>\n\n\n\n<hr class=\"wp-block-separator has-alpha-channel-opacity\"\/>\n\n\n\n<p>Izvor:<\/p>\n\n\n\n<figure class=\"wp-block-embed is-type-wp-embed is-provider-p-portal wp-block-embed-p-portal\"><div class=\"wp-block-embed__wrapper\">\n<blockquote class=\"wp-embedded-content\" data-secret=\"88g6XA8CL1\"><a href=\"https:\/\/p-portal.net\/tribina-sutjeska-majka-svih-bitaka\">Tribina: Sutjeska \u2013 majka svih bitaka<\/a><\/blockquote><iframe loading=\"lazy\" class=\"wp-embedded-content\" sandbox=\"allow-scripts\" security=\"restricted\" style=\"position: absolute; visibility: hidden;\" title=\"&#8220;Tribina: Sutjeska \u2013 majka svih bitaka&#8221; &#8212; P-portal\" src=\"https:\/\/p-portal.net\/tribina-sutjeska-majka-svih-bitaka\/embed#?secret=N180ZV7wXE#?secret=88g6XA8CL1\" data-secret=\"88g6XA8CL1\" width=\"600\" height=\"338\" frameborder=\"0\" marginwidth=\"0\" marginheight=\"0\" scrolling=\"no\"><\/iframe>\n<\/div><\/figure>\n\n\n\n<hr class=\"wp-block-separator has-alpha-channel-opacity\"\/>\n","protected":false},"excerpt":{"rendered":"","protected":false},"author":2,"featured_media":16317,"comment_status":"open","ping_status":"open","sticky":false,"template":"","format":"standard","meta":{"_acf_changed":false,"jetpack_post_was_ever_published":false,"_jetpack_newsletter_access":"","_jetpack_dont_email_post_to_subs":false,"_jetpack_newsletter_tier_id":0,"_jetpack_memberships_contains_paywalled_content":false,"_jetpack_memberships_contains_paid_content":false,"footnotes":"","jetpack_publicize_message":"","jetpack_publicize_feature_enabled":true,"jetpack_social_post_already_shared":true,"jetpack_social_options":{"image_generator_settings":{"template":"highway","default_image_id":0,"font":"","enabled":false},"version":2}},"categories":[3],"tags":[],"class_list":["post-46674","post","type-post","status-publish","format-standard","has-post-thumbnail","hentry","category-novosti"],"acf":{"facebook_opis":""},"jetpack_publicize_connections":[],"jetpack_featured_media_url":"https:\/\/i0.wp.com\/historiografija.hr\/wp-content\/uploads\/2019\/09\/Tribina.jpg?fit=1200%2C675&ssl=1","jetpack_sharing_enabled":true,"jetpack-related-posts":[],"_links":{"self":[{"href":"https:\/\/historiografija.hr\/index.php?rest_route=\/wp\/v2\/posts\/46674","targetHints":{"allow":["GET"]}}],"collection":[{"href":"https:\/\/historiografija.hr\/index.php?rest_route=\/wp\/v2\/posts"}],"about":[{"href":"https:\/\/historiografija.hr\/index.php?rest_route=\/wp\/v2\/types\/post"}],"author":[{"embeddable":true,"href":"https:\/\/historiografija.hr\/index.php?rest_route=\/wp\/v2\/users\/2"}],"replies":[{"embeddable":true,"href":"https:\/\/historiografija.hr\/index.php?rest_route=%2Fwp%2Fv2%2Fcomments&post=46674"}],"version-history":[{"count":2,"href":"https:\/\/historiografija.hr\/index.php?rest_route=\/wp\/v2\/posts\/46674\/revisions"}],"predecessor-version":[{"id":46676,"href":"https:\/\/historiografija.hr\/index.php?rest_route=\/wp\/v2\/posts\/46674\/revisions\/46676"}],"wp:featuredmedia":[{"embeddable":true,"href":"https:\/\/historiografija.hr\/index.php?rest_route=\/wp\/v2\/media\/16317"}],"wp:attachment":[{"href":"https:\/\/historiografija.hr\/index.php?rest_route=%2Fwp%2Fv2%2Fmedia&parent=46674"}],"wp:term":[{"taxonomy":"category","embeddable":true,"href":"https:\/\/historiografija.hr\/index.php?rest_route=%2Fwp%2Fv2%2Fcategories&post=46674"},{"taxonomy":"post_tag","embeddable":true,"href":"https:\/\/historiografija.hr\/index.php?rest_route=%2Fwp%2Fv2%2Ftags&post=46674"}],"curies":[{"name":"wp","href":"https:\/\/api.w.org\/{rel}","templated":true}]}}