{"id":46671,"date":"2025-05-23T08:19:10","date_gmt":"2025-05-23T08:19:10","guid":{"rendered":"https:\/\/historiografija.hr\/?p=46671"},"modified":"2025-06-02T15:45:25","modified_gmt":"2025-06-02T15:45:25","slug":"medunarodni-znanstveni-skup-ugarsko-hrvatska-crkvena-i-svjetovna-elita-u-kraljevskom-vijecu-i-na-ugarskim-saborima-1102-1918","status":"publish","type":"post","link":"https:\/\/historiografija.hr\/?p=46671","title":{"rendered":"Me\u0111unarodni znanstveni skup UGARSKO-HRVATSKA CRKVENA I SVJETOVNA ELITA U KRALJEVSKOM VIJE\u0106U I NA UGARSKIM SABORIMA (1102. \u2013 1918.)"},"content":{"rendered":"\n<p>Dana 22. i 23. svibnja 2025. u organizaciji Instituta za povijest Centra za humanisti\u010dke studije i Podru\u017enice za povijest Slavonije, Srijema i Baranje HIP-a u Budimpe\u0161ti se odr\u017eava me\u0111unarodni znanstveni skup UGARSKO-HRVATSKA CRKVENA I SVJETOVNA ELITA U KRALJEVSKOM VIJE\u0106U I NA UGARSKIM SABORIMA (1102. \u2013 1918.).<\/p>\n\n\n\n<p><a href=\"https:\/\/www.hipzg.hr\/wp-content\/uploads\/2025\/05\/Program-skupa.pdf\" target=\"_blank\" rel=\"noreferrer noopener\">Program skupa<\/a><\/p>\n\n\n\n<p><strong>Cs\u00fct\u00f6rt\u00f6k, 2025. 05. 22. \/ \u010cetvrtak, 22. 5. 2025. 9.30 \u2013 10.00<\/strong><br>A konferencia megnyit\u00f3ja \/ Otvaranje znanstvenoga skupa<br>K\u00f6sz\u00f6nt\u00e9s \/ Pozdravni govori:<br>Moln\u00e1r Antal (HUN-REN BTK TTI, igazgat\u00f3)<br>Marija Karbi\u0107 (HIP, Podru\u017enica, vezet\u0151)<\/p>\n\n\n\n<p><em>1. szekci\u00f3 \/ 1. sekcija<\/em><br>Levezet\u0151 eln\u00f6k \/ Moderator: Moln\u00e1r Antal<br>\u2022\u200210.00\u201310.15 \u2002G\u00e1lJudit:Cs\u00e1k Ugrin spalat\u00f3i \u00e9rsek \u00e9s egy kir\u00e1lyi reform k\u00e9rd\u00e9sei \/ Splitski nadbiskup Ugrin iz roda \u010cak i pitanja jedne kraljevske reforme<br>\u2022 10.15\u201310.30 Ivan Armanda: Perugiai Bern\u00e1rd spalat\u00f3i \u00e9rsek<br>(kb. 1140\u20131217) \u00e9s az \u00c1rp\u00e1d-h\u00e1zi kir\u00e1lyok a 12\u201313. sz\u00e1zad fordul\u00f3j\u00e1n \/ Splitski nadbiskup Bernard iz Perugie (o. 1140. \u2013 1217.) i Arpadovi\u0107i na prijelazu iz 12. u 13. stolje\u0107e<br>\u2022 10.30\u201310.45 Hal\u00e1sz \u00c9va: I. Lajos bizalmi emberei a b\u00e1ns\u00e1gok<br>\u00e9l\u00e9n \u2013 Sz\u00e9csi Mikl\u00f3s \u00e9s Cudar P\u00e9ter b\u00e1ns\u00e1gai \/ Osobe od povjerenja Ludovika I. na \u010delu banovina \u2013 banovanje Nikole Sz\u00e9csija i Petra Cudara<br>\u2022 11.00\u201311.15\u2002Zrinka Nikoli\u0107 Jakus: A kir\u00e1ly \u00e9s a sz\u00fcl\u0151v\u00e1ros<br>k\u00f6z\u00f6tti lojalit\u00e1s \u2013 a z\u00e1rai Matafari nemesi csal\u00e1d tagjai a 14. sz\u00e1zadban \/ Izme\u0111u lojalnosti kralju i rodnom gradu \u2013 \u010dlanovi zadarske plemi\u0107ke obitelji Matafari u 14. st.<br>\u2022 11.15\u201311.30\u2002Marija Karbi\u0107: Eberhard p\u00fcsp\u00f6k \u00e9s kir\u00e1lyi kancell\u00e1r az udvar \u00e9s a k\u00f6z\u00e9pkori Szlav\u00f3nia k\u00f6z\u00f6tt a 14. sz\u00e1zad v\u00e9g\u00e9n \u00e9s a 15. sz\u00e1zad els\u0151 \u00e9vtizedeiben \/ Biskup i kraljevski kancelar Eberhard izme\u0111u dvora i srednjovjekovne Sla<br>vonije krajem 14. i u prvim desetlje\u0107ima 15. st.<\/p>\n\n\n\n<p>\u2022 11.30\u201311.45\u2002P\u00e1losfalvi Tam\u00e1s: Szlav\u00f3niai k\u00f6vetek a k\u00e9s\u0151 k\u00f6z\u00e9pkori magyar orsz\u00e1ggy\u0171l\u00e9seken \/<br>Slavonski poslanici na kasnosrednjovjekovnim ugarskim saborima<\/p>\n\n\n\n<p><em>2. szekci\u00f3 \/ 2. sekcija<\/em><br>Levezet\u0151 eln\u00f6k \/ Moderator: P\u00e1losfalvi Tam\u00e1s<br>\u2022 13.30\u201313.45\u2002Farag\u00f3 D\u00e1vid: Megjegyz\u00e9sek a Brodarics csal\u00e1d \u00e9s Brodarics Istv\u00e1n \u00e9let\u00fatj\u00e1nak korai<br>t\u00f6rt\u00e9net\u00e9hez \/ Napomene za povijest obitelji Brodari\u0107 i za rani \u017eivotni put Stjepana Brodari\u0107a<br>\u2022 13.45\u201314.00\u2002P\u00e1lffy G\u00e9za: Magyar\u2013horv\u00e1t arisztokrat\u00e1k a Magyar Kir\u00e1lys\u00e1g vil\u00e1gi elitj\u00e9ben a Moh\u00e1cs<br>ut\u00e1ni k\u00e9t \u00e9vsz\u00e1zadban (Egy \u00faj vizsg\u00e1lati modell tanuls\u00e1gai) \/ Ugarsko-hrvatska aristokracija me\u0111u svjetovnom elitom Ugarskog Kraljevstva u naredna dva stolje\u0107a nakon Moha\u010dke bitke (Pouke jednog novog istra\u017eiva\u010dkog modela)<br>\u2022 14.00\u201314.15\u2002Varga Szabolcs: Horv\u00e1t-szlav\u00f3n elit az 1618. \u00e9vi koron\u00e1z\u00e1si orsz\u00e1ggy\u0171l\u00e9sen \/ Hrvatsko-<br>slavonska elita na krunidbenom saboru 1618.godine<br>\u2022 14.15\u201314.30\u2002Robert Skenderovi\u0107: Vinkovics Benedek, mint p\u00e9csi p\u00fcsp\u00f6k (1630\u20131637) \/ Benedikt<br>Vinkovi\u0107 kao pe\u010du\u0161ki biskup (1630. \u2013 1637.)<\/p>\n\n\n\n<p><em>3. szekci\u00f3 \/ 3. sekcija<\/em><br>Levezet\u0151 eln\u00f6k\/Moderator: Marija Karbi\u0107<br>\u2022 15.15\u201315.30\u2002Horv\u00e1th Gyula: A horv\u00e1t elit viszonya M\u00e1ria Ter\u00e9zia horv\u00e1t politik\u00e1j\u00e1hoz \/ Odnos hrvatske elite prema hrvatskoj politici Marije Terezije<br>\u2022 15.30\u201315.45\u2002Alexander Buczynski: A B\u00e1ni Hat\u00e1r\u0151rvid\u00e9k \u00e9s Batthy\u00e1ny illetve N\u00e1dasdy b\u00e1nok t\u00e1rsadal<br>mi h\u00e1l\u00f3i \/ Banska krajina i dru\u0161tvene mre\u017ee banova Batthy\u00e1nyja i N\u00e1dasdyja<br>\u2022 15.45\u201316.00\u2002Vedran Klau\u017eer: Zengg \u00e9s Fiume v\u00e1rosok elitj\u00e9nek tagjai a Szent Istv\u00e1n Koron\u00e1j\u00e1nak<br>Orsz\u00e1gai politikai \u00e9let\u00e9ben a 18. sz\u00e1zad folyam\u00e1n \/ Pripadnici elita gradova Senja i Rijeke u politi\u010dkom \u017eivotu Zemalja krune sv. Stjepana tijekom 18. stolje\u0107a<\/p>\n\n\n\n<p>\u2022 16.15\u201316.30\u2002G\u0151zsy Zolt\u00e1n \u2013 Lova\u0161 Eldina: Magyar-horv\u00e1t egyh\u00e1zi elit a 18. sz\u00e1zad utols\u00f3 harmad\u00e1ban \/ Ugarsko-hrvatska crkvena elita u zadnjoj tre\u0107ini 18. stolje\u0107a<br>\u2022 16.30\u201316.45\u2002Stipe Ledi\u0107: Kereszt\u00fary J\u00f3zsef udvari \u00e1gens (1739\u20131794) \u2013 Magnificus D. Joseph<br>Keresztury de Szinerszegh apud Aulam pro Hungaria agens \/ Dvorski agent Josip Keres uri (1739. \u2013 1794.) \u2013 Magnificus D. Joseph Keresztury de Szinerszegh apud Aulam pro Hungaria agens<\/p>\n\n\n\n<p><strong>P\u00e9ntek, 2025. 05. 23. \/ Petak, 23. 5. 2025.<\/strong><br><em>4. szekci\u00f3 \/ 4. sekcija<\/em><br>Moderator\/Levezet\u0151 eln\u00f6k: Sokcsevits D\u00e9nes<br>\u2022 9.30\u20139.45\u2002ifj. Bert\u00e9nyi Iv\u00e1n: Horv\u00e1torsz\u00e1g k\u00fcld\u00f6ttei a magyar f\u0151rendih\u00e1zban (1868\u20131918) \/ Poslanici<br>Hrvatske u ugarskom Gornjem domu (1868. \u2013 1918.)<br>\u2022 9.45\u201310.00\u2002Ana Bio\u010di\u0107: Horv\u00e1t k\u00e9pvisel\u0151k a k\u00f6z\u00f6s orsz\u00e1ggy\u0171l\u00e9sen Ivan Ma\u017eurani\u0107 b\u00e1n idej\u00e9ben<br>(1873\u20131880) \/ Hrvatski zastupnici u Zajedni\u010dkom saboru za bana Ivana Ma\u017eurani\u0107a (1873.-1880.)<br>\u2022 10.00\u201310.15\u2002Ress Imre: Josip Mihalovi\u0107 z\u00e1gr\u00e1bi \u00e9rsek \u00e9s a horv\u00e1t-magyar kiegyez\u00e9s 1873. \u00e9vi rev\u00edzi\u00f3ja \/ Zagreba\u010dki nadbiskup Josip Mihalovi\u0107 i revizija Hrvatsko-ugarske nagodbe 1873. godine<br>\u2022 10.30\u201310.45\u2002Branko Ostajmer: Nikola Toma\u0161i\u0107, mint horv\u00e1t miniszter Budapesten 1903-ban \/ Nikola<br>Toma\u0161i\u0107 kao hrvatski ministar u Budimpe\u0161ti 1903.<br>\u2022 10.45\u201311.00\u2002Horny\u00e1k \u00c1rp\u00e1d: A horv\u00e1t\u2013magyar egy\u00fctt m\u0171k\u00f6d\u00e9s egy k\u00e9sei sz\u00f3sz\u00f3l\u00f3ja \u2013 Bajza J\u00f3zsef \/<br>Jedan kasni zagovaratelj ma\u0111arsko-hrvatske suradnje \u2013 J\u00f3zsef Bajza<\/p>\n\n\n\n<p>11.00\u201311.30 Vita, a konferencia z\u00e1r\u00e1sa \/ Rasprava, zatvaranje znanstvenoga skupa<\/p>\n\n\n\n<hr class=\"wp-block-separator has-alpha-channel-opacity\"\/>\n\n\n\n<p>Izvor:<\/p>\n\n\n\n<figure class=\"wp-block-embed is-type-wp-embed is-provider-hipzg wp-block-embed-hipzg\"><div class=\"wp-block-embed__wrapper\">\n<blockquote class=\"wp-embedded-content\" data-secret=\"il2GcqJbJo\"><a href=\"https:\/\/www.hipzg.hr\/22-23-svibnja-2025-medunarodni-znanstveni-skup-u-budimpesti\/\">22.-23. svibnja 2025. Me\u0111unarodni znanstveni skup u Budimpe\u0161ti<\/a><\/blockquote><iframe loading=\"lazy\" class=\"wp-embedded-content\" sandbox=\"allow-scripts\" security=\"restricted\" style=\"position: absolute; visibility: hidden;\" title=\"&#8220;22.-23. svibnja 2025. Me\u0111unarodni znanstveni skup u Budimpe\u0161ti&#8221; &#8212; HIPZG\" src=\"https:\/\/www.hipzg.hr\/22-23-svibnja-2025-medunarodni-znanstveni-skup-u-budimpesti\/embed\/#?secret=wmq6EWSnrv#?secret=il2GcqJbJo\" data-secret=\"il2GcqJbJo\" width=\"600\" height=\"338\" frameborder=\"0\" marginwidth=\"0\" marginheight=\"0\" scrolling=\"no\"><\/iframe>\n<\/div><\/figure>\n\n\n\n<hr class=\"wp-block-separator has-alpha-channel-opacity\"\/>\n\n\n\n<p>Dodatne obavijesti:<\/p>\n\n\n\n<figure class=\"wp-block-embed is-type-wp-embed is-provider-hrvatski-institut-za-povijest wp-block-embed-hrvatski-institut-za-povijest\"><div class=\"wp-block-embed__wrapper\">\n<blockquote class=\"wp-embedded-content\" data-secret=\"5CbxF7Ppyl\"><a href=\"https:\/\/hipsb.hr\/medunarodni-znanstveni-skup-ugarsko-hrvatska-crkvena-i-svjetovna-elita-u-kraljevskom-vijecu-i-na-ugarskim-saborima-1102-1918\/\">Me\u0111unarodni znanstveni skup UGARSKO-HRVATSKA CRKVENA I SVJETOVNA ELITA U KRALJEVSKOM VIJE\u0106U I NA UGARSKIM SABORIMA (1102. \u2013 1918.).<\/a><\/blockquote><iframe loading=\"lazy\" class=\"wp-embedded-content\" sandbox=\"allow-scripts\" security=\"restricted\" style=\"position: absolute; visibility: hidden;\" title=\"&#8220;Me\u0111unarodni znanstveni skup UGARSKO-HRVATSKA CRKVENA I SVJETOVNA ELITA U KRALJEVSKOM VIJE\u0106U I NA UGARSKIM SABORIMA (1102. \u2013 1918.).&#8221; &#8212; Hrvatski institut za povijest\" src=\"https:\/\/hipsb.hr\/medunarodni-znanstveni-skup-ugarsko-hrvatska-crkvena-i-svjetovna-elita-u-kraljevskom-vijecu-i-na-ugarskim-saborima-1102-1918\/embed\/#?secret=5CbxF7Ppyl\" data-secret=\"5CbxF7Ppyl\" width=\"600\" height=\"338\" frameborder=\"0\" marginwidth=\"0\" marginheight=\"0\" scrolling=\"no\"><\/iframe>\n<\/div><\/figure>\n\n\n\n<hr class=\"wp-block-separator has-alpha-channel-opacity\"\/>\n","protected":false},"excerpt":{"rendered":"","protected":false},"author":2,"featured_media":46672,"comment_status":"open","ping_status":"open","sticky":false,"template":"","format":"standard","meta":{"_acf_changed":false,"jetpack_post_was_ever_published":false,"_jetpack_newsletter_access":"","_jetpack_dont_email_post_to_subs":false,"_jetpack_newsletter_tier_id":0,"_jetpack_memberships_contains_paywalled_content":false,"_jetpack_memberships_contains_paid_content":false,"footnotes":"","jetpack_publicize_message":"","jetpack_publicize_feature_enabled":true,"jetpack_social_post_already_shared":true,"jetpack_social_options":{"image_generator_settings":{"template":"highway","default_image_id":0,"font":"","enabled":false},"version":2}},"categories":[3,9],"tags":[],"class_list":["post-46671","post","type-post","status-publish","format-standard","has-post-thumbnail","hentry","category-novosti","category-skupovi"],"acf":{"facebook_opis":""},"jetpack_publicize_connections":[],"jetpack_featured_media_url":"https:\/\/i0.wp.com\/historiografija.hr\/wp-content\/uploads\/2025\/05\/Budapest_skup.jpg?fit=960%2C681&ssl=1","jetpack_sharing_enabled":true,"jetpack-related-posts":[{"id":52502,"url":"https:\/\/historiografija.hr\/?p=52502","url_meta":{"origin":46671,"position":0},"title":"Novi znanstveni projekt Hrvatskog instituta za povijest: \u201c\u017drtve ratova i dr\u017eavnog\/politi\u010dkog nasilja u hrvatskoj povijesti 20. stolje\u0107a\u201d","author":"Branimir Jankovi\u0107","date":"17. travnja 2026.","format":false,"excerpt":"Na redovitoj sjednici Vlade RH, 16. travnja 2026., donijet je Zaklju\u010dak kojim se pokre\u0107e znanstveni projekt \u201c\u017drtve ratova i dr\u017eavnog\/politi\u010dkog nasilja u hrvatskoj povijesti 20. stolje\u0107a\u201d. Projekt \u0107e provoditi i koordinirati Hrvatski institut za povijest u razdoblju trajanja projekta od pet godina. Zakljucak Vlade RH Iz teksta projektnog prijedloga: Problematika\u2026","rel":"","context":"U &quot;Novosti&quot;","block_context":{"text":"Novosti","link":"https:\/\/historiografija.hr\/?cat=3"},"img":{"alt_text":"","src":"https:\/\/i0.wp.com\/historiografija.hr\/wp-content\/uploads\/2026\/04\/Vlada-RH.jpg?fit=1200%2C557&ssl=1&resize=350%2C200","width":350,"height":200,"srcset":"https:\/\/i0.wp.com\/historiografija.hr\/wp-content\/uploads\/2026\/04\/Vlada-RH.jpg?fit=1200%2C557&ssl=1&resize=350%2C200 1x, https:\/\/i0.wp.com\/historiografija.hr\/wp-content\/uploads\/2026\/04\/Vlada-RH.jpg?fit=1200%2C557&ssl=1&resize=525%2C300 1.5x, https:\/\/i0.wp.com\/historiografija.hr\/wp-content\/uploads\/2026\/04\/Vlada-RH.jpg?fit=1200%2C557&ssl=1&resize=700%2C400 2x, https:\/\/i0.wp.com\/historiografija.hr\/wp-content\/uploads\/2026\/04\/Vlada-RH.jpg?fit=1200%2C557&ssl=1&resize=1050%2C600 3x"},"classes":[]},{"id":52559,"url":"https:\/\/historiografija.hr\/?p=52559","url_meta":{"origin":46671,"position":1},"title":"Dobitnici dr\u017eavne nagrade za znanost za 2024. godinu","author":"Branimir Jankovi\u0107","date":"20. travnja 2026.","format":false,"excerpt":"Na sjednici Odbora za podjelu dr\u017eavnih nagrada za znanost odr\u017eanoj 16. travnja 2026. godine donesena je Odluka o dodjeli dr\u017eavnih nagrada za znanost za 2024. godinu. Godi\u0161njom nagradom za popularizaciju i promid\u017ebu znanosti nagra\u0111eni su u podru\u010dju humanisti\u010dkih znanosti znanstveni suradnici dr. sc. Josip Mihaljevi\u0107 i dr. sc. Gordan Ravan\u010di\u0107,\u2026","rel":"","context":"U &quot;Novosti&quot;","block_context":{"text":"Novosti","link":"https:\/\/historiografija.hr\/?cat=3"},"img":{"alt_text":"","src":"https:\/\/i0.wp.com\/historiografija.hr\/wp-content\/uploads\/2021\/12\/povijesne-kontroverze.jpg?fit=1200%2C675&ssl=1&resize=350%2C200","width":350,"height":200,"srcset":"https:\/\/i0.wp.com\/historiografija.hr\/wp-content\/uploads\/2021\/12\/povijesne-kontroverze.jpg?fit=1200%2C675&ssl=1&resize=350%2C200 1x, https:\/\/i0.wp.com\/historiografija.hr\/wp-content\/uploads\/2021\/12\/povijesne-kontroverze.jpg?fit=1200%2C675&ssl=1&resize=525%2C300 1.5x, https:\/\/i0.wp.com\/historiografija.hr\/wp-content\/uploads\/2021\/12\/povijesne-kontroverze.jpg?fit=1200%2C675&ssl=1&resize=700%2C400 2x, https:\/\/i0.wp.com\/historiografija.hr\/wp-content\/uploads\/2021\/12\/povijesne-kontroverze.jpg?fit=1200%2C675&ssl=1&resize=1050%2C600 3x"},"classes":[]},{"id":52578,"url":"https:\/\/historiografija.hr\/?p=52578","url_meta":{"origin":46671,"position":2},"title":"Poziv za sudjelovanje: XXII. Dani Julija Bene\u0161i\u0107a u Iloku","author":"Branimir Jankovi\u0107","date":"21. travnja 2026.","format":false,"excerpt":"Zavod za lingvisti\u010dka istra\u017eivanja Hrvatske akademije znanosti i umjetnosti, zajedno s Muzejom grada Iloka, organizira XXII. Dane Julija Bene\u0161i\u0107a, koji \u0107e se odr\u017eati od 28. do 30. listopada 2026. u Iloku.\u00a0Teme ovogodi\u0161njih Dana podijeljene su u dvije cjeline: Knji\u017eevno-jezikoslovni d\u00ecv\u0101n s Bene\u0161i\u0107em te Ilok i Srijem u povijesnim stalnicama i\u2026","rel":"","context":"U &quot;Novosti&quot;","block_context":{"text":"Novosti","link":"https:\/\/historiografija.hr\/?cat=3"},"img":{"alt_text":"","src":"https:\/\/i0.wp.com\/historiografija.hr\/wp-content\/uploads\/2019\/10\/HE2_Benesic.jpg?fit=413%2C591&ssl=1&resize=350%2C200","width":350,"height":200},"classes":[]},{"id":52631,"url":"https:\/\/historiografija.hr\/?p=52631","url_meta":{"origin":46671,"position":3},"title":"Predavanje Ivana Tepe\u0161a: Djelovanje hrvatske politi\u010dke emigracije","author":"Branimir Jankovi\u0107","date":"23. travnja 2026.","format":false,"excerpt":"Odjel za me\u0111unarodnu suradnju i iseljeni\u0161tvo Matice hrvatske Predavanje Ivana Tepe\u0161a: Djelovanje hrvatske politi\u010dke emigracije Utorak, 28. travnja 2026. u 18:00 sati, Dvorana Ljudevita Jonkea (Mala dvorana MH), Strossmayerov trg 4, Zagreb dr. sc. Ivan Tepe\u0161, Institut za istra\u017eivanje migracija Hrvatska politi\u010dka emigracija obilje\u017eila je polustoljetnu hrvatsku povijest u drugoj\u2026","rel":"","context":"U &quot;Novosti&quot;","block_context":{"text":"Novosti","link":"https:\/\/historiografija.hr\/?cat=3"},"img":{"alt_text":"","src":"","width":0,"height":0},"classes":[]},{"id":52669,"url":"https:\/\/historiografija.hr\/?p=52669","url_meta":{"origin":46671,"position":4},"title":"Predavanje Igora Dude &#8220;Odmor kao \u017eivotna potreba: o slobodnom vremenu u socijalisti\u010dkoj Jugoslaviji&#8221;","author":"Branimir Jankovi\u0107","date":"27. travnja 2026.","format":false,"excerpt":"U sklopu proljetnog ciklusa programa\u00a0Kriti\u010dka dramaturgija: pauza, u\u00a0subotu, 25. travnja 2026. u 19 sati\u00a0u prostoru Udru\u017eenja hrvatskih arhitekata povjesni\u010dar Igor Duda\u00a0odr\u017eao je predavanje naslovljeno\u00a0Odmor kao \u017eivotna potreba: o slobodnom vremenu u socijalisti\u010dkoj Jugoslaviji. Industrijalizacija i urbanizacija dru\u0161tava u povijesti su zna\u010dile i prelazak s predindustrijskog na industrijsko shva\u0107anje vremena. Ono\u2026","rel":"","context":"U &quot;Novosti&quot;","block_context":{"text":"Novosti","link":"https:\/\/historiografija.hr\/?cat=3"},"img":{"alt_text":"","src":"https:\/\/i0.wp.com\/historiografija.hr\/wp-content\/uploads\/2026\/04\/Duda.png?fit=1200%2C628&ssl=1&resize=350%2C200","width":350,"height":200,"srcset":"https:\/\/i0.wp.com\/historiografija.hr\/wp-content\/uploads\/2026\/04\/Duda.png?fit=1200%2C628&ssl=1&resize=350%2C200 1x, https:\/\/i0.wp.com\/historiografija.hr\/wp-content\/uploads\/2026\/04\/Duda.png?fit=1200%2C628&ssl=1&resize=525%2C300 1.5x, https:\/\/i0.wp.com\/historiografija.hr\/wp-content\/uploads\/2026\/04\/Duda.png?fit=1200%2C628&ssl=1&resize=700%2C400 2x, https:\/\/i0.wp.com\/historiografija.hr\/wp-content\/uploads\/2026\/04\/Duda.png?fit=1200%2C628&ssl=1&resize=1050%2C600 3x"},"classes":[]},{"id":52496,"url":"https:\/\/historiografija.hr\/?p=52496","url_meta":{"origin":46671,"position":5},"title":"30 godina Podru\u017enice \u2013 Javno predavanje Matea \u010calu\u0161i\u0107a \u201eSlavonski Brod u Domovinskom ratu\u201c","author":"Branimir Jankovi\u0107","date":"17. travnja 2026.","format":false,"excerpt":"U 2026. navr\u0161ava se trideset godina od osnutka Podru\u017enice za povijest Slavonije, Srijema i Baranje Hrvatskoga instituta za povijest. Obilje\u017eavanje ove zna\u010dajne obljetnice zapo\u010dinje ciklusom javnih povijesnih predavanja znanstvenika Instituta. Tre\u0107e po redu je predavanje Matea \u010calu\u0161i\u0107a \u2013 \u201eSLAVONSKI BROD U DOMOVINSKOM RATU\u201c. Predavanje \u0107e se odr\u017eati 21. travnja 2026.\u2026","rel":"","context":"U &quot;Novosti&quot;","block_context":{"text":"Novosti","link":"https:\/\/historiografija.hr\/?cat=3"},"img":{"alt_text":"","src":"https:\/\/i0.wp.com\/historiografija.hr\/wp-content\/uploads\/2026\/04\/Predavanje-Calusic.png?fit=860%2C1200&ssl=1&resize=350%2C200","width":350,"height":200,"srcset":"https:\/\/i0.wp.com\/historiografija.hr\/wp-content\/uploads\/2026\/04\/Predavanje-Calusic.png?fit=860%2C1200&ssl=1&resize=350%2C200 1x, https:\/\/i0.wp.com\/historiografija.hr\/wp-content\/uploads\/2026\/04\/Predavanje-Calusic.png?fit=860%2C1200&ssl=1&resize=525%2C300 1.5x, https:\/\/i0.wp.com\/historiografija.hr\/wp-content\/uploads\/2026\/04\/Predavanje-Calusic.png?fit=860%2C1200&ssl=1&resize=700%2C400 2x"},"classes":[]}],"_links":{"self":[{"href":"https:\/\/historiografija.hr\/index.php?rest_route=\/wp\/v2\/posts\/46671","targetHints":{"allow":["GET"]}}],"collection":[{"href":"https:\/\/historiografija.hr\/index.php?rest_route=\/wp\/v2\/posts"}],"about":[{"href":"https:\/\/historiografija.hr\/index.php?rest_route=\/wp\/v2\/types\/post"}],"author":[{"embeddable":true,"href":"https:\/\/historiografija.hr\/index.php?rest_route=\/wp\/v2\/users\/2"}],"replies":[{"embeddable":true,"href":"https:\/\/historiografija.hr\/index.php?rest_route=%2Fwp%2Fv2%2Fcomments&post=46671"}],"version-history":[{"count":2,"href":"https:\/\/historiografija.hr\/index.php?rest_route=\/wp\/v2\/posts\/46671\/revisions"}],"predecessor-version":[{"id":46794,"href":"https:\/\/historiografija.hr\/index.php?rest_route=\/wp\/v2\/posts\/46671\/revisions\/46794"}],"wp:featuredmedia":[{"embeddable":true,"href":"https:\/\/historiografija.hr\/index.php?rest_route=\/wp\/v2\/media\/46672"}],"wp:attachment":[{"href":"https:\/\/historiografija.hr\/index.php?rest_route=%2Fwp%2Fv2%2Fmedia&parent=46671"}],"wp:term":[{"taxonomy":"category","embeddable":true,"href":"https:\/\/historiografija.hr\/index.php?rest_route=%2Fwp%2Fv2%2Fcategories&post=46671"},{"taxonomy":"post_tag","embeddable":true,"href":"https:\/\/historiografija.hr\/index.php?rest_route=%2Fwp%2Fv2%2Ftags&post=46671"}],"curies":[{"name":"wp","href":"https:\/\/api.w.org\/{rel}","templated":true}]}}