{"id":46661,"date":"2025-05-21T21:42:40","date_gmt":"2025-05-21T21:42:40","guid":{"rendered":"https:\/\/historiografija.hr\/?p=46661"},"modified":"2025-05-21T21:42:40","modified_gmt":"2025-05-21T21:42:40","slug":"predstavljanje-publikacije-za-djecu-putevima-brace-seljan","status":"publish","type":"post","link":"https:\/\/historiografija.hr\/?p=46661","title":{"rendered":"Predstavljanje publikacije za djecu \u201dPutevima bra\u0107e Seljan\u201d"},"content":{"rendered":"\n<p>Srda\u010dno vas pozivamo na predstavljanje publikacije za djecu \u201dPutevima bra\u0107e Seljan\u201d, koje \u0107e se odr\u017eati u petak, 23. svibnja 2025. u 14 sati u Etnografskom muzeju u Zagrebu.<\/p>\n\n\n\n<p>Publikacija je namijenjena djeci od 2. do 6. razreda osnovne \u0161kole, a na jednostavan i zanimljiv na\u010din daje prikaz \u017eivota i putovanja Mirka i Steve Seljana u pripovjednoj formi temeljenoj na njihovim dnevni\u010dkim zapisima. Izdanje je oboga\u0107eno ilustracijama i zadacima koji sadr\u017eaj pribli\u017eavaju dana\u0161njoj djeci, a bogat fotografski materijal predstavlja dio fundusa koji \u010dine predmeti koje su bra\u0107a donijela sa svojih putovanja.<\/p>\n\n\n\n<p>O publikaciji \u0107e govoriti:<\/p>\n\n\n\n<p>dr.sc. Zvjezdana Anto\u0161, ravnateljica Etnografskog muzeja<\/p>\n\n\n\n<p>dr.sc. \u017deljka Jelavi\u0107, muzejska savjetnica, voditeljica edukacije<\/p>\n\n\n\n<p>Miljenko Hajdarovi\u0107, recenzent<\/p>\n\n\n\n<p>Hana Lukas Mid\u017ei\u0107, autorica ilustracija<\/p>\n\n\n\n<p>Anastazija Petrovi\u0107 i Silvia Vrsalovi\u0107, autorice<\/p>\n\n\n\n<p>Veselimo se va\u0161em dolasku!<\/p>\n\n\n\n<hr class=\"wp-block-separator has-alpha-channel-opacity\"\/>\n\n\n\n<p>Izvor:<\/p>\n\n\n\n<figure class=\"wp-block-embed is-type-wp-embed is-provider-etnografski-muzej wp-block-embed-etnografski-muzej\"><div class=\"wp-block-embed__wrapper\">\n<blockquote class=\"wp-embedded-content\" data-secret=\"JLgcvID8Tv\"><a href=\"https:\/\/emz.hr\/dogadjanja\/predstavljanje-publikacije-za-djecu-putevima-brace-seljan\/\">Predstavljanje publikacije za djecu &#8221;Putevima bra\u0107e Seljan&#8221;<\/a><\/blockquote><iframe loading=\"lazy\" class=\"wp-embedded-content\" sandbox=\"allow-scripts\" security=\"restricted\" style=\"position: absolute; visibility: hidden;\" title=\"&#8220;Predstavljanje publikacije za djecu &#8221;Putevima bra\u0107e Seljan&#8221;&#8221; &#8212; etnografski muzej\" src=\"https:\/\/emz.hr\/dogadjanja\/predstavljanje-publikacije-za-djecu-putevima-brace-seljan\/embed\/#?secret=7YNN5Lo7Rr#?secret=JLgcvID8Tv\" data-secret=\"JLgcvID8Tv\" width=\"600\" height=\"338\" frameborder=\"0\" marginwidth=\"0\" marginheight=\"0\" scrolling=\"no\"><\/iframe>\n<\/div><\/figure>\n\n\n\n<hr class=\"wp-block-separator has-alpha-channel-opacity\"\/>\n","protected":false},"excerpt":{"rendered":"","protected":false},"author":2,"featured_media":46662,"comment_status":"open","ping_status":"open","sticky":false,"template":"","format":"standard","meta":{"_acf_changed":false,"jetpack_post_was_ever_published":false,"_jetpack_newsletter_access":"","_jetpack_dont_email_post_to_subs":false,"_jetpack_newsletter_tier_id":0,"_jetpack_memberships_contains_paywalled_content":false,"_jetpack_memberships_contains_paid_content":false,"footnotes":"","jetpack_publicize_message":"","jetpack_publicize_feature_enabled":true,"jetpack_social_post_already_shared":true,"jetpack_social_options":{"image_generator_settings":{"template":"highway","default_image_id":0,"font":"","enabled":false},"version":2}},"categories":[3],"tags":[],"class_list":["post-46661","post","type-post","status-publish","format-standard","has-post-thumbnail","hentry","category-novosti"],"acf":{"facebook_opis":""},"jetpack_publicize_connections":[],"jetpack_featured_media_url":"https:\/\/i0.wp.com\/historiografija.hr\/wp-content\/uploads\/2025\/05\/Putevima-brace-Seljan.jpg?fit=2048%2C892&ssl=1","jetpack_sharing_enabled":true,"jetpack-related-posts":[],"_links":{"self":[{"href":"https:\/\/historiografija.hr\/index.php?rest_route=\/wp\/v2\/posts\/46661","targetHints":{"allow":["GET"]}}],"collection":[{"href":"https:\/\/historiografija.hr\/index.php?rest_route=\/wp\/v2\/posts"}],"about":[{"href":"https:\/\/historiografija.hr\/index.php?rest_route=\/wp\/v2\/types\/post"}],"author":[{"embeddable":true,"href":"https:\/\/historiografija.hr\/index.php?rest_route=\/wp\/v2\/users\/2"}],"replies":[{"embeddable":true,"href":"https:\/\/historiografija.hr\/index.php?rest_route=%2Fwp%2Fv2%2Fcomments&post=46661"}],"version-history":[{"count":1,"href":"https:\/\/historiografija.hr\/index.php?rest_route=\/wp\/v2\/posts\/46661\/revisions"}],"predecessor-version":[{"id":46663,"href":"https:\/\/historiografija.hr\/index.php?rest_route=\/wp\/v2\/posts\/46661\/revisions\/46663"}],"wp:featuredmedia":[{"embeddable":true,"href":"https:\/\/historiografija.hr\/index.php?rest_route=\/wp\/v2\/media\/46662"}],"wp:attachment":[{"href":"https:\/\/historiografija.hr\/index.php?rest_route=%2Fwp%2Fv2%2Fmedia&parent=46661"}],"wp:term":[{"taxonomy":"category","embeddable":true,"href":"https:\/\/historiografija.hr\/index.php?rest_route=%2Fwp%2Fv2%2Fcategories&post=46661"},{"taxonomy":"post_tag","embeddable":true,"href":"https:\/\/historiografija.hr\/index.php?rest_route=%2Fwp%2Fv2%2Ftags&post=46661"}],"curies":[{"name":"wp","href":"https:\/\/api.w.org\/{rel}","templated":true}]}}