{"id":46657,"date":"2025-05-21T21:31:32","date_gmt":"2025-05-21T21:31:32","guid":{"rendered":"https:\/\/historiografija.hr\/?p=46657"},"modified":"2025-05-21T21:33:50","modified_gmt":"2025-05-21T21:33:50","slug":"international-conference-migration-categories-concepts-terminologies","status":"publish","type":"post","link":"https:\/\/historiografija.hr\/?p=46657","title":{"rendered":"International conference \u201eMigration: Categories, Concepts, Terminologies\u201c"},"content":{"rendered":"\n<p>Na me\u0111unarodnoj konferenciji \u201eMigration: Categories, Concepts, Terminologies\u201c, koja je u organizaciji Instituta za slovensko iseljeni\u0161tvo i migracije pri Znanstveno-istra\u017eiva\u010dkom centru Slovenske akademije znanosti i umjetnosti odr\u017eana u Ljubljani 15. i 16. svibnja 2025., sudjelovao je Ivan Hrsti\u0107 s izlaganjem o razvoju hrvatske dijaspore u Australiji i Novom Zelandu u dugom trajanju, u rasponu od druge polovice 19. do 21. stolje\u0107a. Na konferenciji su Aleksandar R. Mileti\u0107 i Sandra Velebit izlagali o migracijama u kontekstu jugoslavenske povijesti, a Marijana Hamer\u0161ak o balkanskoj migrantskoj ruti.<\/p>\n\n\n\n<hr class=\"wp-block-separator has-alpha-channel-opacity\"\/>\n\n\n\n<p>Izvor i dodatne obavijesti:<\/p>\n\n\n\n<figure class=\"wp-block-embed is-type-wp-embed is-provider-institut-dru-tvenih-znanosti-ivo-pilar wp-block-embed-institut-dru-tvenih-znanosti-ivo-pilar\"><div class=\"wp-block-embed__wrapper\">\n<blockquote class=\"wp-embedded-content\" data-secret=\"wXsFwHsCGy\"><a href=\"https:\/\/www.pilar.hr\/2025\/05\/dr-sc-ivan-hrstic-na-medunarodnoj-konferenciji-migration-categories-concepts-terminologies-ljubljana-15-16-5-2025\/\">Dr. sc. Ivan Hrsti\u0107 na me\u0111unarodnoj konferenciji Migration, Categories, Concepts, Terminologies; Ljubljana, 15.-16. 5. 2025.<\/a><\/blockquote><iframe loading=\"lazy\" class=\"wp-embedded-content\" sandbox=\"allow-scripts\" security=\"restricted\" style=\"position: absolute; visibility: hidden;\" title=\"&#8220;Dr. sc. Ivan Hrsti\u0107 na me\u0111unarodnoj konferenciji Migration, Categories, Concepts, Terminologies; Ljubljana, 15.-16. 5. 2025.&#8221; &#8212; Institut dru\u0161tvenih znanosti Ivo Pilar\" src=\"https:\/\/www.pilar.hr\/2025\/05\/dr-sc-ivan-hrstic-na-medunarodnoj-konferenciji-migration-categories-concepts-terminologies-ljubljana-15-16-5-2025\/embed\/#?secret=xiu1WTLsSX#?secret=wXsFwHsCGy\" data-secret=\"wXsFwHsCGy\" width=\"600\" height=\"338\" frameborder=\"0\" marginwidth=\"0\" marginheight=\"0\" scrolling=\"no\"><\/iframe>\n<\/div><\/figure>\n\n\n\n<p><a href=\"https:\/\/isim.zrc-sazu.si\/en\/dogodki\/migration-categories-concepts-terminologies\">https:\/\/isim.zrc-sazu.si\/en\/dogodki\/migration-categories-concepts-terminologies<\/a><\/p>\n\n\n\n<hr class=\"wp-block-separator has-alpha-channel-opacity\"\/>\n","protected":false},"excerpt":{"rendered":"","protected":false},"author":2,"featured_media":46658,"comment_status":"open","ping_status":"open","sticky":false,"template":"","format":"standard","meta":{"_acf_changed":false,"jetpack_post_was_ever_published":false,"_jetpack_newsletter_access":"","_jetpack_dont_email_post_to_subs":false,"_jetpack_newsletter_tier_id":0,"_jetpack_memberships_contains_paywalled_content":false,"_jetpack_memberships_contains_paid_content":false,"footnotes":"","jetpack_publicize_message":"","jetpack_publicize_feature_enabled":true,"jetpack_social_post_already_shared":true,"jetpack_social_options":{"image_generator_settings":{"template":"highway","default_image_id":0,"font":"","enabled":false},"version":2}},"categories":[3,9],"tags":[],"class_list":["post-46657","post","type-post","status-publish","format-standard","has-post-thumbnail","hentry","category-novosti","category-skupovi"],"acf":{"facebook_opis":""},"jetpack_publicize_connections":[],"jetpack_featured_media_url":"https:\/\/i0.wp.com\/historiografija.hr\/wp-content\/uploads\/2025\/05\/Migration.jpg?fit=620%2C877&ssl=1","jetpack_sharing_enabled":true,"jetpack-related-posts":[],"_links":{"self":[{"href":"https:\/\/historiografija.hr\/index.php?rest_route=\/wp\/v2\/posts\/46657","targetHints":{"allow":["GET"]}}],"collection":[{"href":"https:\/\/historiografija.hr\/index.php?rest_route=\/wp\/v2\/posts"}],"about":[{"href":"https:\/\/historiografija.hr\/index.php?rest_route=\/wp\/v2\/types\/post"}],"author":[{"embeddable":true,"href":"https:\/\/historiografija.hr\/index.php?rest_route=\/wp\/v2\/users\/2"}],"replies":[{"embeddable":true,"href":"https:\/\/historiografija.hr\/index.php?rest_route=%2Fwp%2Fv2%2Fcomments&post=46657"}],"version-history":[{"count":2,"href":"https:\/\/historiografija.hr\/index.php?rest_route=\/wp\/v2\/posts\/46657\/revisions"}],"predecessor-version":[{"id":46660,"href":"https:\/\/historiografija.hr\/index.php?rest_route=\/wp\/v2\/posts\/46657\/revisions\/46660"}],"wp:featuredmedia":[{"embeddable":true,"href":"https:\/\/historiografija.hr\/index.php?rest_route=\/wp\/v2\/media\/46658"}],"wp:attachment":[{"href":"https:\/\/historiografija.hr\/index.php?rest_route=%2Fwp%2Fv2%2Fmedia&parent=46657"}],"wp:term":[{"taxonomy":"category","embeddable":true,"href":"https:\/\/historiografija.hr\/index.php?rest_route=%2Fwp%2Fv2%2Fcategories&post=46657"},{"taxonomy":"post_tag","embeddable":true,"href":"https:\/\/historiografija.hr\/index.php?rest_route=%2Fwp%2Fv2%2Ftags&post=46657"}],"curies":[{"name":"wp","href":"https:\/\/api.w.org\/{rel}","templated":true}]}}