{"id":46652,"date":"2025-05-21T21:09:38","date_gmt":"2025-05-21T21:09:38","guid":{"rendered":"https:\/\/historiografija.hr\/?p=46652"},"modified":"2025-05-21T21:09:38","modified_gmt":"2025-05-21T21:09:38","slug":"poziv-za-prijavu-na-znanstveni-skup-o-ilockoj-pravnoj-zbirci-iz-1525-i-o-srednjovjekovnom-iloku-500-godisnjica-statuta-grada-iloka","status":"publish","type":"post","link":"https:\/\/historiografija.hr\/?p=46652","title":{"rendered":"Poziv za prijavu na znanstveni skup o ilo\u010dkoj pravnoj zbirci iz 1525. i o srednjovjekovnom Iloku \u2013 500. GODI\u0160NJICA STATUTA GRADA ILOKA"},"content":{"rendered":"\n<p>U organizaciji Muzeja grada Iloka i Podru\u017enice za povijest Slavonije, Srijema i Baranje odr\u017eat \u0107e se 11. i 12. prosinca 2025. godine Znanstveni skup o ilo\u010dkoj pravnoj zbirci iz 1525. i o srednjovjekovnom Iloku<em> \u2013 500. GODI\u0160NJICA STATUTA GRADA ILOKA<\/em>, kojim \u0107e se obilje\u017eiti polutisu\u0107ljetna obljetnica jednog od najva\u017enijih srednjovjekovnih pravnih spomenika s podru\u010dja isto\u010dne Hrvatske i hrvatskog Podunavlja.<\/p>\n\n\n\n<p>Tematski okvir skupa obuhva\u0107a dvije cjeline:<\/p>\n\n\n\n<p>1. sadr\u017eaj i okolnosti nastanka \u201cIlo\u010dkog statuta\u201d iz 1525. i njegov pravnopovijesni kontekst;<\/p>\n\n\n\n<p>2. svi aspekti povijesti grada Iloka i njegovih gospodara (velika\u0161kih obitelji koje su ga posjedovale) od najranijih spomena do osmanskog osvajanja 1526. godine.<\/p>\n\n\n\n<p>Prijavu izlaganja na znanstvenom skupu mo\u017eete poslati <strong>do 30. lipnja 2025<\/strong><strong>.<\/strong> na email: <strong>info@mgi.hr<\/strong>. U prijavi treba navesti: naslov izlaganja, podatke o autoru\/autorima (titula, ime i prezime, adresa institucije, telefon i adresa elektroni\u010dke po\u0161te), kratki sa\u017eetak izlaganja (do 300 rije\u010di).<\/p>\n\n\n\n<hr class=\"wp-block-separator has-alpha-channel-opacity\"\/>\n\n\n\n<p>Izvor i dodatne obavijesti:<\/p>\n\n\n\n<figure class=\"wp-block-embed is-type-wp-embed is-provider-hrvatski-institut-za-povijest wp-block-embed-hrvatski-institut-za-povijest\"><div class=\"wp-block-embed__wrapper\">\n<blockquote class=\"wp-embedded-content\" data-secret=\"H18ABu6GPc\"><a href=\"https:\/\/hipsb.hr\/poziv-na-znanstveni-skup-o-ilockoj-pravnoj-zbirci-iz-1525-i-o-srednjovjekovnom-iloku-500-godisnjica-statuta-grada-iloka\/\">Poziv na Znanstveni skup o ilo\u010dkoj pravnoj zbirci iz 1525. i o srednjovjekovnom Iloku \u2013 500. GODI\u0160NJICA STATUTA GRADA ILOKA<\/a><\/blockquote><iframe loading=\"lazy\" class=\"wp-embedded-content\" sandbox=\"allow-scripts\" security=\"restricted\" style=\"position: absolute; visibility: hidden;\" title=\"&#8220;Poziv na Znanstveni skup o ilo\u010dkoj pravnoj zbirci iz 1525. i o srednjovjekovnom Iloku \u2013 500. GODI\u0160NJICA STATUTA GRADA ILOKA&#8221; &#8212; Hrvatski institut za povijest\" src=\"https:\/\/hipsb.hr\/poziv-na-znanstveni-skup-o-ilockoj-pravnoj-zbirci-iz-1525-i-o-srednjovjekovnom-iloku-500-godisnjica-statuta-grada-iloka\/embed\/#?secret=H18ABu6GPc\" data-secret=\"H18ABu6GPc\" width=\"600\" height=\"338\" frameborder=\"0\" marginwidth=\"0\" marginheight=\"0\" scrolling=\"no\"><\/iframe>\n<\/div><\/figure>\n\n\n\n<hr class=\"wp-block-separator has-alpha-channel-opacity\"\/>\n","protected":false},"excerpt":{"rendered":"","protected":false},"author":2,"featured_media":46653,"comment_status":"open","ping_status":"open","sticky":false,"template":"","format":"standard","meta":{"_acf_changed":false,"jetpack_post_was_ever_published":false,"_jetpack_newsletter_access":"","_jetpack_dont_email_post_to_subs":false,"_jetpack_newsletter_tier_id":0,"_jetpack_memberships_contains_paywalled_content":false,"_jetpack_memberships_contains_paid_content":false,"footnotes":"","jetpack_publicize_message":"","jetpack_publicize_feature_enabled":true,"jetpack_social_post_already_shared":true,"jetpack_social_options":{"image_generator_settings":{"template":"highway","default_image_id":0,"font":"","enabled":false},"version":2}},"categories":[3,9],"tags":[],"class_list":["post-46652","post","type-post","status-publish","format-standard","has-post-thumbnail","hentry","category-novosti","category-skupovi"],"acf":{"facebook_opis":""},"jetpack_publicize_connections":[],"jetpack_featured_media_url":"https:\/\/i0.wp.com\/historiografija.hr\/wp-content\/uploads\/2025\/05\/ilok2.jpg?fit=204%2C307&ssl=1","jetpack_sharing_enabled":true,"jetpack-related-posts":[],"_links":{"self":[{"href":"https:\/\/historiografija.hr\/index.php?rest_route=\/wp\/v2\/posts\/46652","targetHints":{"allow":["GET"]}}],"collection":[{"href":"https:\/\/historiografija.hr\/index.php?rest_route=\/wp\/v2\/posts"}],"about":[{"href":"https:\/\/historiografija.hr\/index.php?rest_route=\/wp\/v2\/types\/post"}],"author":[{"embeddable":true,"href":"https:\/\/historiografija.hr\/index.php?rest_route=\/wp\/v2\/users\/2"}],"replies":[{"embeddable":true,"href":"https:\/\/historiografija.hr\/index.php?rest_route=%2Fwp%2Fv2%2Fcomments&post=46652"}],"version-history":[{"count":1,"href":"https:\/\/historiografija.hr\/index.php?rest_route=\/wp\/v2\/posts\/46652\/revisions"}],"predecessor-version":[{"id":46654,"href":"https:\/\/historiografija.hr\/index.php?rest_route=\/wp\/v2\/posts\/46652\/revisions\/46654"}],"wp:featuredmedia":[{"embeddable":true,"href":"https:\/\/historiografija.hr\/index.php?rest_route=\/wp\/v2\/media\/46653"}],"wp:attachment":[{"href":"https:\/\/historiografija.hr\/index.php?rest_route=%2Fwp%2Fv2%2Fmedia&parent=46652"}],"wp:term":[{"taxonomy":"category","embeddable":true,"href":"https:\/\/historiografija.hr\/index.php?rest_route=%2Fwp%2Fv2%2Fcategories&post=46652"},{"taxonomy":"post_tag","embeddable":true,"href":"https:\/\/historiografija.hr\/index.php?rest_route=%2Fwp%2Fv2%2Ftags&post=46652"}],"curies":[{"name":"wp","href":"https:\/\/api.w.org\/{rel}","templated":true}]}}