{"id":46636,"date":"2025-05-20T21:05:38","date_gmt":"2025-05-20T21:05:38","guid":{"rendered":"https:\/\/historiografija.hr\/?p=46636"},"modified":"2025-05-20T21:05:38","modified_gmt":"2025-05-20T21:05:38","slug":"radionica-nasilje-nad-zenama-u-osmanskoj-bosni-ka-mapiranju-sociokulturne-panorame-pogranicne-provincije-u-sarajevu","status":"publish","type":"post","link":"https:\/\/historiografija.hr\/?p=46636","title":{"rendered":"Radionica \u201eNasilje nad \u017eenama u osmanskoj Bosni: Ka mapiranju sociokulturne panorame pograni\u010dne provincije\u201c u Sarajevu"},"content":{"rendered":"\n<p>Filozofski fakultet Univerziteta u Sarajevu organizira javno predavanje i edukativnu radionicu na temu \u201eNasilje nad \u017eenama u osmanskoj Bosni: Ka mapiranju sociokulturne panorame pograni\u010dne provincije.&#8221; Predavanje i radionicu \u0107e voditi prof. dr. Fahd Kasumovi\u0107 (Filozofski fakultet &#8211; Odsjek za historiju).<\/p>\n\n\n\n<p>Predavanje \u0107e biti odr\u017eano u srijedu, 21. 05. 2025. godine u 13 sati na Univerzitet u Sarajevu \u2013 Filozofski fakultet, sala 125. Nakon predavanja u istoj sali bit \u0107e odr\u017eana i studentska radionica o povijesti nasilja nad \u017eenama, s po\u010detkom u 14:15.<\/p>\n\n\n\n<p>Predavanje i radionica predstavljaju aktivnost u sklopu nau\u010dnoistra\u017eiva\u010dkog projekta \u201e\u0160ta (ni)smo nau\u010dili iz povijesti? Edukativne radionice i javna predavanja o nasilju nad \u017eenama&#8221;, koji je podr\u017eala Fondacija Heinrich B\u00f6ll.<\/p>\n\n\n\n<hr class=\"wp-block-separator has-alpha-channel-opacity\"\/>\n\n\n\n<p>Izvor:<\/p>\n\n\n\n<p><a href=\"https:\/\/historiografija.ba\/historija-u-javnosti\/dogadjaji\/nasilje-nad-zenama-u-osmanskoj-bosni\">https:\/\/historiografija.ba\/historija-u-javnosti\/dogadjaji\/nasilje-nad-zenama-u-osmanskoj-bosni<\/a><\/p>\n\n\n\n<hr class=\"wp-block-separator has-alpha-channel-opacity\"\/>\n","protected":false},"excerpt":{"rendered":"","protected":false},"author":2,"featured_media":46637,"comment_status":"open","ping_status":"open","sticky":false,"template":"","format":"standard","meta":{"_acf_changed":false,"jetpack_post_was_ever_published":false,"_jetpack_newsletter_access":"","_jetpack_dont_email_post_to_subs":false,"_jetpack_newsletter_tier_id":0,"_jetpack_memberships_contains_paywalled_content":false,"_jetpack_memberships_contains_paid_content":false,"footnotes":"","jetpack_publicize_message":"","jetpack_publicize_feature_enabled":true,"jetpack_social_post_already_shared":true,"jetpack_social_options":{"image_generator_settings":{"template":"highway","default_image_id":0,"font":"","enabled":false},"version":2}},"categories":[3],"tags":[],"class_list":["post-46636","post","type-post","status-publish","format-standard","has-post-thumbnail","hentry","category-novosti"],"acf":{"facebook_opis":""},"jetpack_publicize_connections":[],"jetpack_featured_media_url":"https:\/\/i0.wp.com\/historiografija.hr\/wp-content\/uploads\/2025\/05\/kasumovic-predavanje-i-radionica.jpg?fit=450%2C631&ssl=1","jetpack_sharing_enabled":true,"jetpack-related-posts":[],"_links":{"self":[{"href":"https:\/\/historiografija.hr\/index.php?rest_route=\/wp\/v2\/posts\/46636","targetHints":{"allow":["GET"]}}],"collection":[{"href":"https:\/\/historiografija.hr\/index.php?rest_route=\/wp\/v2\/posts"}],"about":[{"href":"https:\/\/historiografija.hr\/index.php?rest_route=\/wp\/v2\/types\/post"}],"author":[{"embeddable":true,"href":"https:\/\/historiografija.hr\/index.php?rest_route=\/wp\/v2\/users\/2"}],"replies":[{"embeddable":true,"href":"https:\/\/historiografija.hr\/index.php?rest_route=%2Fwp%2Fv2%2Fcomments&post=46636"}],"version-history":[{"count":1,"href":"https:\/\/historiografija.hr\/index.php?rest_route=\/wp\/v2\/posts\/46636\/revisions"}],"predecessor-version":[{"id":46638,"href":"https:\/\/historiografija.hr\/index.php?rest_route=\/wp\/v2\/posts\/46636\/revisions\/46638"}],"wp:featuredmedia":[{"embeddable":true,"href":"https:\/\/historiografija.hr\/index.php?rest_route=\/wp\/v2\/media\/46637"}],"wp:attachment":[{"href":"https:\/\/historiografija.hr\/index.php?rest_route=%2Fwp%2Fv2%2Fmedia&parent=46636"}],"wp:term":[{"taxonomy":"category","embeddable":true,"href":"https:\/\/historiografija.hr\/index.php?rest_route=%2Fwp%2Fv2%2Fcategories&post=46636"},{"taxonomy":"post_tag","embeddable":true,"href":"https:\/\/historiografija.hr\/index.php?rest_route=%2Fwp%2Fv2%2Ftags&post=46636"}],"curies":[{"name":"wp","href":"https:\/\/api.w.org\/{rel}","templated":true}]}}