{"id":46633,"date":"2025-05-20T21:00:17","date_gmt":"2025-05-20T21:00:17","guid":{"rendered":"https:\/\/historiografija.hr\/?p=46633"},"modified":"2025-05-20T21:00:17","modified_gmt":"2025-05-20T21:00:17","slug":"medunarodni-znanstveni-skup-12-istarski-povijesni-biennale","status":"publish","type":"post","link":"https:\/\/historiografija.hr\/?p=46633","title":{"rendered":"Me\u0111unarodni znanstveni skup \u201e12. Istarski povijesni biennale\u201c"},"content":{"rendered":"\n<p><strong>ISTARSKI POVIJESNI BIENNALE<\/strong><\/p>\n\n\n\n<p><strong>12. Istarski povijesni biennale | 12a Biennale storica istriana | 12th&nbsp;Istrian History Biennale<\/strong><\/p>\n\n\n\n<p>Me\u0111unarodni znanstveni skup | Convegno scentifico internazionale | International scientific conference<\/p>\n\n\n\n<p><strong><em>Violentia, conflictus, aggressio\u2026:<br><\/em><\/strong><strong>&nbsp;o nasilju u povijesti na jadranskom prostoru | la violenza nella storia dell\u2019area adriatica | Violence in the History of the Adriatic<\/strong><\/p>\n\n\n\n<p>Pore\u010d \u2013 Parenzo<\/p>\n\n\n\n<p><strong>&nbsp;<\/strong>Istarska sabornica&nbsp;\u2013 Sala della Dieta Istriana &#8211; Istrian Assemby Hall<\/p>\n\n\n\n<p><em>22 \u2013 24\/5\/2025<\/em><\/p>\n\n\n\n<hr class=\"wp-block-separator has-alpha-channel-opacity\"\/>\n\n\n\n<p>Me\u0111unarodni znanstveni skup \u201eIstarski povijesni biennale\u201c odr\u017eava se u Pore\u010du od 2003. godine u organizaciji Zavi\u010dajnog muzeja Pore\u0161tine, Sveu\u010dili\u0161ta Jurja Dobrile \u2013 Odjela za humanisti\u010dke znanosti i Dr\u017eavnog arhiva u Pazinu. Bavi se rijetkim ili slabo zastupljenim temama svakodnevne povijesti u doma\u0107oj i stranoj historiografiji.&nbsp;<\/p>\n\n\n\n<p>Znanstveni odbor skupa \u010dine: dr. sc. Neven Budak, dr. sc. Lia De Luca, dr. sc. Danijela Doblanovi\u0107 \u0160uran, mr. sc. Jakov Jelin\u010di\u0107, dr. sc. Dean Krmac, dr. sc. Ivan Matej\u010di\u0107, dr. sc. Robert Matija\u0161i\u0107,&nbsp; dr. sc. Darja Miheli\u010d,&nbsp;dr. sc. Marija Mogorovi\u0107 Crljenko, Mirela Mrak Kliman, prof. Elena Poropat Pustijanac, dr. sc. Claudio Povolo, prof. Tajana Uj\u010di\u0107, dr. sc. Elena Uljan\u010di\u0107.<\/p>\n\n\n\n<p>Na dosad odr\u017eanim skupovima obra\u0111ene su slijede\u0107e teme:&nbsp;<\/p>\n\n\n\n<ul class=\"wp-block-list\">\n<li><em>Statuimus et ordinamus, quod&#8230;: Sustavi mo\u0107i i mali ljudi na jadranskom prostor (2003.)<\/em><\/li>\n\n\n\n<li><em>Sacerdotes, iudices, notarii\u2026: Posrednici me\u0111u dru\u0161tvenim skupinama (2005.)<\/em><\/li>\n\n\n\n<li><em>Cerealia, oleum, vinum\u2026: Kultura prehrane i blagovanja na jadranskom prostoru(2007.)<\/em><\/li>\n\n\n\n<li><em>Filii, filiae\u2026: polo\u017eaj i uloga djece na jadranskom prostoru (2009.)\u00a0<\/em><\/li>\n\n\n\n<li><em>Domus, casa, habitatio\u2026: kultura stanovanja na jadranskom prostoru (2011.).\u00a0<\/em><\/li>\n\n\n\n<li><em>Animalia, bestia, ferae&#8230;: o \u017eivotinjama u povijesti na jadranskom prostoru (2013.)<\/em><\/li>\n\n\n\n<li><em>Religio, fides, superstitiones&#8230;: o vjerovanjima i pobo\u017enosti na jadranskom prostoru (2015.)<\/em><\/li>\n\n\n\n<li><em>Artisani et mercatores: o obrtnicima i trgovcima na jadranskom prostoru (2017.)<\/em><\/li>\n\n\n\n<li><em>Emotio, affectus, sensus\u2026:\u00a0o osje\u0107ajima u povijesti na jadranskom prostoru (2019.)<\/em><\/li>\n\n\n\n<li><em>Corpus, carnalitas\u2026: o tijelu i tjelesnosti u povijesti na jadranskom prostoru (2021.)<\/em><\/li>\n\n\n\n<li><em>Villae, rustici, agricolae\u2026: o selu i selja\u0161tvu u povijesti na jadranskom prostoru (2023.)<\/em><\/li>\n<\/ul>\n\n\n\n<p>Izlaganja sa skupova donose se u&nbsp;Zbornicima Istarskog povijesnog biennala.<\/p>\n\n\n\n<p><strong>Program \/ Programma \/ Programme:<\/strong><\/p>\n\n\n\n<p><a href=\"https:\/\/www.muzejporec.hr\/hr\/projekti\/istarski-povijesni-biennale\">https:\/\/www.muzejporec.hr\/hr\/projekti\/istarski-povijesni-biennale<\/a><\/p>\n\n\n\n<hr class=\"wp-block-separator has-alpha-channel-opacity\"\/>\n","protected":false},"excerpt":{"rendered":"","protected":false},"author":2,"featured_media":46634,"comment_status":"open","ping_status":"open","sticky":false,"template":"","format":"standard","meta":{"_acf_changed":false,"jetpack_post_was_ever_published":false,"_jetpack_newsletter_access":"","_jetpack_dont_email_post_to_subs":false,"_jetpack_newsletter_tier_id":0,"_jetpack_memberships_contains_paywalled_content":false,"_jetpack_memberships_contains_paid_content":false,"footnotes":"","jetpack_publicize_message":"","jetpack_publicize_feature_enabled":true,"jetpack_social_post_already_shared":true,"jetpack_social_options":{"image_generator_settings":{"template":"highway","default_image_id":0,"font":"","enabled":false},"version":2}},"categories":[3,9],"tags":[],"class_list":["post-46633","post","type-post","status-publish","format-standard","has-post-thumbnail","hentry","category-novosti","category-skupovi"],"acf":{"facebook_opis":""},"jetpack_publicize_connections":[],"jetpack_featured_media_url":"https:\/\/i0.wp.com\/historiografija.hr\/wp-content\/uploads\/2025\/05\/detalj-noza.jpg?fit=636%2C940&ssl=1","jetpack_sharing_enabled":true,"jetpack-related-posts":[],"_links":{"self":[{"href":"https:\/\/historiografija.hr\/index.php?rest_route=\/wp\/v2\/posts\/46633","targetHints":{"allow":["GET"]}}],"collection":[{"href":"https:\/\/historiografija.hr\/index.php?rest_route=\/wp\/v2\/posts"}],"about":[{"href":"https:\/\/historiografija.hr\/index.php?rest_route=\/wp\/v2\/types\/post"}],"author":[{"embeddable":true,"href":"https:\/\/historiografija.hr\/index.php?rest_route=\/wp\/v2\/users\/2"}],"replies":[{"embeddable":true,"href":"https:\/\/historiografija.hr\/index.php?rest_route=%2Fwp%2Fv2%2Fcomments&post=46633"}],"version-history":[{"count":1,"href":"https:\/\/historiografija.hr\/index.php?rest_route=\/wp\/v2\/posts\/46633\/revisions"}],"predecessor-version":[{"id":46635,"href":"https:\/\/historiografija.hr\/index.php?rest_route=\/wp\/v2\/posts\/46633\/revisions\/46635"}],"wp:featuredmedia":[{"embeddable":true,"href":"https:\/\/historiografija.hr\/index.php?rest_route=\/wp\/v2\/media\/46634"}],"wp:attachment":[{"href":"https:\/\/historiografija.hr\/index.php?rest_route=%2Fwp%2Fv2%2Fmedia&parent=46633"}],"wp:term":[{"taxonomy":"category","embeddable":true,"href":"https:\/\/historiografija.hr\/index.php?rest_route=%2Fwp%2Fv2%2Fcategories&post=46633"},{"taxonomy":"post_tag","embeddable":true,"href":"https:\/\/historiografija.hr\/index.php?rest_route=%2Fwp%2Fv2%2Ftags&post=46633"}],"curies":[{"name":"wp","href":"https:\/\/api.w.org\/{rel}","templated":true}]}}