{"id":46626,"date":"2025-05-20T20:23:00","date_gmt":"2025-05-20T20:23:00","guid":{"rendered":"https:\/\/historiografija.hr\/?p=46626"},"modified":"2025-05-20T20:33:40","modified_gmt":"2025-05-20T20:33:40","slug":"poziv-za-prijavu-na-studijski-posjet-i-dan-akcije-stara-gradiska","status":"publish","type":"post","link":"https:\/\/historiografija.hr\/?p=46626","title":{"rendered":"Poziv za prijavu na studijski posjet i Dan akcije \u201cStara Gradi\u0161ka\u201d"},"content":{"rendered":"\n<p>Pridru\u017eite nam se na studijskom posjetu i Danu akcije \u201cStara Gradi\u0161ka\u201d, koji \u0107e se odr\u017eati od <strong>7. do 10. srpnja 2025<\/strong>. godine u Hrvatskoj.<\/p>\n\n\n\n<p>Studijskim posjetom i Danom akcije \u017eelimo podi\u0107i svijest o zapu\u0161tenim ostacima koncentracijskog logora i zatvora Stara Gradi\u0161ka te izravno upoznati mlade s ovim kompleksnim mjestom sje\u0107anja. Sudionici \u0107e saznati vi\u0161e o lokalnoj povijesti tog podru\u010dja, upoznati druge mlade ljude iz cijele Europe te biti aktivno uklju\u010deni u akciju \u010di\u0161\u0107enja, radi o\u010duvanja lokaliteta, pove\u0107anja vidljivosti \u017ertava te akcija spa\u0161avanja zatvorene djece.<\/p>\n\n\n\n<p>Sve tro\u0161kove vezane uz smje\u0161taj i prehranu tijekom datuma navedenih u programu, pokrivaju organizatori. Molimo provjerite prilo\u017eeni<strong>&nbsp;info paket<\/strong>&nbsp;za vi\u0161e informacija o programu i pravilima povrata tro\u0161kova.<\/p>\n\n\n\n<p>Za prijavu, molimo ispunite ovaj obrazac:<a href=\"https:\/\/forms.gle\/V2rvR6hk9oZThJtH7\"> Prijavnica \u2013 Studijski posjet i Dan akcije Stara Gradi\u0161ka<\/a>, <strong>do 8. lipnja 2025.<\/strong><\/p>\n\n\n\n<p><em>Aktivnost je organizirana u sklopu projekta \u201eMo\u0107 osobnih pri\u010da u suo\u010davanju sa zaboravom (PPSCO)\u201d, koji financira Europska unija putem programa CERV \u2013 Europsko sje\u0107anje<\/em><\/p>\n\n\n\n<p>foto: Vanja Tadi\u0107<\/p>\n\n\n\n<p><a href=\"https:\/\/documenta.hr\/wp-content\/uploads\/2025\/05\/Study-visit-Action-day-Stara-Gradiika-_-Infopack_compressed.pdf\" target=\"_blank\" rel=\"noreferrer noopener\">PDF Study visit &amp; Action day Stara Gradi+\u00edka _ Infopack_compressed<\/a><\/p>\n\n\n\n<hr class=\"wp-block-separator has-alpha-channel-opacity\"\/>\n\n\n\n<p>Izvor:<\/p>\n\n\n\n<figure class=\"wp-block-embed is-type-wp-embed is-provider-documenta wp-block-embed-documenta\"><div class=\"wp-block-embed__wrapper\">\n<blockquote class=\"wp-embedded-content\" data-secret=\"swLv4vLJQs\"><a href=\"https:\/\/documenta.hr\/novosti\/pridruzite-nam-se-u-studijskom-posjetu-i-danu-akcije-stara-gradiska\/\">Pridru\u017eite nam se na studijskom posjetu i Danu akcije \u201cStara Gradi\u0161ka\u201d<\/a><\/blockquote><iframe loading=\"lazy\" class=\"wp-embedded-content\" sandbox=\"allow-scripts\" security=\"restricted\" style=\"position: absolute; visibility: hidden;\" title=\"&#8220;Pridru\u017eite nam se na studijskom posjetu i Danu akcije \u201cStara Gradi\u0161ka\u201d&#8221; &#8212; Documenta\" src=\"https:\/\/documenta.hr\/novosti\/pridruzite-nam-se-u-studijskom-posjetu-i-danu-akcije-stara-gradiska\/embed\/#?secret=swLv4vLJQs\" data-secret=\"swLv4vLJQs\" width=\"600\" height=\"338\" frameborder=\"0\" marginwidth=\"0\" marginheight=\"0\" scrolling=\"no\"><\/iframe>\n<\/div><\/figure>\n\n\n\n<hr class=\"wp-block-separator has-alpha-channel-opacity\"\/>\n","protected":false},"excerpt":{"rendered":"","protected":false},"author":2,"featured_media":46627,"comment_status":"open","ping_status":"open","sticky":false,"template":"","format":"standard","meta":{"_acf_changed":false,"jetpack_post_was_ever_published":false,"_jetpack_newsletter_access":"","_jetpack_dont_email_post_to_subs":false,"_jetpack_newsletter_tier_id":0,"_jetpack_memberships_contains_paywalled_content":false,"_jetpack_memberships_contains_paid_content":false,"footnotes":"","jetpack_publicize_message":"","jetpack_publicize_feature_enabled":true,"jetpack_social_post_already_shared":true,"jetpack_social_options":{"image_generator_settings":{"template":"highway","default_image_id":0,"font":"","enabled":false},"version":2}},"categories":[3],"tags":[],"class_list":["post-46626","post","type-post","status-publish","format-standard","has-post-thumbnail","hentry","category-novosti"],"acf":{"facebook_opis":""},"jetpack_publicize_connections":[],"jetpack_featured_media_url":"https:\/\/i0.wp.com\/historiografija.hr\/wp-content\/uploads\/2025\/05\/vizual-objave-gradiska.png?fit=662%2C937&ssl=1","jetpack_sharing_enabled":true,"jetpack-related-posts":[],"_links":{"self":[{"href":"https:\/\/historiografija.hr\/index.php?rest_route=\/wp\/v2\/posts\/46626","targetHints":{"allow":["GET"]}}],"collection":[{"href":"https:\/\/historiografija.hr\/index.php?rest_route=\/wp\/v2\/posts"}],"about":[{"href":"https:\/\/historiografija.hr\/index.php?rest_route=\/wp\/v2\/types\/post"}],"author":[{"embeddable":true,"href":"https:\/\/historiografija.hr\/index.php?rest_route=\/wp\/v2\/users\/2"}],"replies":[{"embeddable":true,"href":"https:\/\/historiografija.hr\/index.php?rest_route=%2Fwp%2Fv2%2Fcomments&post=46626"}],"version-history":[{"count":1,"href":"https:\/\/historiografija.hr\/index.php?rest_route=\/wp\/v2\/posts\/46626\/revisions"}],"predecessor-version":[{"id":46628,"href":"https:\/\/historiografija.hr\/index.php?rest_route=\/wp\/v2\/posts\/46626\/revisions\/46628"}],"wp:featuredmedia":[{"embeddable":true,"href":"https:\/\/historiografija.hr\/index.php?rest_route=\/wp\/v2\/media\/46627"}],"wp:attachment":[{"href":"https:\/\/historiografija.hr\/index.php?rest_route=%2Fwp%2Fv2%2Fmedia&parent=46626"}],"wp:term":[{"taxonomy":"category","embeddable":true,"href":"https:\/\/historiografija.hr\/index.php?rest_route=%2Fwp%2Fv2%2Fcategories&post=46626"},{"taxonomy":"post_tag","embeddable":true,"href":"https:\/\/historiografija.hr\/index.php?rest_route=%2Fwp%2Fv2%2Ftags&post=46626"}],"curies":[{"name":"wp","href":"https:\/\/api.w.org\/{rel}","templated":true}]}}