{"id":46623,"date":"2025-05-20T20:27:19","date_gmt":"2025-05-20T20:27:19","guid":{"rendered":"https:\/\/historiografija.hr\/?p=46623"},"modified":"2025-05-20T20:27:19","modified_gmt":"2025-05-20T20:27:19","slug":"predstavljene-knjige-studije-iz-povijesti-sveucilista-u-zagrebu-i-prilozi-za-povijest-sveucilista-u-zagrebu","status":"publish","type":"post","link":"https:\/\/historiografija.hr\/?p=46623","title":{"rendered":"Predstavljene knjige \u201eStudije iz povijesti Sveu\u010dili\u0161ta u Zagrebu\u201c i \u201ePrilozi za povijest Sveu\u010dili\u0161ta u Zagrebu\u201c"},"content":{"rendered":"\n<p>U sklopu 12. Festivala povijesti Kliofest predstavljene su u Nacionalnoj i sveu\u010dili\u0161noj knji\u017enici u Zagrebu knjige \u201eStudije iz povijesti Sveu\u010dili\u0161ta u Zagrebu\u201c i \u201ePrilozi za povijest Sveu\u010dili\u0161ta u Zagrebu\u201c koje je uredio Velimir Veselinovi\u0107.<\/p>\n\n\n\n<hr class=\"wp-block-separator has-alpha-channel-opacity\"\/>\n\n\n\n<p>Op\u0161irnije:<\/p>\n\n\n\n<p><a href=\"https:\/\/www.akademski.hr\/predstavljene-knjige-velimira-veselinovica-o-povijesti-sveucilista-u-zagrebu\">https:\/\/www.akademski.hr\/predstavljene-knjige-velimira-veselinovica-o-povijesti-sveucilista-u-zagrebu<\/a><\/p>\n\n\n\n<hr class=\"wp-block-separator has-alpha-channel-opacity\"\/>\n","protected":false},"excerpt":{"rendered":"","protected":false},"author":2,"featured_media":46624,"comment_status":"open","ping_status":"open","sticky":false,"template":"","format":"standard","meta":{"_acf_changed":false,"jetpack_post_was_ever_published":false,"_jetpack_newsletter_access":"","_jetpack_dont_email_post_to_subs":false,"_jetpack_newsletter_tier_id":0,"_jetpack_memberships_contains_paywalled_content":false,"_jetpack_memberships_contains_paid_content":false,"footnotes":"","jetpack_publicize_message":"","jetpack_publicize_feature_enabled":true,"jetpack_social_post_already_shared":true,"jetpack_social_options":{"image_generator_settings":{"template":"highway","default_image_id":0,"font":"","enabled":false},"version":2}},"categories":[3],"tags":[],"class_list":["post-46623","post","type-post","status-publish","format-standard","has-post-thumbnail","hentry","category-novosti"],"acf":{"facebook_opis":""},"jetpack_publicize_connections":[],"jetpack_featured_media_url":"https:\/\/i0.wp.com\/historiografija.hr\/wp-content\/uploads\/2025\/05\/NSK_predstavljanje.jpg?fit=780%2C470&ssl=1","jetpack_sharing_enabled":true,"jetpack-related-posts":[],"_links":{"self":[{"href":"https:\/\/historiografija.hr\/index.php?rest_route=\/wp\/v2\/posts\/46623","targetHints":{"allow":["GET"]}}],"collection":[{"href":"https:\/\/historiografija.hr\/index.php?rest_route=\/wp\/v2\/posts"}],"about":[{"href":"https:\/\/historiografija.hr\/index.php?rest_route=\/wp\/v2\/types\/post"}],"author":[{"embeddable":true,"href":"https:\/\/historiografija.hr\/index.php?rest_route=\/wp\/v2\/users\/2"}],"replies":[{"embeddable":true,"href":"https:\/\/historiografija.hr\/index.php?rest_route=%2Fwp%2Fv2%2Fcomments&post=46623"}],"version-history":[{"count":1,"href":"https:\/\/historiografija.hr\/index.php?rest_route=\/wp\/v2\/posts\/46623\/revisions"}],"predecessor-version":[{"id":46625,"href":"https:\/\/historiografija.hr\/index.php?rest_route=\/wp\/v2\/posts\/46623\/revisions\/46625"}],"wp:featuredmedia":[{"embeddable":true,"href":"https:\/\/historiografija.hr\/index.php?rest_route=\/wp\/v2\/media\/46624"}],"wp:attachment":[{"href":"https:\/\/historiografija.hr\/index.php?rest_route=%2Fwp%2Fv2%2Fmedia&parent=46623"}],"wp:term":[{"taxonomy":"category","embeddable":true,"href":"https:\/\/historiografija.hr\/index.php?rest_route=%2Fwp%2Fv2%2Fcategories&post=46623"},{"taxonomy":"post_tag","embeddable":true,"href":"https:\/\/historiografija.hr\/index.php?rest_route=%2Fwp%2Fv2%2Ftags&post=46623"}],"curies":[{"name":"wp","href":"https:\/\/api.w.org\/{rel}","templated":true}]}}