{"id":46617,"date":"2025-05-20T20:13:13","date_gmt":"2025-05-20T20:13:13","guid":{"rendered":"https:\/\/historiografija.hr\/?p=46617"},"modified":"2025-05-20T20:13:13","modified_gmt":"2025-05-20T20:13:13","slug":"promocija-zbornika-kultura-sjecanja-na-ratne-i-poratne-zrtve-bleiburske-tragedije-i-kriznoga-puta-hrvatskog-naroda","status":"publish","type":"post","link":"https:\/\/historiografija.hr\/?p=46617","title":{"rendered":"Promocija zbornika \u201eKultura sje\u0107anja na ratne i poratne \u017ertve Bleibur\u0161ke tragedije i Kri\u017enoga puta hrvatskog naroda\u201c"},"content":{"rendered":"\n<p>Na Fakultetu hrvatskih studija Sveu\u010dili\u0161ta u Zagrebu bit \u0107e organizirana promocija zbornika <em>Me\u0111unarodnog stru\u010dno-znanstvenog simpozija \u201eKultura sje\u0107anja na ratne i poratne \u017ertve Bleibur\u0161ke tragedije i Kri\u017enoga puta hrvatskog naroda\u201c<\/em>. Promocija \u0107e se odr\u017eati u Knji\u017enici Fakulteta hrvatskih studija, u petak, 23. svibnja 2025. u 11 sati.<\/p>\n\n\n\n<p>Zbornik \u0107e predstaviti njegovi urednici, izv. prof. dr. sc. Wollfy Kra\u0161i\u0107 i dr. sc. Ivan Tepe\u0161, a doga\u0111aj \u0107e moderirati doc. dr. sc. Vladimir \u0160umanovi\u0107. Ova promocija dio je \u0161ireg napora za znanstveno i dru\u0161tveno promi\u0161ljanje povijesnih doga\u0111aja vezanih uz Bleibur\u0161ku tragediju i Kri\u017eni put, s ciljem o\u010duvanja povijesne istine i poticanja kulture sje\u0107anja.<\/p>\n\n\n\n<hr class=\"wp-block-separator has-alpha-channel-opacity\"\/>\n\n\n\n<p>Izvor:<\/p>\n\n\n\n<p><a href=\"https:\/\/www.fhs.unizg.hr\/obavijesti?@=21t6g#news_125014\">https:\/\/www.fhs.unizg.hr\/obavijesti?@=21t6g#news_125014<\/a><\/p>\n\n\n\n<hr class=\"wp-block-separator has-alpha-channel-opacity\"\/>\n","protected":false},"excerpt":{"rendered":"","protected":false},"author":2,"featured_media":46618,"comment_status":"open","ping_status":"open","sticky":false,"template":"","format":"standard","meta":{"_acf_changed":false,"jetpack_post_was_ever_published":false,"_jetpack_newsletter_access":"","_jetpack_dont_email_post_to_subs":false,"_jetpack_newsletter_tier_id":0,"_jetpack_memberships_contains_paywalled_content":false,"_jetpack_memberships_contains_paid_content":false,"footnotes":"","jetpack_publicize_message":"","jetpack_publicize_feature_enabled":true,"jetpack_social_post_already_shared":true,"jetpack_social_options":{"image_generator_settings":{"template":"highway","default_image_id":0,"font":"","enabled":false},"version":2}},"categories":[3],"tags":[],"class_list":["post-46617","post","type-post","status-publish","format-standard","has-post-thumbnail","hentry","category-novosti"],"acf":{"facebook_opis":""},"jetpack_publicize_connections":[],"jetpack_featured_media_url":"https:\/\/i0.wp.com\/historiografija.hr\/wp-content\/uploads\/2025\/05\/Kultura_sjecanja.jpg?fit=774%2C516&ssl=1","jetpack_sharing_enabled":true,"jetpack-related-posts":[],"_links":{"self":[{"href":"https:\/\/historiografija.hr\/index.php?rest_route=\/wp\/v2\/posts\/46617","targetHints":{"allow":["GET"]}}],"collection":[{"href":"https:\/\/historiografija.hr\/index.php?rest_route=\/wp\/v2\/posts"}],"about":[{"href":"https:\/\/historiografija.hr\/index.php?rest_route=\/wp\/v2\/types\/post"}],"author":[{"embeddable":true,"href":"https:\/\/historiografija.hr\/index.php?rest_route=\/wp\/v2\/users\/2"}],"replies":[{"embeddable":true,"href":"https:\/\/historiografija.hr\/index.php?rest_route=%2Fwp%2Fv2%2Fcomments&post=46617"}],"version-history":[{"count":1,"href":"https:\/\/historiografija.hr\/index.php?rest_route=\/wp\/v2\/posts\/46617\/revisions"}],"predecessor-version":[{"id":46619,"href":"https:\/\/historiografija.hr\/index.php?rest_route=\/wp\/v2\/posts\/46617\/revisions\/46619"}],"wp:featuredmedia":[{"embeddable":true,"href":"https:\/\/historiografija.hr\/index.php?rest_route=\/wp\/v2\/media\/46618"}],"wp:attachment":[{"href":"https:\/\/historiografija.hr\/index.php?rest_route=%2Fwp%2Fv2%2Fmedia&parent=46617"}],"wp:term":[{"taxonomy":"category","embeddable":true,"href":"https:\/\/historiografija.hr\/index.php?rest_route=%2Fwp%2Fv2%2Fcategories&post=46617"},{"taxonomy":"post_tag","embeddable":true,"href":"https:\/\/historiografija.hr\/index.php?rest_route=%2Fwp%2Fv2%2Ftags&post=46617"}],"curies":[{"name":"wp","href":"https:\/\/api.w.org\/{rel}","templated":true}]}}