{"id":46604,"date":"2025-05-19T23:12:34","date_gmt":"2025-05-19T23:12:34","guid":{"rendered":"https:\/\/historiografija.hr\/?p=46604"},"modified":"2025-05-20T07:36:34","modified_gmt":"2025-05-20T07:36:34","slug":"o-koristi-i-stetnosti-nespominjanja-ndh-za-obiljezavanje-bleiburga","status":"publish","type":"post","link":"https:\/\/historiografija.hr\/?p=46604","title":{"rendered":"O koristi i \u0161tetnosti nespominjanja NDH za obilje\u017eavanje Bleiburga"},"content":{"rendered":"\n<p>Kada sve\u0107enici u <a href=\"https:\/\/kamenjar.com\/biskup-kosic-bleiburg-je-simbol-najveceg-stradanja-hrvata-u-povijesti\/\">nizu<\/a> <a href=\"https:\/\/ika.hkm.hr\/dokumenti\/propovijed-vlc-tanjica-na-misi-prilikom-obiljezavanja-80-godisnjice-bleiburske-tragedije-i-kriznog-puta\/\">propovijedi<\/a>, sveu\u010dili\u0161ni profesori i povjesni\u010dari u svojim <a href=\"https:\/\/www.fhs.unizg.hr\/obavijesti?@=21t5y\">govorima<\/a>, Thompson u pjesmi <a href=\"https:\/\/www.youtube.com\/watch?v=v3XjNKFeBoE\">Slike Bleiburga<\/a> te mnogi politi\u010dari i mediji prilikom obilje\u017eavanja masovnih poslijeratnih komunisti\u010dkih zlo\u010dina koje simbolizira Bleiburg uop\u0107e ne spomenu Nezavisnu Dr\u017eavu Hrvatsku niti da s njom mo\u017eda postoji neki problem, onda je naravno posve razumljivo da navija\u010dke skupine 80. obljetnicu 1945. godine osim <a href=\"https:\/\/www.index.hr\/sport\/clanak\/boysi-u-cast-i-slavu-poginuloj-hrvatskoj-vojsci-svibanj-1945\/2671585.aspx\">transparentima<\/a> obilje\u017ee i masovnim <a href=\"https:\/\/www.tportal.hr\/sport\/clanak\/torcida-skandirala-za-dom-spremni-na-jadranskom-derbiju-20250518\">stadionskim<\/a> uzvikivanjem pozdrava \u201eZa dom spremni\u201c (za kojeg nam tako\u0111er govore da s njim nema ni\u0161ta problemati\u010dno, posebno u komemorativne svrhe). Kao i da ne postoji neko posebno uzbu\u0111ivanje oko toga.<\/p>\n\n\n\n<p>Stoga bi oni koji smatraju da spominjanje NDH zna\u010di opravdavanje po\u010dinjenih zlo\u010dina trebali imati u vidu i drugu krajnjost koja je postala sve ra\u0161irenija zahvaljuju\u0107i njezinom nespominjanju, a to je posljedi\u010dno umanjivanje karaktera NDH i njezinih masovnih zlo\u010dina. Dovoljno je vidjeti kojim se sve epitetima u spomenutim propovijedima, govorima i pjesmama opisuje komunisti\u010dki re\u017eim, nasuprot usta\u0161kog re\u017eima koji se ni\u010dim ne opisuje jer ga se uop\u0107e ni ne spominje. A o upotrebi pojma fa\u0161izam mo\u017eemo samo sanjati. Nadam se da nije previ\u0161e tra\u017eiti da se navede barem jedna sli\u010dna re\u010denica (npr. \u201eIsticanje stradanja \u201esamo Hrvata\u201c naj\u010de\u0161\u0107e iz vida ispu\u0161ta da je NDH do\u010dekala kraj rata kao saveznica Tre\u0107ega Reicha.\u201c), kao \u0161to se to opravdano \u010dini u recentnom znanstvenom <a href=\"https:\/\/crofacta.hr\/objave\/o-nacionalnoj-strukturi-i-broju-stradalih-na-bleiburgu-i-kriznom-putu\">\u010dlanku<\/a> o poslijeratnim masovnim ubojstvima u kontekstu Bleiburga.<\/p>\n\n\n\n<p>Bez toga ne mo\u017eemo razumjeti kako to da se u Austriji kao jednoj demokratskoj europskoj zemlji koja \u201eosu\u0111uje sve totalitarizme\u201c i u kojoj \u201ezlo\u010din je zlo\u010din\u201c ne mo\u017ee prihvatiti na\u010din na koji znatan dio hrvatske javnosti komemorira Bleiburg. No za razliku od austrijskog, hrvatsko dru\u0161tvo nepovratno je obilje\u017eeno ne samo Jasenovcem nego i Bleiburgom i va\u017eno je komemorirati ga. Samo bismo kona\u010dno trebali provesti jednu sveobuhvatnu javnu raspravu kako to prikladno \u010diniti bez da dosada\u0161nje komemoriranje ima za posljedicu s jedne strane zaglu\u0161uju\u0107u \u0161utnju o NDH, a s druge glasno odjekivanje pozdrava \u201eZa dom spremni\u201c svuda oko nas. Zbog toga nam pitanje \u201eo koristi i \u0161tetnosti historije za \u017eivot\u201c Friedricha Nietzschea postaje sve aktualnije.<\/p>\n\n\n\n<p><em>Branimir Jankovi\u0107<\/em><\/p>\n\n\n\n<hr class=\"wp-block-separator has-alpha-channel-opacity\"\/>\n\n\n\n<p><em>Svoje kriti\u010dke osvrte, reagiranja, polemi\u010dke i druge priloge raspravi mo\u017eete slati na e-mail adresu urednika portala bjankovi@m.ffzg.hr<\/em><\/p>\n\n\n\n<hr class=\"wp-block-separator has-alpha-channel-opacity\"\/>\n","protected":false},"excerpt":{"rendered":"","protected":false},"author":2,"featured_media":46605,"comment_status":"open","ping_status":"open","sticky":false,"template":"","format":"standard","meta":{"_acf_changed":false,"jetpack_post_was_ever_published":false,"_jetpack_newsletter_access":"","_jetpack_dont_email_post_to_subs":false,"_jetpack_newsletter_tier_id":0,"_jetpack_memberships_contains_paywalled_content":false,"_jetpack_memberships_contains_paid_content":false,"footnotes":"","jetpack_publicize_message":"","jetpack_publicize_feature_enabled":true,"jetpack_social_post_already_shared":true,"jetpack_social_options":{"image_generator_settings":{"template":"highway","default_image_id":0,"font":"","enabled":false},"version":2}},"categories":[3,17],"tags":[],"class_list":["post-46604","post","type-post","status-publish","format-standard","has-post-thumbnail","hentry","category-novosti","category-rasprave"],"acf":{"facebook_opis":""},"jetpack_publicize_connections":[],"jetpack_featured_media_url":"https:\/\/i0.wp.com\/historiografija.hr\/wp-content\/uploads\/2025\/05\/Torcida.jpg?fit=1320%2C572&ssl=1","jetpack_sharing_enabled":true,"jetpack-related-posts":[],"_links":{"self":[{"href":"https:\/\/historiografija.hr\/index.php?rest_route=\/wp\/v2\/posts\/46604","targetHints":{"allow":["GET"]}}],"collection":[{"href":"https:\/\/historiografija.hr\/index.php?rest_route=\/wp\/v2\/posts"}],"about":[{"href":"https:\/\/historiografija.hr\/index.php?rest_route=\/wp\/v2\/types\/post"}],"author":[{"embeddable":true,"href":"https:\/\/historiografija.hr\/index.php?rest_route=\/wp\/v2\/users\/2"}],"replies":[{"embeddable":true,"href":"https:\/\/historiografija.hr\/index.php?rest_route=%2Fwp%2Fv2%2Fcomments&post=46604"}],"version-history":[{"count":10,"href":"https:\/\/historiografija.hr\/index.php?rest_route=\/wp\/v2\/posts\/46604\/revisions"}],"predecessor-version":[{"id":46616,"href":"https:\/\/historiografija.hr\/index.php?rest_route=\/wp\/v2\/posts\/46604\/revisions\/46616"}],"wp:featuredmedia":[{"embeddable":true,"href":"https:\/\/historiografija.hr\/index.php?rest_route=\/wp\/v2\/media\/46605"}],"wp:attachment":[{"href":"https:\/\/historiografija.hr\/index.php?rest_route=%2Fwp%2Fv2%2Fmedia&parent=46604"}],"wp:term":[{"taxonomy":"category","embeddable":true,"href":"https:\/\/historiografija.hr\/index.php?rest_route=%2Fwp%2Fv2%2Fcategories&post=46604"},{"taxonomy":"post_tag","embeddable":true,"href":"https:\/\/historiografija.hr\/index.php?rest_route=%2Fwp%2Fv2%2Ftags&post=46604"}],"curies":[{"name":"wp","href":"https:\/\/api.w.org\/{rel}","templated":true}]}}