{"id":46601,"date":"2025-05-19T21:38:36","date_gmt":"2025-05-19T21:38:36","guid":{"rendered":"https:\/\/historiografija.hr\/?p=46601"},"modified":"2025-05-19T21:38:36","modified_gmt":"2025-05-19T21:38:36","slug":"izlozba-brdovec-i-okolica-u-drugom-svjetskom-ratu","status":"publish","type":"post","link":"https:\/\/historiografija.hr\/?p=46601","title":{"rendered":"Izlo\u017eba \u201eBrdovec i okolica u Drugom svjetskom ratu\u201c"},"content":{"rendered":"\n<p>Povjesni\u010darka Mirjana Gross (1922.-2012.) za vrijeme Drugog svjetskog rata, 1942. godine, zajedno s roditeljima sakrila se kod obitelji Topol u Drenje Brdove\u010dko kraj Zapre\u0161i\u0107a. Stanko Topol, student strojarstva, godinu dana stariji od Mirjane bio je nesu\u0111eni suprug i \u017eivotna ljubav Mirjane Gross. Otkriveni su u listopadu 1943. godine i nakon \u0161to ih je uhitio Wehrmacht Mirjana je odvedena u koncentracijski logor Ravensbruck, a Stanko u koncentracijski logor Buchenwald. Oboje su se nakon rata vratili iz logora, ali je Stanko poginuo nesretnim slu\u010dajem 1948. godine. Stanko je iz Buchenwalda donio tabakeru (dozu) koja je izra\u0111ena 1945. godine u logoru s izrezbarenim njegovim logora\u0161kim brojem 29529, inicijalima ST i oznakom politi\u010dkih zatvorenika Jugoslavena (slovo J na crvenom trokutu). Unutar tabakere Stanko je sa\u010duvao dijelove spaljenih kosti zato\u010denika u logoru. Zahvaljuju\u0107i njegovoj obitelji tabakera je predana muzeju, a posjetitelji muzeja mogu je vidjeti na nedavno otvorenoj izlo\u017ebi pod nazivom Brdovec i okolica u Drugom svjetskom ratu otvorenoj 8. svibnja povodom obilje\u017eavanja 80. obljetnice zavr\u0161etka rata. Tabakera je dio predmeta i fotografija koje su prikazane na izlo\u017ebi iz bogatog fundusa Muzeja Brdovec.<br><br>Izlo\u017eba \u201eBrdovec i okolica u Drugom svjetskom ratu\u201c donosi sveobuhvatan i dokumentiran prikaz ratnih zbivanja na prostoru zapre\u0161i\u0107kog kraja \u2013 od otpora prema okupatoru, preko organizacije partizanskog pokreta, do civilnih stradanja i zlo\u010dina koji su obilje\u017eili to razdoblje. Kroz arhivske fotografije, dokumente i predmete prikazana je borba stanovnika grada Zapre\u0161i\u0107a i op\u0107ina Brdovec, Dubravica, Marija Gorica, Pu\u0161\u0107a, Luka, Bistra i Jakovlje protiv fa\u0161isti\u010dkog re\u017eima, pri \u010demu se isti\u010de uloga Prvog zagorskog partizanskog odreda \u2013 bataljona \u201eMatija Gubec\u201c.<br><br>Poseban naglasak izlo\u017ebe stavljen je na diverzantske akcije, osnivanje partijskih i skojevskih \u0107elija, formiranje narodnih odbora, te vojnu i politi\u010dku organizaciju otpora. Istovremeno, izlo\u017eba dokumentira represiju okupatorskih i kvislin\u0161kih vlasti nad civilnim stanovni\u0161tvom, uklju\u010duju\u0107i stradanja \u017didova, Srba i Roma, s posebnim osvrtom na masakr u Hrastini u travnju 1945. godine \u2013 jedan od najve\u0107ih zlo\u010dina nad Sintima u NDH.<br><br>Izlo\u017eba kroz niz pojedinaca \u2013 od narodnih heroja i boraca, do anonimnih seljaka, \u017eena i djece \u2013 svjedo\u010di o otporu, stradanju, solidarnosti i herojstvu. Kroz ovu izlo\u017ebu odaje se po\u010dast poginulim borcima i \u017ertvama fa\u0161isti\u010dkog terora te se \u010duva sje\u0107anje na povijest jednog kraja koji je svojim doprinosom ostavio sna\u017ean trag u Narodnooslobodila\u010dkoj borbi.<br><br>Autor izlo\u017ebe je Mario \u0160imunkovi\u0107, kustosica izlo\u017ebe je Silvija Limani, a dizajn izlo\u017ebe potpisuje Silvio Balija.&nbsp;<\/p>\n\n\n\n<p>U petak 16.5. odr\u017ean je u &nbsp;muzeju program u sklopu festivala povijesti Kliofest. Vodstvo izlo\u017ebom &#8220;Brdovec i okolica u Drugom svjetskom ratu&#8221; odr\u017eao je autor izlo\u017ebe.<br><br>Izlo\u017ebu mo\u017eete pogledati do 31.10.2025. od utorka do petka od 10 do 15 sati i subotom (uz najavu) od 14 do 19 sati u Muzeju Brdovec, Ilije Gregori\u0107a 13, Brdovec.<br><br><a href=\"https:\/\/muzejbrdovec.hr\/\" target=\"_blank\" rel=\"noreferrer noopener\">https:\/\/muzejbrdovec.hr\/<\/a><\/p>\n\n\n\n<hr class=\"wp-block-separator has-alpha-channel-opacity\"\/>\n\n\n\n<p><\/p>\n","protected":false},"excerpt":{"rendered":"","protected":false},"author":2,"featured_media":46602,"comment_status":"open","ping_status":"open","sticky":false,"template":"","format":"standard","meta":{"_acf_changed":false,"jetpack_post_was_ever_published":false,"_jetpack_newsletter_access":"","_jetpack_dont_email_post_to_subs":false,"_jetpack_newsletter_tier_id":0,"_jetpack_memberships_contains_paywalled_content":false,"_jetpack_memberships_contains_paid_content":false,"footnotes":"","jetpack_publicize_message":"","jetpack_publicize_feature_enabled":true,"jetpack_social_post_already_shared":true,"jetpack_social_options":{"image_generator_settings":{"template":"highway","default_image_id":0,"font":"","enabled":false},"version":2}},"categories":[10,3],"tags":[],"class_list":["post-46601","post","type-post","status-publish","format-standard","has-post-thumbnail","hentry","category-izlozbe","category-novosti"],"acf":{"facebook_opis":""},"jetpack_publicize_connections":[],"jetpack_featured_media_url":"https:\/\/i0.wp.com\/historiografija.hr\/wp-content\/uploads\/2025\/05\/Brdovec-i-okolica-u-Drugom-svjetskom-ratu.png?fit=600%2C833&ssl=1","jetpack_sharing_enabled":true,"jetpack-related-posts":[],"_links":{"self":[{"href":"https:\/\/historiografija.hr\/index.php?rest_route=\/wp\/v2\/posts\/46601","targetHints":{"allow":["GET"]}}],"collection":[{"href":"https:\/\/historiografija.hr\/index.php?rest_route=\/wp\/v2\/posts"}],"about":[{"href":"https:\/\/historiografija.hr\/index.php?rest_route=\/wp\/v2\/types\/post"}],"author":[{"embeddable":true,"href":"https:\/\/historiografija.hr\/index.php?rest_route=\/wp\/v2\/users\/2"}],"replies":[{"embeddable":true,"href":"https:\/\/historiografija.hr\/index.php?rest_route=%2Fwp%2Fv2%2Fcomments&post=46601"}],"version-history":[{"count":1,"href":"https:\/\/historiografija.hr\/index.php?rest_route=\/wp\/v2\/posts\/46601\/revisions"}],"predecessor-version":[{"id":46603,"href":"https:\/\/historiografija.hr\/index.php?rest_route=\/wp\/v2\/posts\/46601\/revisions\/46603"}],"wp:featuredmedia":[{"embeddable":true,"href":"https:\/\/historiografija.hr\/index.php?rest_route=\/wp\/v2\/media\/46602"}],"wp:attachment":[{"href":"https:\/\/historiografija.hr\/index.php?rest_route=%2Fwp%2Fv2%2Fmedia&parent=46601"}],"wp:term":[{"taxonomy":"category","embeddable":true,"href":"https:\/\/historiografija.hr\/index.php?rest_route=%2Fwp%2Fv2%2Fcategories&post=46601"},{"taxonomy":"post_tag","embeddable":true,"href":"https:\/\/historiografija.hr\/index.php?rest_route=%2Fwp%2Fv2%2Ftags&post=46601"}],"curies":[{"name":"wp","href":"https:\/\/api.w.org\/{rel}","templated":true}]}}