{"id":46598,"date":"2025-05-19T20:02:25","date_gmt":"2025-05-19T20:02:25","guid":{"rendered":"https:\/\/historiografija.hr\/?p=46598"},"modified":"2025-05-19T20:02:25","modified_gmt":"2025-05-19T20:02:25","slug":"otvoreni-razgovor-studentski-casopis-filoblok-2024-2025-u-kontekstu-istorije-srpske-knjizevne-periodike%cb%ae-u-beogradu","status":"publish","type":"post","link":"https:\/\/historiografija.hr\/?p=46598","title":{"rendered":"Otvoreni razgovor \u201eStudentski \u010dasopis Filoblok (2024-2025) u kontekstu istorije srpske knji\u017eevne periodike\u02ee u Beogradu"},"content":{"rendered":"\n<p>Nau\u010dno odeljenje \u201ePeriodika u istoriji srpske knji\u017eevnosti i kulture\u02ee poziva vas na otvoreni razgovor \u201eStudentski \u010dasopis <em>Filoblok<\/em> u kontekstu istorije srpske knji\u017eevne periodike\u02ee. Razgovor \u0107e se odr\u017eati u utorak, 20. maja 2025. godine, u Biblioteci Instituta za knji\u017eevnost i umetnost, sa po\u010detkom u 11 \u010dasova.<\/p>\n\n\n\n<p>Pun tekst poziva i obrazlo\u017eenje planiranog istra\u017eivanja mo\u017eete pro\u010ditati u <a href=\"https:\/\/www.ikum.org.rs\/images\/stories\/filoblokpoziv25.pdf\">prilogu<\/a>, kao i <a href=\"https:\/\/www.ikum.org.rs\/images\/stories\/filoblokprogram25.pdf\">program<\/a> Otvorenog razgovora.<\/p>\n\n\n\n<hr class=\"wp-block-separator has-alpha-channel-opacity\"\/>\n\n\n\n<p>Izvori:<\/p>\n\n\n\n<p><a href=\"https:\/\/www.ikum.org.rs\/novost.php?id=428\">https:\/\/www.ikum.org.rs\/novost.php?id=428<\/a><\/p>\n\n\n\n<p><a href=\"https:\/\/www.ikum.org.rs\/novost.php?id=430\">https:\/\/www.ikum.org.rs\/novost.php?id=430<\/a><\/p>\n\n\n\n<hr class=\"wp-block-separator has-alpha-channel-opacity\"\/>\n","protected":false},"excerpt":{"rendered":"","protected":false},"author":2,"featured_media":46599,"comment_status":"open","ping_status":"open","sticky":false,"template":"","format":"standard","meta":{"_acf_changed":false,"jetpack_post_was_ever_published":false,"_jetpack_newsletter_access":"","_jetpack_dont_email_post_to_subs":false,"_jetpack_newsletter_tier_id":0,"_jetpack_memberships_contains_paywalled_content":false,"_jetpack_memberships_contains_paid_content":false,"footnotes":"","jetpack_publicize_message":"","jetpack_publicize_feature_enabled":true,"jetpack_social_post_already_shared":true,"jetpack_social_options":{"image_generator_settings":{"template":"highway","default_image_id":0,"font":"","enabled":false},"version":2}},"categories":[3],"tags":[],"class_list":["post-46598","post","type-post","status-publish","format-standard","has-post-thumbnail","hentry","category-novosti"],"acf":{"facebook_opis":""},"jetpack_publicize_connections":[],"jetpack_featured_media_url":"https:\/\/i0.wp.com\/historiografija.hr\/wp-content\/uploads\/2025\/05\/filoblok2.png?fit=576%2C811&ssl=1","jetpack_sharing_enabled":true,"jetpack-related-posts":[],"_links":{"self":[{"href":"https:\/\/historiografija.hr\/index.php?rest_route=\/wp\/v2\/posts\/46598","targetHints":{"allow":["GET"]}}],"collection":[{"href":"https:\/\/historiografija.hr\/index.php?rest_route=\/wp\/v2\/posts"}],"about":[{"href":"https:\/\/historiografija.hr\/index.php?rest_route=\/wp\/v2\/types\/post"}],"author":[{"embeddable":true,"href":"https:\/\/historiografija.hr\/index.php?rest_route=\/wp\/v2\/users\/2"}],"replies":[{"embeddable":true,"href":"https:\/\/historiografija.hr\/index.php?rest_route=%2Fwp%2Fv2%2Fcomments&post=46598"}],"version-history":[{"count":1,"href":"https:\/\/historiografija.hr\/index.php?rest_route=\/wp\/v2\/posts\/46598\/revisions"}],"predecessor-version":[{"id":46600,"href":"https:\/\/historiografija.hr\/index.php?rest_route=\/wp\/v2\/posts\/46598\/revisions\/46600"}],"wp:featuredmedia":[{"embeddable":true,"href":"https:\/\/historiografija.hr\/index.php?rest_route=\/wp\/v2\/media\/46599"}],"wp:attachment":[{"href":"https:\/\/historiografija.hr\/index.php?rest_route=%2Fwp%2Fv2%2Fmedia&parent=46598"}],"wp:term":[{"taxonomy":"category","embeddable":true,"href":"https:\/\/historiografija.hr\/index.php?rest_route=%2Fwp%2Fv2%2Fcategories&post=46598"},{"taxonomy":"post_tag","embeddable":true,"href":"https:\/\/historiografija.hr\/index.php?rest_route=%2Fwp%2Fv2%2Ftags&post=46598"}],"curies":[{"name":"wp","href":"https:\/\/api.w.org\/{rel}","templated":true}]}}