{"id":46595,"date":"2025-05-19T19:35:14","date_gmt":"2025-05-19T19:35:14","guid":{"rendered":"https:\/\/historiografija.hr\/?p=46595"},"modified":"2025-05-19T19:37:22","modified_gmt":"2025-05-19T19:37:22","slug":"predavanje-durdice-vitkovic-zenski-list-slobodan-prostor-za-zenske-misli-i-potrebe","status":"publish","type":"post","link":"https:\/\/historiografija.hr\/?p=46595","title":{"rendered":"Predavanje \u0110ur\u0111ice Vitkovi\u0107 \u201e\u017denski list \u2013 slobodan prostor za \u017eenske misli i potrebe\u201c"},"content":{"rendered":"\n<p>Memorijalni stan Marije Juri\u0107 Zagorke poziva Vas na predavanje <strong>\u0110ur\u0111ice Vitkovi\u0107 \u201e<\/strong><em><strong>\u017denski list<\/strong><\/em><strong> \u2013 slobodan prostor za \u017eenske misli i potrebe\u201c<\/strong> koje \u0107e se odr\u017eati <strong>u srijedu, 21. svibnja 2025. s po\u010detkom u 18 h<\/strong> u sklopu Ciklusa predavanja u Memorijalnom stanu Marije Juri\u0107 Zagorke.<\/p>\n\n\n\n<p>\u201e\u0160tivo na\u0161e ide za tim, da u prvom redu izgradi \u017eenu \u010dovjeka, koji \u0107e se mo\u0107i sna\u0107i u svakom smjeru, svagdanjeg svojeg \u017eivota i prema sebi samoj, prema mu\u017eu, djetetu, dru\u0161tvu, u svojoj ku\u0107i, prema doma\u0107oj pomo\u0107nici i u svakom kuti\u0107u svoga doma. I ba\u0161 zato je na\u0161 list jedinstven, samosvojan, sagradjen na na\u010delima: razvijati u \u017eeni sve \u0161to je lijepo, dobro i vedro, toplo, te sve \u0161to je sna\u017eno, jako, \u010dvrsto, izdr\u017eljivo, pouzdano: ljudsko.\u201c<\/p>\n\n\n\n<p>Prije 100 godina, odnosno krajem travnja 1925. godine, po\u010dinje izlaziti <em>\u017denski list<\/em> koji je pokrenula i ure\u0111ivala Marija Juri\u0107 Zagorka, prva hrvatska profesionalna novinarka i popularna spisateljica. I to nije bila mala stvar \u2013 <em>\u017denski list<\/em> bio je prvi komercijalni \u010dasopis namijenjen isklju\u010divo \u017eenskoj publici u me\u0111uratnoj Hrvatskoj i Jugoslaviji, a objavljivan je s namjerom privla\u010denja \u010ditateljica raznolike klasne, etni\u010dke, geografske i religijske pozadine. S \u010ditateljicama je uspostavljen dijalog te uredni\u0161tvo navodi da ra\u010duna sa \u201e\u017eeljama svoje publike \u2013 koja nema pravo glasa na izborima zastupstva ali imade pravo glasanja kod izbora modnih listova\u201c. Uredni\u0161tvo ih poti\u010de na slanje priloga o svim temama koje list obra\u0111uje, sastavaka beletristi\u010dkog sadr\u017eaja i pitanja, a redovito se raspisuju i ankete u kojima \u010ditateljice mogu izraziti mi\u0161ljenje o razli\u010ditim pitanjima.<\/p>\n\n\n\n<p>Pridru\u017eite nam se na obljetni\u010dkom predavanju i otkrijte koje poruke svojoj publici list oda\u0161ilje, na koje sve na\u010dine \u010ditateljice sukreiraju list, za\u0161to nekima uredni\u0161tvo o\u0161tro odgovora na poslane dopise, \u0161to se pi\u0161e o \u017eenama u kriminalu i jo\u0161 mnogo toga.<\/p>\n\n\n\n<p>Veselimo se Va\u0161em dolasku!<\/p>\n\n\n\n<p>Program financijski podupire Grad Zagreb.<\/p>\n\n\n\n<hr class=\"wp-block-separator has-alpha-channel-opacity\"\/>\n\n\n\n<p>Izvor:<\/p>\n\n\n\n<figure class=\"wp-block-embed is-type-wp-embed is-provider-memorijalni-stan-marije-juri-zagorke wp-block-embed-memorijalni-stan-marije-juri-zagorke\"><div class=\"wp-block-embed__wrapper\">\n<blockquote class=\"wp-embedded-content\" data-secret=\"o7YFzEeLQ8\"><a href=\"https:\/\/zagorka.net\/predavanje-durdice-vitkovic-zenski-list-slobodan-prostor-za-zenske-misli-i-potrebe\/\">Predavanje \u0110ur\u0111ice Vitkovi\u0107: \u201e\u017denski list \u2013 slobodan prostor za \u017eenske misli i potrebe\u201c<\/a><\/blockquote><iframe loading=\"lazy\" class=\"wp-embedded-content\" sandbox=\"allow-scripts\" security=\"restricted\" style=\"position: absolute; visibility: hidden;\" title=\"&#8220;Predavanje \u0110ur\u0111ice Vitkovi\u0107: \u201e\u017denski list \u2013 slobodan prostor za \u017eenske misli i potrebe\u201c&#8221; &#8212; Memorijalni stan Marije Juri\u0107 Zagorke\" src=\"https:\/\/zagorka.net\/predavanje-durdice-vitkovic-zenski-list-slobodan-prostor-za-zenske-misli-i-potrebe\/embed\/#?secret=o7YFzEeLQ8\" data-secret=\"o7YFzEeLQ8\" width=\"600\" height=\"338\" frameborder=\"0\" marginwidth=\"0\" marginheight=\"0\" scrolling=\"no\"><\/iframe>\n<\/div><\/figure>\n\n\n\n<hr class=\"wp-block-separator has-alpha-channel-opacity\"\/>\n","protected":false},"excerpt":{"rendered":"","protected":false},"author":2,"featured_media":43115,"comment_status":"open","ping_status":"open","sticky":false,"template":"","format":"standard","meta":{"_acf_changed":false,"jetpack_post_was_ever_published":false,"_jetpack_newsletter_access":"","_jetpack_dont_email_post_to_subs":false,"_jetpack_newsletter_tier_id":0,"_jetpack_memberships_contains_paywalled_content":false,"_jetpack_memberships_contains_paid_content":false,"footnotes":"","jetpack_publicize_message":"","jetpack_publicize_feature_enabled":true,"jetpack_social_post_already_shared":true,"jetpack_social_options":{"image_generator_settings":{"template":"highway","default_image_id":0,"font":"","enabled":false},"version":2}},"categories":[3],"tags":[],"class_list":["post-46595","post","type-post","status-publish","format-standard","has-post-thumbnail","hentry","category-novosti"],"acf":{"facebook_opis":""},"jetpack_publicize_connections":[],"jetpack_featured_media_url":"https:\/\/i0.wp.com\/historiografija.hr\/wp-content\/uploads\/2024\/11\/Zagorka_ciklus.jpg?fit=1410%2C1182&ssl=1","jetpack_sharing_enabled":true,"jetpack-related-posts":[],"_links":{"self":[{"href":"https:\/\/historiografija.hr\/index.php?rest_route=\/wp\/v2\/posts\/46595","targetHints":{"allow":["GET"]}}],"collection":[{"href":"https:\/\/historiografija.hr\/index.php?rest_route=\/wp\/v2\/posts"}],"about":[{"href":"https:\/\/historiografija.hr\/index.php?rest_route=\/wp\/v2\/types\/post"}],"author":[{"embeddable":true,"href":"https:\/\/historiografija.hr\/index.php?rest_route=\/wp\/v2\/users\/2"}],"replies":[{"embeddable":true,"href":"https:\/\/historiografija.hr\/index.php?rest_route=%2Fwp%2Fv2%2Fcomments&post=46595"}],"version-history":[{"count":2,"href":"https:\/\/historiografija.hr\/index.php?rest_route=\/wp\/v2\/posts\/46595\/revisions"}],"predecessor-version":[{"id":46597,"href":"https:\/\/historiografija.hr\/index.php?rest_route=\/wp\/v2\/posts\/46595\/revisions\/46597"}],"wp:featuredmedia":[{"embeddable":true,"href":"https:\/\/historiografija.hr\/index.php?rest_route=\/wp\/v2\/media\/43115"}],"wp:attachment":[{"href":"https:\/\/historiografija.hr\/index.php?rest_route=%2Fwp%2Fv2%2Fmedia&parent=46595"}],"wp:term":[{"taxonomy":"category","embeddable":true,"href":"https:\/\/historiografija.hr\/index.php?rest_route=%2Fwp%2Fv2%2Fcategories&post=46595"},{"taxonomy":"post_tag","embeddable":true,"href":"https:\/\/historiografija.hr\/index.php?rest_route=%2Fwp%2Fv2%2Ftags&post=46595"}],"curies":[{"name":"wp","href":"https:\/\/api.w.org\/{rel}","templated":true}]}}