{"id":46592,"date":"2025-05-19T19:30:21","date_gmt":"2025-05-19T19:30:21","guid":{"rendered":"https:\/\/historiografija.hr\/?p=46592"},"modified":"2025-05-19T19:30:21","modified_gmt":"2025-05-19T19:30:21","slug":"predstavljanje-knjige-ervina-dubrovica-slikarstvo-u-rijeci-1891-1941","status":"publish","type":"post","link":"https:\/\/historiografija.hr\/?p=46592","title":{"rendered":"Predstavljanje knjige Ervina Dubrovi\u0107a \u201eSlikarstvo u Rijeci 1891. \u2013 1941.\u201c"},"content":{"rendered":"\n<p>Srijeda, 21. svibnja 2025. u 12:00 sati, Dvorana Jure Petri\u010devi\u0107a, Ulica Matice hrvatske 2, Strossmayerov trg 4, Zagreb<\/p>\n\n\n\n<p>Odjel za likovne umjetnosti Matice hrvatske i Dru\u0161tvo povjesni\u010dara umjetnosti Hrvatske pozivaju Vas na predstavljanje knjige<\/p>\n\n\n\n<p><strong>Ervin Dubrovi\u0107<\/strong><\/p>\n\n\n\n<p><strong><em>Slikarstvo u Rijeci 1891.\u2013 1941.<\/em><\/strong><\/p>\n\n\n\n<p>Izdava\u010di: Dru\u0161tvo povjesni\u010dara umjetnosti Rijeke i Muzej grada Rijeke<\/p>\n\n\n\n<p><strong>Sudjeluju<\/strong><\/p>\n\n\n\n<p>Ervin Dubrovi\u0107, autor<\/p>\n\n\n\n<p>Daina Glavo\u010di\u0107, povjesni\u010darka umjetnosti<\/p>\n\n\n\n<p>Dino Milinovi\u0107, predsjednik Dru\u0161tva povjesni\u010dara umjetnosti Hrvatske<\/p>\n\n\n\n<p>Berislav Valu\u0161ek, urednik knjige i predsjednik Dru\u0161tva povjesni\u010dara umjetnosti Rijeke<\/p>\n\n\n\n<p>Petra Vugrinec, povjesni\u010darka umjetnosti<\/p>\n\n\n\n<p>Knjiga Ervina Dubrovi\u0107a dugo je o\u010dekivani stru\u010dni i znanstveni doprinos jednoj temi na kojoj je autor radio gotovo \u010detrdeset godina. Iako je bilo i drugih povjesni\u010dara umjetnosti koji su prou\u010davali Rijeku u razdoblju prijelaza s 19. na 20. stolje\u0107e, kao i u doba izme\u0111u dvaju svjetskih ratova (naro\u010dito Daina Glavo\u010di\u0107), Dubrovi\u0107ev pristup problemu razlikuje se od ostalih nagla\u0161enom interdisciplinarno\u0161\u0107u \u0161to mo\u017eemo zahvaliti razli\u010ditim autorovim stru\u010dnim interesima koji su ga usmjeravali prema socijalnim, op\u0107e kulturnim, ideolo\u0161kim, politi\u010dkim i gospodarstvenim, a ne samo umjetni\u010dkim temama. Bipolarnost i kozmopolitska multipolarnost nalaze se u temeljima rije\u010dke situacije: tri razine vlasti do kraja Prvoga svjetskog rata (austrougarska sredi\u0161nja vlast, ma\u0111arski <em>corpus separatum<\/em>, autonomna gradska uprava), podijeljeni grad izme\u0111u dvaju ratova (<em>Fiume<\/em> \u2013 Su\u0161ak), vi\u0161ejezi\u010dnost (talijanski, hrvatski, ma\u0111arski, njema\u010dki), multikulturalizam temeljen na jezi\u010dnom idiomu i posljedi\u010dno etni\u010dkom itd.<\/p>\n\n\n\n<p><strong>Ervin Dubrovi\u0107<\/strong>&nbsp;(Rijeka, 1957.) povjesni\u010dar je umjetnosti i likovni kriti\u010dar te dugogodi\u0161nji ravnatelj Muzeja grada Rijeke. Specijalizirao se za istra\u017eivanje rije\u010dke i srednjoeuropske povijesti novijeg doba. Bio je voditelj, autor ili suradnik na zna\u010dajnim projektima i izlo\u017ebama, poput&nbsp;<em>Rije\u010dka luka<\/em>&nbsp;(2001.),&nbsp;<em>Adami\u0107evo doba<\/em>&nbsp;(2006.) i&nbsp;<em>Rije\u010dki torpedo \u2013 prvi na svijetu<\/em>&nbsp;(2010.). Posebno se istaknuo istra\u017eivanjem iseljavanja iz Srednje Europe u Ameriku, \u0161to je rezultiralo izlo\u017ebom&nbsp;<em>Merika<\/em>&nbsp;(2008., New York 2012.) te trima publikacijama:&nbsp;<em>Merika<\/em>&nbsp;(2008.),&nbsp;<em>Veliki val<\/em>&nbsp;(2012.) i&nbsp;<em>From Central Europe to America<\/em>&nbsp;(2012.). Autor je brojnih monografija, umjetni\u010dkih biografija i eseja o dru\u0161tvenoj, kulturnoj i umjetni\u010dkoj povijesti Rijeke i Srednje Europe.<\/p>\n\n\n\n<hr class=\"wp-block-separator has-alpha-channel-opacity\"\/>\n\n\n\n<p>Izvori:<\/p>\n\n\n\n<p><a href=\"https:\/\/www.matica.hr\/zbivanja\/predstavljanje-knjige-ervin-dubrovic-slikarstvo-u-rijeci-1891-1941-4779\">https:\/\/www.matica.hr\/zbivanja\/predstavljanje-knjige-ervin-dubrovic-slikarstvo-u-rijeci-1891-1941-4779<\/a><\/p>\n\n\n\n<p><a href=\"http:\/\/www.dpuh.hr\/\">http:\/\/www.dpuh.hr\/<\/a><\/p>\n\n\n\n<hr class=\"wp-block-separator has-alpha-channel-opacity\"\/>\n","protected":false},"excerpt":{"rendered":"","protected":false},"author":2,"featured_media":46593,"comment_status":"open","ping_status":"open","sticky":false,"template":"","format":"standard","meta":{"_acf_changed":false,"jetpack_post_was_ever_published":false,"_jetpack_newsletter_access":"","_jetpack_dont_email_post_to_subs":false,"_jetpack_newsletter_tier_id":0,"_jetpack_memberships_contains_paywalled_content":false,"_jetpack_memberships_contains_paid_content":false,"footnotes":"","jetpack_publicize_message":"","jetpack_publicize_feature_enabled":true,"jetpack_social_post_already_shared":true,"jetpack_social_options":{"image_generator_settings":{"template":"highway","default_image_id":0,"font":"","enabled":false},"version":2}},"categories":[3],"tags":[],"class_list":["post-46592","post","type-post","status-publish","format-standard","has-post-thumbnail","hentry","category-novosti"],"acf":{"facebook_opis":""},"jetpack_publicize_connections":[],"jetpack_featured_media_url":"https:\/\/i0.wp.com\/historiografija.hr\/wp-content\/uploads\/2025\/05\/Dubrovic.jpg?fit=439%2C535&ssl=1","jetpack_sharing_enabled":true,"jetpack-related-posts":[],"_links":{"self":[{"href":"https:\/\/historiografija.hr\/index.php?rest_route=\/wp\/v2\/posts\/46592","targetHints":{"allow":["GET"]}}],"collection":[{"href":"https:\/\/historiografija.hr\/index.php?rest_route=\/wp\/v2\/posts"}],"about":[{"href":"https:\/\/historiografija.hr\/index.php?rest_route=\/wp\/v2\/types\/post"}],"author":[{"embeddable":true,"href":"https:\/\/historiografija.hr\/index.php?rest_route=\/wp\/v2\/users\/2"}],"replies":[{"embeddable":true,"href":"https:\/\/historiografija.hr\/index.php?rest_route=%2Fwp%2Fv2%2Fcomments&post=46592"}],"version-history":[{"count":1,"href":"https:\/\/historiografija.hr\/index.php?rest_route=\/wp\/v2\/posts\/46592\/revisions"}],"predecessor-version":[{"id":46594,"href":"https:\/\/historiografija.hr\/index.php?rest_route=\/wp\/v2\/posts\/46592\/revisions\/46594"}],"wp:featuredmedia":[{"embeddable":true,"href":"https:\/\/historiografija.hr\/index.php?rest_route=\/wp\/v2\/media\/46593"}],"wp:attachment":[{"href":"https:\/\/historiografija.hr\/index.php?rest_route=%2Fwp%2Fv2%2Fmedia&parent=46592"}],"wp:term":[{"taxonomy":"category","embeddable":true,"href":"https:\/\/historiografija.hr\/index.php?rest_route=%2Fwp%2Fv2%2Fcategories&post=46592"},{"taxonomy":"post_tag","embeddable":true,"href":"https:\/\/historiografija.hr\/index.php?rest_route=%2Fwp%2Fv2%2Ftags&post=46592"}],"curies":[{"name":"wp","href":"https:\/\/api.w.org\/{rel}","templated":true}]}}