{"id":46589,"date":"2025-05-19T19:20:56","date_gmt":"2025-05-19T19:20:56","guid":{"rendered":"https:\/\/historiografija.hr\/?p=46589"},"modified":"2025-05-19T19:20:56","modified_gmt":"2025-05-19T19:20:56","slug":"predstavljanje-zbornika-hrvati-i-bugari-diplomacija-politika-kultura-i-znanost","status":"publish","type":"post","link":"https:\/\/historiografija.hr\/?p=46589","title":{"rendered":"Predstavljanje zbornika \u201eHrvati i Bugari. Diplomacija, politika, kultura i znanost\u201c"},"content":{"rendered":"\n<p>U organizaciji Odsjeka za povijesne znanosti Zavoda za povijesne i dru\u0161tvene znanosti Hrvatske akademije znanosti i umjetnosti u \u010detvrtak 22. svibnja 2025. u 12 sati u dvorani Knji\u017enice HAZU, Strossmayerov trg 14 u Zagrebu, odr\u017eat \u0107e se promocija zbornika radova<em> <strong>Hrvati i Bugari. Diplomacija, politika, kultura i znanost \/ \u0425\u044a\u0440\u0432\u0430\u0442\u0438 \u0438 \u0431\u044a\u043b\u0433\u0430\u0440\u0438. \u0414\u0438\u043f\u043b\u043e\u043c\u0430\u0446\u0438\u044f, \u043f\u043e\u043b\u0438\u0442\u0438\u043a\u0430, \u043a\u0443\u043b\u0442\u0443\u0440\u0430 \u0438 \u043d\u0430\u0443\u043a\u0430<\/strong> <\/em>(ur. Damir Karbi\u0107 \u2013 Tihana Lueti\u0107) i otvorenje izlo\u017ebe <em>Hrvati i Bugari kroz stolje\u0107a. Kulturna diplomacija i me\u0111uakademska suradnja.<\/em><\/p>\n\n\n\n<p><strong>Pozdravna rije\u010d:<\/strong><\/p>\n\n\n\n<p>akademik Davor Mili\u010di\u0107,<\/p>\n\n\n\n<p>potpredsjednik Hrvatske akademije znanosti i umjetnosti<\/p>\n\n\n\n<p><strong>Sudjeluju:<\/strong><\/p>\n\n\n\n<p>dr. sc. Rumjana Pre\u0161lenova<\/p>\n\n\n\n<p>dr. sc. Damir Karbi\u0107<\/p>\n\n\n\n<p>dr. sc. Zoran Grijak<\/p>\n\n\n\n<p>dr. sc. Irina Ognjanova<\/p>\n\n\n\n<p>dr. sc. Tihana Lueti\u0107<\/p>\n\n\n\n<p>dr. sc. Aleksandra Milanova<\/p>\n\n\n\n<p>Rije\u010d je o zborniku radova sa znanstvenog skupa odr\u017eanog u Zagrebu od 28. do 30. rujna 2022. povodom 30. obljetnice uspostave diplomatskih odnosa izme\u0111u Republike Bugarske i Republike Hrvatske, te 25. obljetnice uspostave znanstvene suradnje izme\u0111u Bugarske akademije znanosti i Hrvatske akademije znanosti i umjetnosti. Zbornik je tiskan u Zagrebu 2024., a izdava\u010d je Hrvatska akademija znanosti i umjetnosti. Uz predstavljanje zbornika bit \u0107e postavljena i izlo\u017eba <em>Hrvati i Bugari kroz stolje\u0107a. Kulturna diplomacija i me\u0111uakademska suradnja<\/em>, kojom se komemorira dosada\u0161nja znanstvena suradnja HAZU i BAZ.<\/p>\n\n\n\n<p>U ovom zborniku je ukupno 26 autora u 24 rada svojim znanstvenim i stru\u010dnim prilozima objelodanilo nove spoznaje iz hrvatsko<strong>\u2013<\/strong>bugarskih veza u pro\u0161losti, od srednjega vijeka do suvremenosti. Rije\u010d je o znanstvenicima i kulturnim djelatnicima iz razli\u010ditih akademskih i kulturnih ustanova iz Hrvatske i Bugarske, a razultat su rada na zajedni\u010dkim projektima Odsjeka za povijesne znanosti Zavoda za povijesne i dru\u0161tvene znanosti HAZU i Instituta za balkanistiku s Centrom za trakologiju Bugarske akademije znanosti.<\/p>\n\n\n\n<p>Kronolo\u0161ki poredani, radovi u zborniku, kao i u dosada\u0161njim izdanjima zbornika sa zajedni\u010dkih hrvatsko-bugarskih skupova, tematiziraju razli\u010dite politi\u010dko-diplomatske, kulturno-povijesne i knji\u017eevno<strong>\u2013<\/strong>jezi\u010dne teme. Istra\u017eena su razli\u010dita pitanja iz podru\u010dja kulturne razmjene te niz povijesnih paralela oba naroda preko umjetni\u010dko-knji\u017eevnih veza, religijsko-politi\u010dkih odnosa, do \u0161irih kulturnih relacija Hrvata i Bugara.<\/p>\n\n\n\n<p>Objavljivanjem ovog zbornika nastavljena je vi\u0161egodi\u0161nja uspje\u0161na povijesna i knji\u017eevnopovijesna suradnja hrvatskih i bugarskih znanstvenika, koja u kontinuitetu traje sad ve\u0107 vi\u0161e od 27 godina.<\/p>\n\n\n\n<hr class=\"wp-block-separator has-alpha-channel-opacity\"\/>\n\n\n\n<p>Izvor:<\/p>\n\n\n\n<figure class=\"wp-block-embed is-type-wp-embed is-provider-hazu wp-block-embed-hazu\"><div class=\"wp-block-embed__wrapper\">\n<blockquote class=\"wp-embedded-content\" data-secret=\"VzqmSIcHHj\"><a href=\"https:\/\/www.info.hazu.hr\/events\/predstavljanje-zbornika-hrvati-i-bugari-diplomacija-politika-kultura-i-znanost\/\">Predstavljanje zbornika Hrvati i Bugari. Diplomacija, politika, kultura i znanost<\/a><\/blockquote><iframe loading=\"lazy\" class=\"wp-embedded-content\" sandbox=\"allow-scripts\" security=\"restricted\" style=\"position: absolute; visibility: hidden;\" title=\"&#8220;Predstavljanje zbornika Hrvati i Bugari. Diplomacija, politika, kultura i znanost&#8221; &#8212; HAZU\" src=\"https:\/\/www.info.hazu.hr\/events\/predstavljanje-zbornika-hrvati-i-bugari-diplomacija-politika-kultura-i-znanost\/embed\/#?secret=VzqmSIcHHj\" data-secret=\"VzqmSIcHHj\" width=\"600\" height=\"338\" frameborder=\"0\" marginwidth=\"0\" marginheight=\"0\" scrolling=\"no\"><\/iframe>\n<\/div><\/figure>\n\n\n\n<hr class=\"wp-block-separator has-alpha-channel-opacity\"\/>\n","protected":false},"excerpt":{"rendered":"","protected":false},"author":2,"featured_media":46590,"comment_status":"open","ping_status":"open","sticky":false,"template":"","format":"standard","meta":{"_acf_changed":false,"jetpack_post_was_ever_published":false,"_jetpack_newsletter_access":"","_jetpack_dont_email_post_to_subs":false,"_jetpack_newsletter_tier_id":0,"_jetpack_memberships_contains_paywalled_content":false,"_jetpack_memberships_contains_paid_content":false,"footnotes":"","jetpack_publicize_message":"","jetpack_publicize_feature_enabled":true,"jetpack_social_post_already_shared":true,"jetpack_social_options":{"image_generator_settings":{"template":"highway","default_image_id":0,"font":"","enabled":false},"version":2}},"categories":[3],"tags":[],"class_list":["post-46589","post","type-post","status-publish","format-standard","has-post-thumbnail","hentry","category-novosti"],"acf":{"facebook_opis":""},"jetpack_publicize_connections":[],"jetpack_featured_media_url":"https:\/\/i0.wp.com\/historiografija.hr\/wp-content\/uploads\/2025\/05\/NASLOVNICA-BUGARSKI-ZBORNIK.jpg?fit=1662%2C2480&ssl=1","jetpack_sharing_enabled":true,"jetpack-related-posts":[],"_links":{"self":[{"href":"https:\/\/historiografija.hr\/index.php?rest_route=\/wp\/v2\/posts\/46589","targetHints":{"allow":["GET"]}}],"collection":[{"href":"https:\/\/historiografija.hr\/index.php?rest_route=\/wp\/v2\/posts"}],"about":[{"href":"https:\/\/historiografija.hr\/index.php?rest_route=\/wp\/v2\/types\/post"}],"author":[{"embeddable":true,"href":"https:\/\/historiografija.hr\/index.php?rest_route=\/wp\/v2\/users\/2"}],"replies":[{"embeddable":true,"href":"https:\/\/historiografija.hr\/index.php?rest_route=%2Fwp%2Fv2%2Fcomments&post=46589"}],"version-history":[{"count":1,"href":"https:\/\/historiografija.hr\/index.php?rest_route=\/wp\/v2\/posts\/46589\/revisions"}],"predecessor-version":[{"id":46591,"href":"https:\/\/historiografija.hr\/index.php?rest_route=\/wp\/v2\/posts\/46589\/revisions\/46591"}],"wp:featuredmedia":[{"embeddable":true,"href":"https:\/\/historiografija.hr\/index.php?rest_route=\/wp\/v2\/media\/46590"}],"wp:attachment":[{"href":"https:\/\/historiografija.hr\/index.php?rest_route=%2Fwp%2Fv2%2Fmedia&parent=46589"}],"wp:term":[{"taxonomy":"category","embeddable":true,"href":"https:\/\/historiografija.hr\/index.php?rest_route=%2Fwp%2Fv2%2Fcategories&post=46589"},{"taxonomy":"post_tag","embeddable":true,"href":"https:\/\/historiografija.hr\/index.php?rest_route=%2Fwp%2Fv2%2Ftags&post=46589"}],"curies":[{"name":"wp","href":"https:\/\/api.w.org\/{rel}","templated":true}]}}