{"id":46574,"date":"2025-05-16T22:34:03","date_gmt":"2025-05-16T22:34:03","guid":{"rendered":"https:\/\/historiografija.hr\/?p=46574"},"modified":"2025-05-16T22:41:09","modified_gmt":"2025-05-16T22:41:09","slug":"poziv-na-tribinu-iz-ciklusa-od-teorije-do-historije-politicko-nasljede-michela-foucaulta","status":"publish","type":"post","link":"https:\/\/historiografija.hr\/?p=46574","title":{"rendered":"Poziv na tribinu iz ciklusa \u201eOd teorije do historije\u201c: Politi\u010dko naslje\u0111e Michela Foucaulta"},"content":{"rendered":"\n<p>U organizaciji Centra za teorijska istra\u017eivanja u humanistici, u sklopu ciklusa &#8220;Od teorije do historije&#8221;, odr\u017eat \u0107e se u srijedu, 21. svibnja 2025. u 19 sati u dvorani D-5 Filozofskog fakulteta u Zagrebu tribina \u201ePoliti\u010dko naslje\u0111e Michela Foucaulta\u201c.<\/p>\n\n\n\n<p>U tribini sudjeluju:<\/p>\n\n\n\n<p>dr. sc. Nade\u017eda \u010ca\u010dinovi\u010d, prof. emerita (Odsjek za filozofiju)<\/p>\n\n\n\n<p>dr. sc. Nenad Ivi\u0107, red. prof. (Odsjek za romanistiku \/ Centar za teorijska istra\u017eivanja u humanistici)<\/p>\n\n\n\n<p>dr. sc. David \u0160porer, red. prof. (Odsjek za komparativnu knji\u017eevnost)<\/p>\n\n\n\n<p>Moderator: Nikola Cerovac (doktorand)<\/p>\n\n\n\n<hr class=\"wp-block-separator has-alpha-channel-opacity\"\/>\n\n\n\n<figure class=\"wp-block-image size-large\"><img data-recalc-dims=\"1\" loading=\"lazy\" decoding=\"async\" width=\"576\" height=\"1024\" data-attachment-id=\"46575\" data-permalink=\"https:\/\/historiografija.hr\/?attachment_id=46575\" data-orig-file=\"https:\/\/i0.wp.com\/historiografija.hr\/wp-content\/uploads\/2025\/05\/Pozivnica-Politicko-nasljede-Michela-Foucaulta.jpg?fit=1080%2C1920&amp;ssl=1\" data-orig-size=\"1080,1920\" data-comments-opened=\"1\" data-image-meta=\"{&quot;aperture&quot;:&quot;0&quot;,&quot;credit&quot;:&quot;&quot;,&quot;camera&quot;:&quot;&quot;,&quot;caption&quot;:&quot;&quot;,&quot;created_timestamp&quot;:&quot;0&quot;,&quot;copyright&quot;:&quot;&quot;,&quot;focal_length&quot;:&quot;0&quot;,&quot;iso&quot;:&quot;0&quot;,&quot;shutter_speed&quot;:&quot;0&quot;,&quot;title&quot;:&quot;&quot;,&quot;orientation&quot;:&quot;0&quot;}\" data-image-title=\"Pozivnica Politicko nasljede Michela Foucaulta\" data-image-description=\"\" data-image-caption=\"\" data-large-file=\"https:\/\/i0.wp.com\/historiografija.hr\/wp-content\/uploads\/2025\/05\/Pozivnica-Politicko-nasljede-Michela-Foucaulta.jpg?fit=576%2C1024&amp;ssl=1\" src=\"https:\/\/i0.wp.com\/historiografija.hr\/wp-content\/uploads\/2025\/05\/Pozivnica-Politicko-nasljede-Michela-Foucaulta.jpg?resize=576%2C1024&#038;ssl=1\" alt=\"\" class=\"wp-image-46575\" srcset=\"https:\/\/i0.wp.com\/historiografija.hr\/wp-content\/uploads\/2025\/05\/Pozivnica-Politicko-nasljede-Michela-Foucaulta.jpg?resize=576%2C1024&amp;ssl=1 576w, https:\/\/i0.wp.com\/historiografija.hr\/wp-content\/uploads\/2025\/05\/Pozivnica-Politicko-nasljede-Michela-Foucaulta.jpg?resize=169%2C300&amp;ssl=1 169w, https:\/\/i0.wp.com\/historiografija.hr\/wp-content\/uploads\/2025\/05\/Pozivnica-Politicko-nasljede-Michela-Foucaulta.jpg?resize=768%2C1365&amp;ssl=1 768w, https:\/\/i0.wp.com\/historiografija.hr\/wp-content\/uploads\/2025\/05\/Pozivnica-Politicko-nasljede-Michela-Foucaulta.jpg?resize=864%2C1536&amp;ssl=1 864w, https:\/\/i0.wp.com\/historiografija.hr\/wp-content\/uploads\/2025\/05\/Pozivnica-Politicko-nasljede-Michela-Foucaulta.jpg?w=1080&amp;ssl=1 1080w\" sizes=\"auto, (max-width: 576px) 100vw, 576px\" \/><\/figure>\n\n\n\n<hr class=\"wp-block-separator has-alpha-channel-opacity\"\/>\n","protected":false},"excerpt":{"rendered":"","protected":false},"author":2,"featured_media":46580,"comment_status":"open","ping_status":"open","sticky":false,"template":"","format":"standard","meta":{"_acf_changed":false,"jetpack_post_was_ever_published":false,"_jetpack_newsletter_access":"","_jetpack_dont_email_post_to_subs":false,"_jetpack_newsletter_tier_id":0,"_jetpack_memberships_contains_paywalled_content":false,"_jetpack_memberships_contains_paid_content":false,"footnotes":"","jetpack_publicize_message":"","jetpack_publicize_feature_enabled":true,"jetpack_social_post_already_shared":true,"jetpack_social_options":{"image_generator_settings":{"template":"highway","default_image_id":0,"font":"","enabled":false},"version":2}},"categories":[3],"tags":[],"class_list":["post-46574","post","type-post","status-publish","format-standard","has-post-thumbnail","hentry","category-novosti"],"acf":{"facebook_opis":""},"jetpack_publicize_connections":[],"jetpack_featured_media_url":"https:\/\/i0.wp.com\/historiografija.hr\/wp-content\/uploads\/2025\/05\/Politicko-nasljedje.jpg?fit=1080%2C570&ssl=1","jetpack_sharing_enabled":true,"jetpack-related-posts":[],"_links":{"self":[{"href":"https:\/\/historiografija.hr\/index.php?rest_route=\/wp\/v2\/posts\/46574","targetHints":{"allow":["GET"]}}],"collection":[{"href":"https:\/\/historiografija.hr\/index.php?rest_route=\/wp\/v2\/posts"}],"about":[{"href":"https:\/\/historiografija.hr\/index.php?rest_route=\/wp\/v2\/types\/post"}],"author":[{"embeddable":true,"href":"https:\/\/historiografija.hr\/index.php?rest_route=\/wp\/v2\/users\/2"}],"replies":[{"embeddable":true,"href":"https:\/\/historiografija.hr\/index.php?rest_route=%2Fwp%2Fv2%2Fcomments&post=46574"}],"version-history":[{"count":4,"href":"https:\/\/historiografija.hr\/index.php?rest_route=\/wp\/v2\/posts\/46574\/revisions"}],"predecessor-version":[{"id":46581,"href":"https:\/\/historiografija.hr\/index.php?rest_route=\/wp\/v2\/posts\/46574\/revisions\/46581"}],"wp:featuredmedia":[{"embeddable":true,"href":"https:\/\/historiografija.hr\/index.php?rest_route=\/wp\/v2\/media\/46580"}],"wp:attachment":[{"href":"https:\/\/historiografija.hr\/index.php?rest_route=%2Fwp%2Fv2%2Fmedia&parent=46574"}],"wp:term":[{"taxonomy":"category","embeddable":true,"href":"https:\/\/historiografija.hr\/index.php?rest_route=%2Fwp%2Fv2%2Fcategories&post=46574"},{"taxonomy":"post_tag","embeddable":true,"href":"https:\/\/historiografija.hr\/index.php?rest_route=%2Fwp%2Fv2%2Ftags&post=46574"}],"curies":[{"name":"wp","href":"https:\/\/api.w.org\/{rel}","templated":true}]}}