{"id":46569,"date":"2025-05-16T22:25:14","date_gmt":"2025-05-16T22:25:14","guid":{"rendered":"https:\/\/historiografija.hr\/?p=46569"},"modified":"2025-05-16T22:26:41","modified_gmt":"2025-05-16T22:26:41","slug":"tribina-sjecas-li-se-spanije-spanski-gradanski-rat-i-savremena-istoriografija","status":"publish","type":"post","link":"https:\/\/historiografija.hr\/?p=46569","title":{"rendered":"Tribina: \u201cSje\u0107a\u0161 li se \u0160panije?\u201d \u0160panski gra\u0111anski rat i savremena istoriografija"},"content":{"rendered":"\n<p><strong>Sreda, 21. maj 2025. u 19.00<\/strong> &#8211; <em>DOB\/\/Klub<\/em>, Beograd<\/p>\n\n\n\n<p><strong>Ciklus tribina: KRAJ RATA!!!<\/strong><\/p>\n\n\n\n<p>Organizacija:<strong> Centar za jugoslovenske studije i Dom omladine Beograda<\/strong><\/p>\n\n\n\n<p>U\u010destvuju:&nbsp;<strong>Olga Manojlovi\u0107 Pintar<\/strong>, vi\u0161a nau\u010dna saradnica Instituta sa noviju istoriju Srbije;&nbsp;<strong>Nenad Lajben\u0161perger<\/strong>, istori\u010dar, Republi\u010dki zavod za za\u0161titu spomenika kulture;&nbsp;<strong>Milivoj Be\u0161lin<\/strong>, vi\u0161i nau\u010dni saradnik, Institut za filozofiju i dru\u0161tvenu teoriju;&nbsp;<strong>Rastko Lompar<\/strong>, nau\u010dni saradnik, Balkanolo\u0161ki institut SANU.&nbsp;Moderator:&nbsp;<strong>Luka Filipovi\u0107<\/strong>, nau\u010dni saradnik, Institut za savremenu istoriju\/Centar za jugoslovenske studije.<\/p>\n\n\n\n<p>Tribina <em>Sje\u0107a\u0161 li se \u0160panije<\/em>? \u0160panski gra\u0111anski rat i savremena istoriografija posve\u0107ena je ulozi jugoslovenskih dobrovoljaca u \u0160panskom gra\u0111anskom ratu (1936-1939), uticaju ,,\u0161panskog pitanja\u201d na unutra\u0161nja previranja u Jugoslaviji i u drugim dr\u017eavama Evrope, kao i na odnose partija Me\u0111unarodnog radni\u010dkog pokreta. Tako\u0111e, cilj ove tribine je pru\u017eanje kriti\u010dkog osvrta na poziciju \u0160panskog gra\u0111anskog rata u jugoslovenskoj (i srpskoj) kulturi se\u0107anja i u istoriografiji. \u0160ta smo to sve nekada znali, pa zaboravili, o ratu koji je pokazao senke mnogih novih fenomena sa kojima \u0107e se \u010dove\u010danstvo suo\u010diti tokom Drugog svetskog rata? \u0160ta mo\u017eemo nau\u010diti iz prvog velikog ,,Armagedona\u201d ideologija? I kakva je u svemu tome bila uloga Jugoslovenske dr\u017eave, njene vlasti i njene komunisti\u010dke partije. Kakvog je traga ,,\u0161pansko iskustvo\u201d ostavilo na jugoslovensku kulturu, umetnost i knji\u017eevnost? Kako smo pamtili internacionalne brigade u socijalisti\u010dkoj Jugoslaviji, a kako ih se se\u0107amo danas? Ako se se\u0107amo \u0160panije\u2026<\/p>\n\n\n\n<p><strong><u>Biografije u\u010desnika:<\/u><\/strong><\/p>\n\n\n\n<p><strong>Olga Manojlovi\u0107 Pintar<\/strong> je vi\u0161a nau\u010dna saradnica Instituta za noviju istoriju Srbije. Jedna je od prvih istra\u017eiva\u010dica kulture se\u0107anja u na\u0161oj sredini. Autorka je knjiga: <em>Arheologija se\u0107anja, Spomenici i identiteti u Srbiji 1918 \u2013 1989<\/em> (2014), <em>Poslednja bitka, \u0161panski borci i jugoslovenska kriza osamdesetih<\/em> (2019). Uredila je zbornike&nbsp;radova: <em>Jugoslovenski dobrovoljci u odbrani \u0160panske republike<\/em> (2024), <em>Transnacionalna&nbsp;iskustva jugoslovenske istorije<\/em> (2019), <em>Tito \u2013 vi\u0111enja i tuma\u010denja<\/em> (2011), <em>Istorija i se\u0107anje, studije istorijske&nbsp;svesti<\/em> (2005). U\u010desnica je brojnih me\u0111unarodnih projekata, konferencija i radionica koje se bave pitanjima kulture&nbsp;se\u0107anja na jugoslovenskim prostorima.<\/p>\n\n\n\n<p><strong>Nenad Lajben\u0161perger<\/strong> je zavr\u0161io diplomske, master i doktorske studije istorije na Filozofskom fakultetu Univerziteta u Beogradu. Od 2006. godine je zaposlen u Republi\u010dkom zavodu za za\u0161titu spomenika kulture \u2013 Beograd. Bavi se istra\u017eivanjem i za\u0161titom memorijala i u toj oblasti je do sada objavio ve\u0107i broj radova. U\u010destvovao je u vi\u0161e aktivnosti povezanih sa se\u0107anjem na vojne i civilne \u017ertve ratova na ovim prostorima, kao i o\u010duvanjem kulturnog nasle\u0111a. \u010clan je vi\u0161e stru\u010dnih organizacija koje se bave za\u0161titom nasle\u0111a i udru\u017eenja koja se bave negovanjem se\u0107anja. Urednik je \u010dasopisa <em>Saop\u0161tenja<\/em>. Oblasti interesovanja i istra\u017eivanja su mu: istorija Jugoslavije, \u0160panski gra\u0111anski rat i njegova povezanost sa Jugoslavijom i njenim stanovnicima, kao i lokalna istorija Zemuna i Srema.<\/p>\n\n\n\n<p><strong>Milivoj Be\u0161lin <\/strong>je istori\u010dar i vi\u0161i nau\u010dni saradnik Instituta za filozofiju i dru\u0161tvenu teoriju Univerziteta u Beogradu. D\u043ekt\u043erir\u0430\u043e je n\u0430 Fil\u043ez\u043efsk\u043em f\u0430kult\u0435tu Univ\u0435rzit\u0435t\u0430 u N\u043ev\u043em S\u0430du (2015). Predavao je na Filozofskom fakultetu Univerziteta Crne Gore. Na mati\u010dnom institutu je osniva\u010d i koordinator Laboratorije za istra\u017eivanje socijalizma i (post)jugoslovenske studije (YugoLab). Bio je anga\u017eovan na vi\u0161e nau\u010dnih projekata Ministarstva prosvete i nauke Republike Srbije, Evropske unije, SR Nema\u010dke itd. Objavio je vi\u0161e desetina stru\u010dnih studija, \u010dlanaka, rasprava i prikaza u doma\u0107im i me\u0111unarodnim nau\u010dnim \u010dasopisima i zbornicima. Priredio je pet zbornika radova. U\u010destvovao je na vi\u0161e desetina doma\u0107ih i me\u0111unarodnih nau\u010dnih skupova. Oblasti istra\u017eivanja su mu: politi\u010dka i dru\u0161tvena istorija Jugoslavije, studij nacionalizma, istorijski revizionizam. Pi\u0161e kolumne za nekoliko medija u regionu.<\/p>\n\n\n\n<p><strong>Rastko Lompar<\/strong> je nau\u010dni saradnik Balkanolo\u0161kog instituta SANU gde je zaposlen od 2018. godine. Autor je knjige <em>Dimitrije Ljoti\u0107 \u2013 u\u010ditelj ili farisej?<\/em> nastale na osnovu njegove master teze, u kojoj je istra\u017eivao ulogu hri\u0161\u0107anstva i religije u politi\u010dkoj misli Dimitrija Ljoti\u0107a. Lompar je doktorirao istra\u017euju\u0107i fenomen antikomunizma u Kraljevini SHS\/Jugoslaviji i mesta zemlje i organizacija u njoj u me\u0111unarodnim antikomunisti\u010dkim mre\u017eama. U\u010destvovao je na dva projekta finansirana od strane Fonda za nauku Republike Srbije, kao i u dva bilateralna projekta sa Univerzitetom Fridrih \u0160iler u Jeni. \u010clan je Me\u0111unarodne asocijacije za komparativne studije fa\u0161izma. Istra\u017eiva\u010dki se bavi fenomenima nacionalizma, fa\u0161izma, antikomunizma, kao i istorijom hri\u0161\u0107anskih crkava na Balkanu.<\/p>\n\n\n\n<p><strong>Luka Filipovi\u0107<\/strong> je nau\u010dni saradnik u Institutu za savremenu istoriju i \u010dlan Centra za jugoslovenske studije. Jedan je od najmla\u0111ih doktora nauka na Univerzitetu u Beogradu. Autor je knjige <em>Evrokomunizam i Jugoslavija 1968-1980<\/em>, i koautor knjige <em>Anarholiberalizam \u2013 ideologija i slu\u017eba 1967-1985<\/em>. Objavio je vi\u0161e nau\u010dnih \u010dlanaka u doma\u0107im i stranim \u010dasopisima. Do sada se bavio istra\u017eivanjem iz oblasti istorije ideja i ideologija, marksisti\u010dkih pokreta i partija, radni\u010dkih \u0161trajkova, otpora neoliberalnim reformama, kao i savremenim dru\u0161tvenim i kulturnim fenomenima. Od 2024. godine u\u010destvuje na Horizon projektu REENGAGE pod rukovodstvom Norve\u0161kog instituta za spoljnu politiku. Ure\u0111uje portal ,,Novi Horizont\u201d na sajtu <em>Novog Magazina<\/em>. Objavio je brojne tekstove o aktuelnim politi\u010dkim zbivanjima u srpskim, holandskim i ameri\u010dkim novinama. Gostovao u vi\u0161e televizijskih emisija i podkasta, u\u010detvovao na me\u0111unarodnim konferencijama, seminarima i tribinama.<\/p>\n\n\n\n<p>Izvor:<\/p>\n\n\n\n<figure class=\"wp-block-embed is-type-wp-embed is-provider-dom-omladine-beograda wp-block-embed-dom-omladine-beograda\"><div class=\"wp-block-embed__wrapper\">\nhttps:\/\/domomladine.org\/debate\/tribina-sjecas-li-se-spanije-spanski-gradanski-rat-i-savremena-istoriografija\/\n<\/div><\/figure>\n\n\n\n<p><a href=\"https:\/\/www.facebook.com\/cejus.jus\">https:\/\/www.facebook.com\/cejus.jus<\/a><\/p>\n\n\n\n<hr class=\"wp-block-separator has-alpha-channel-opacity\"\/>\n","protected":false},"excerpt":{"rendered":"","protected":false},"author":2,"featured_media":46570,"comment_status":"open","ping_status":"open","sticky":false,"template":"","format":"standard","meta":{"_acf_changed":false,"jetpack_post_was_ever_published":false,"_jetpack_newsletter_access":"","_jetpack_dont_email_post_to_subs":false,"_jetpack_newsletter_tier_id":0,"_jetpack_memberships_contains_paywalled_content":false,"_jetpack_memberships_contains_paid_content":false,"footnotes":"","jetpack_publicize_message":"","jetpack_publicize_feature_enabled":true,"jetpack_social_post_already_shared":true,"jetpack_social_options":{"image_generator_settings":{"template":"highway","default_image_id":0,"font":"","enabled":false},"version":2}},"categories":[3],"tags":[],"class_list":["post-46569","post","type-post","status-publish","format-standard","has-post-thumbnail","hentry","category-novosti"],"acf":{"facebook_opis":""},"jetpack_publicize_connections":[],"jetpack_featured_media_url":"https:\/\/i0.wp.com\/historiografija.hr\/wp-content\/uploads\/2025\/05\/Kraj-rata_05.2025.jpg?fit=2048%2C2048&ssl=1","jetpack_sharing_enabled":true,"jetpack-related-posts":[{"id":52502,"url":"https:\/\/historiografija.hr\/?p=52502","url_meta":{"origin":46569,"position":0},"title":"Novi znanstveni projekt Hrvatskog instituta za povijest: \u201c\u017drtve ratova i dr\u017eavnog\/politi\u010dkog nasilja u hrvatskoj povijesti 20. stolje\u0107a\u201d","author":"Branimir Jankovi\u0107","date":"17. travnja 2026.","format":false,"excerpt":"Na redovitoj sjednici Vlade RH, 16. travnja 2026., donijet je Zaklju\u010dak kojim se pokre\u0107e znanstveni projekt \u201c\u017drtve ratova i dr\u017eavnog\/politi\u010dkog nasilja u hrvatskoj povijesti 20. stolje\u0107a\u201d. Projekt \u0107e provoditi i koordinirati Hrvatski institut za povijest u razdoblju trajanja projekta od pet godina. Zakljucak Vlade RH Iz teksta projektnog prijedloga: Problematika\u2026","rel":"","context":"U &quot;Novosti&quot;","block_context":{"text":"Novosti","link":"https:\/\/historiografija.hr\/?cat=3"},"img":{"alt_text":"","src":"https:\/\/i0.wp.com\/historiografija.hr\/wp-content\/uploads\/2026\/04\/Vlada-RH.jpg?fit=1200%2C557&ssl=1&resize=350%2C200","width":350,"height":200,"srcset":"https:\/\/i0.wp.com\/historiografija.hr\/wp-content\/uploads\/2026\/04\/Vlada-RH.jpg?fit=1200%2C557&ssl=1&resize=350%2C200 1x, https:\/\/i0.wp.com\/historiografija.hr\/wp-content\/uploads\/2026\/04\/Vlada-RH.jpg?fit=1200%2C557&ssl=1&resize=525%2C300 1.5x, https:\/\/i0.wp.com\/historiografija.hr\/wp-content\/uploads\/2026\/04\/Vlada-RH.jpg?fit=1200%2C557&ssl=1&resize=700%2C400 2x, https:\/\/i0.wp.com\/historiografija.hr\/wp-content\/uploads\/2026\/04\/Vlada-RH.jpg?fit=1200%2C557&ssl=1&resize=1050%2C600 3x"},"classes":[]},{"id":52528,"url":"https:\/\/historiografija.hr\/?p=52528","url_meta":{"origin":46569,"position":1},"title":"[Promocija knjige] Banja Luka u ratu: Etnopolitika i svakodnevica (1990\u20131995) (ActiveLab, YugoLab)","author":"Branimir Jankovi\u0107","date":"17. travnja 2026.","format":false,"excerpt":"Institut za filozofiju i dru\u0161tvenu teoriju i O\u0161tra Nula organizuju promociju knjige Banja Luka u ratu: Etnopolitika i svakodnevica (1990\u20131995) autorke Armine Galija\u0161, koja \u0107e se odr\u017eati 20. aprila 2026. u 12.00 sati u prostorijama Instituta (Kraljice Natalije 45, Beograd). Re\u010d je o prvom nau\u010dno utemeljenom i sistematskom radu koji\u2026","rel":"","context":"U &quot;Novosti&quot;","block_context":{"text":"Novosti","link":"https:\/\/historiografija.hr\/?cat=3"},"img":{"alt_text":"","src":"https:\/\/i0.wp.com\/historiografija.hr\/wp-content\/uploads\/2026\/04\/20-april-RS.jpg?fit=1200%2C675&ssl=1&resize=350%2C200","width":350,"height":200,"srcset":"https:\/\/i0.wp.com\/historiografija.hr\/wp-content\/uploads\/2026\/04\/20-april-RS.jpg?fit=1200%2C675&ssl=1&resize=350%2C200 1x, https:\/\/i0.wp.com\/historiografija.hr\/wp-content\/uploads\/2026\/04\/20-april-RS.jpg?fit=1200%2C675&ssl=1&resize=525%2C300 1.5x, https:\/\/i0.wp.com\/historiografija.hr\/wp-content\/uploads\/2026\/04\/20-april-RS.jpg?fit=1200%2C675&ssl=1&resize=700%2C400 2x, https:\/\/i0.wp.com\/historiografija.hr\/wp-content\/uploads\/2026\/04\/20-april-RS.jpg?fit=1200%2C675&ssl=1&resize=1050%2C600 3x"},"classes":[]},{"id":52657,"url":"https:\/\/historiografija.hr\/?p=52657","url_meta":{"origin":46569,"position":2},"title":"[Predavanje] Jezik i drugost u (post)socijalisti\u010dkoj Srbiji: diskurzivne politike identiteta (YugoLab)","author":"Branimir Jankovi\u0107","date":"24. travnja 2026.","format":false,"excerpt":"U sklopu projekta Prizma \/ IMAGINATION (\u201eZami\u0161ljanje nacije: srpski nacionalni narativi u sporu (XX\u2013XXI vek)\u201c), koji se realizuje na Institutu za filozofiju i dru\u0161tvenu teoriju Univerziteta u Beogradu (2024\u20132027) uz finansijsku podr\u0161ku Fonda za nauku Republike Srbije, organizuje se serija predavanja na kojoj istra\u017eiva\u010di i istra\u017eiva\u010dice projekta predstavljaju rezultate svojih\u2026","rel":"","context":"U &quot;Novosti&quot;","block_context":{"text":"Novosti","link":"https:\/\/historiografija.hr\/?cat=3"},"img":{"alt_text":"","src":"https:\/\/i0.wp.com\/historiografija.hr\/wp-content\/uploads\/2026\/04\/IFDT_28_IV.png?fit=1200%2C675&ssl=1&resize=350%2C200","width":350,"height":200,"srcset":"https:\/\/i0.wp.com\/historiografija.hr\/wp-content\/uploads\/2026\/04\/IFDT_28_IV.png?fit=1200%2C675&ssl=1&resize=350%2C200 1x, https:\/\/i0.wp.com\/historiografija.hr\/wp-content\/uploads\/2026\/04\/IFDT_28_IV.png?fit=1200%2C675&ssl=1&resize=525%2C300 1.5x, https:\/\/i0.wp.com\/historiografija.hr\/wp-content\/uploads\/2026\/04\/IFDT_28_IV.png?fit=1200%2C675&ssl=1&resize=700%2C400 2x, https:\/\/i0.wp.com\/historiografija.hr\/wp-content\/uploads\/2026\/04\/IFDT_28_IV.png?fit=1200%2C675&ssl=1&resize=1050%2C600 3x"},"classes":[]},{"id":52559,"url":"https:\/\/historiografija.hr\/?p=52559","url_meta":{"origin":46569,"position":3},"title":"Dobitnici dr\u017eavne nagrade za znanost za 2024. godinu","author":"Branimir Jankovi\u0107","date":"20. travnja 2026.","format":false,"excerpt":"Na sjednici Odbora za podjelu dr\u017eavnih nagrada za znanost odr\u017eanoj 16. travnja 2026. godine donesena je Odluka o dodjeli dr\u017eavnih nagrada za znanost za 2024. godinu. Godi\u0161njom nagradom za popularizaciju i promid\u017ebu znanosti nagra\u0111eni su u podru\u010dju humanisti\u010dkih znanosti znanstveni suradnici dr. sc. Josip Mihaljevi\u0107 i dr. sc. Gordan Ravan\u010di\u0107,\u2026","rel":"","context":"U &quot;Novosti&quot;","block_context":{"text":"Novosti","link":"https:\/\/historiografija.hr\/?cat=3"},"img":{"alt_text":"","src":"https:\/\/i0.wp.com\/historiografija.hr\/wp-content\/uploads\/2021\/12\/povijesne-kontroverze.jpg?fit=1200%2C675&ssl=1&resize=350%2C200","width":350,"height":200,"srcset":"https:\/\/i0.wp.com\/historiografija.hr\/wp-content\/uploads\/2021\/12\/povijesne-kontroverze.jpg?fit=1200%2C675&ssl=1&resize=350%2C200 1x, https:\/\/i0.wp.com\/historiografija.hr\/wp-content\/uploads\/2021\/12\/povijesne-kontroverze.jpg?fit=1200%2C675&ssl=1&resize=525%2C300 1.5x, https:\/\/i0.wp.com\/historiografija.hr\/wp-content\/uploads\/2021\/12\/povijesne-kontroverze.jpg?fit=1200%2C675&ssl=1&resize=700%2C400 2x, https:\/\/i0.wp.com\/historiografija.hr\/wp-content\/uploads\/2021\/12\/povijesne-kontroverze.jpg?fit=1200%2C675&ssl=1&resize=1050%2C600 3x"},"classes":[]},{"id":52666,"url":"https:\/\/historiografija.hr\/?p=52666","url_meta":{"origin":46569,"position":4},"title":"Najava programa Festivala povijesti Kliofest (5-8. V. 2026)","author":"Branimir Jankovi\u0107","date":"24. travnja 2026.","format":false,"excerpt":"Po trinaesti put odr\u017eava se Festival povijesti Kliofest! Do petka \u0107emo odr\u017eati osam okruglih stolova i dva kolokvija te niz predstavljanja knjiga i projekata razli\u010dite tematike, od antike do suvremenosti. Bit \u0107e predstavljeno i nekoliko izlo\u017ebi te odr\u017ean jedan povijesni kviz. Prikazat \u0107emo i jedan film \u2013 o generalu Boroevi\u0107u.\u2026","rel":"","context":"U &quot;Novosti&quot;","block_context":{"text":"Novosti","link":"https:\/\/historiografija.hr\/?cat=3"},"img":{"alt_text":"","src":"https:\/\/i0.wp.com\/historiografija.hr\/wp-content\/uploads\/2026\/04\/Kliofest-2026.jpg?fit=526%2C526&ssl=1&resize=350%2C200","width":350,"height":200,"srcset":"https:\/\/i0.wp.com\/historiografija.hr\/wp-content\/uploads\/2026\/04\/Kliofest-2026.jpg?fit=526%2C526&ssl=1&resize=350%2C200 1x, https:\/\/i0.wp.com\/historiografija.hr\/wp-content\/uploads\/2026\/04\/Kliofest-2026.jpg?fit=526%2C526&ssl=1&resize=525%2C300 1.5x"},"classes":[]},{"id":52439,"url":"https:\/\/historiografija.hr\/?p=52439","url_meta":{"origin":46569,"position":5},"title":"Tribina &#8220;Ahmi\u0107i 33 godine kasnije: Ne u na\u0161e ime&#8221;","author":"Branimir Jankovi\u0107","date":"16. travnja 2026.","format":false,"excerpt":"U \u010detvrtak, 16. travnja 2026. u 17 sati u Knji\u017enici i \u010ditaonici Bogdana Ogrizovi\u0107a u Zagrebu odr\u017eat \u0107e se tribina pod nazivom Ahmi\u0107i 33 godine kasnije: Ne u na\u0161e ime. Na tribini \u0107e govoriti Ivica \u0110iki\u0107, novinar, Mubera Masli\u0107 \u2013 \u017ddralovi\u0107, aktivistikinja, prevoditeljica za arapski, Domagoj Fuk, student politologije, \u010dlan\u2026","rel":"","context":"U &quot;Novosti&quot;","block_context":{"text":"Novosti","link":"https:\/\/historiografija.hr\/?cat=3"},"img":{"alt_text":"","src":"https:\/\/i0.wp.com\/historiografija.hr\/wp-content\/uploads\/2026\/04\/Zagreb_2026.jpeg?fit=1200%2C900&ssl=1&resize=350%2C200","width":350,"height":200,"srcset":"https:\/\/i0.wp.com\/historiografija.hr\/wp-content\/uploads\/2026\/04\/Zagreb_2026.jpeg?fit=1200%2C900&ssl=1&resize=350%2C200 1x, https:\/\/i0.wp.com\/historiografija.hr\/wp-content\/uploads\/2026\/04\/Zagreb_2026.jpeg?fit=1200%2C900&ssl=1&resize=525%2C300 1.5x, https:\/\/i0.wp.com\/historiografija.hr\/wp-content\/uploads\/2026\/04\/Zagreb_2026.jpeg?fit=1200%2C900&ssl=1&resize=700%2C400 2x, https:\/\/i0.wp.com\/historiografija.hr\/wp-content\/uploads\/2026\/04\/Zagreb_2026.jpeg?fit=1200%2C900&ssl=1&resize=1050%2C600 3x"},"classes":[]}],"_links":{"self":[{"href":"https:\/\/historiografija.hr\/index.php?rest_route=\/wp\/v2\/posts\/46569","targetHints":{"allow":["GET"]}}],"collection":[{"href":"https:\/\/historiografija.hr\/index.php?rest_route=\/wp\/v2\/posts"}],"about":[{"href":"https:\/\/historiografija.hr\/index.php?rest_route=\/wp\/v2\/types\/post"}],"author":[{"embeddable":true,"href":"https:\/\/historiografija.hr\/index.php?rest_route=\/wp\/v2\/users\/2"}],"replies":[{"embeddable":true,"href":"https:\/\/historiografija.hr\/index.php?rest_route=%2Fwp%2Fv2%2Fcomments&post=46569"}],"version-history":[{"count":3,"href":"https:\/\/historiografija.hr\/index.php?rest_route=\/wp\/v2\/posts\/46569\/revisions"}],"predecessor-version":[{"id":46573,"href":"https:\/\/historiografija.hr\/index.php?rest_route=\/wp\/v2\/posts\/46569\/revisions\/46573"}],"wp:featuredmedia":[{"embeddable":true,"href":"https:\/\/historiografija.hr\/index.php?rest_route=\/wp\/v2\/media\/46570"}],"wp:attachment":[{"href":"https:\/\/historiografija.hr\/index.php?rest_route=%2Fwp%2Fv2%2Fmedia&parent=46569"}],"wp:term":[{"taxonomy":"category","embeddable":true,"href":"https:\/\/historiografija.hr\/index.php?rest_route=%2Fwp%2Fv2%2Fcategories&post=46569"},{"taxonomy":"post_tag","embeddable":true,"href":"https:\/\/historiografija.hr\/index.php?rest_route=%2Fwp%2Fv2%2Ftags&post=46569"}],"curies":[{"name":"wp","href":"https:\/\/api.w.org\/{rel}","templated":true}]}}