{"id":46550,"date":"2025-05-15T14:40:32","date_gmt":"2025-05-15T14:40:32","guid":{"rendered":"https:\/\/historiografija.hr\/?p=46550"},"modified":"2025-05-15T14:41:40","modified_gmt":"2025-05-15T14:41:40","slug":"international-conference-borders-in-southeast-europe-geography-or-imagination","status":"publish","type":"post","link":"https:\/\/historiografija.hr\/?p=46550","title":{"rendered":"International conference \u201cBorders in Southeast Europe: Geography or Imagination?\u201d"},"content":{"rendered":"\n<p>The international conference \u201cBorders in Southeast Europe: Geography or Imagination?\u201d, to be held in Podgorica on 16-18 May 2025, marks an important milestone in the nearly 30-year-old Joint History Project (JHP) and highlights the importance of its new phase, JHP 2.0.<\/p>\n\n\n\n<figure class=\"wp-block-embed is-type-rich is-provider-upravlja-ki-sklop-ugradbenog-koda wp-block-embed-upravlja-ki-sklop-ugradbenog-koda\"><div class=\"wp-block-embed__wrapper\">\n<p><a href=\"https:\/\/jointhistory.net\/wp-content\/uploads\/2025\/05\/Agenda-International-Conference.pdf\" target=\"_blank\" rel=\"noopener noreferrer nofollow\">Click to access Agenda-International-Conference.pdf<\/a><\/p>\n<\/div><\/figure>\n\n\n\n<hr class=\"wp-block-separator has-alpha-channel-opacity\"\/>\n\n\n\n<p>&#8220;Me\u0111unarodna konferencija \u201eGranice u Jugoisto\u010dnoj Evropi: geografija ili imaginacija?\u201c, koja \u0107e se odr\u017eati u Podgorici od 16. do 18. maja 2025. godine, predstavlja va\u017ean doga\u0111aj u okviru skoro tridesetogodi\u0161nje inicijative Zajedni\u010dki istorijski projekat (JHP) i isti\u010de zna\u010daj njegove nove faze \u2013 JHP 2.0.&#8221;<\/p>\n\n\n\n<hr class=\"wp-block-separator has-alpha-channel-opacity\"\/>\n\n\n\n<p><strong>Joint History Project<\/strong><\/p>\n\n\n\n<p>The Joint History Project (JHP) for all Southeast European countries is continuing \u2013 under the name JHP 2.0, which is the title of the project\u2019s new phase. It builds on the work of hundreds of historians and teachers from the region who, between 1998 and 2016, authored workbooks in eleven languages, covering history from the Ottoman Empire to 2008.<\/p>\n\n\n\n<p>Projekt zajedni\u010dkih povijesnih \u010ditanki (JHP) za zemlje jugoisto\u010dne Europe nastavlja se u novoj fazi, pod nazivom JHP 2.0. Temeljen na radu stotina povjesni\u010dara i nastavnika iz jugoisto\u010dne Europe, koji su u razdoblju od 1998. do 2016. godine napisali \u0161est knjiga na jedanaest jezika, koje pokrivaju vrijeme od Osmanskog Carstva do 2008. godine, JHP 2.0 je usmjeren na anga\u017eiranje mlade i nove publike, prvenstveno u digitalnoj sferi.<\/p>\n\n\n\n<hr class=\"wp-block-separator has-alpha-channel-opacity\"\/>\n\n\n\n<figure class=\"wp-block-embed is-type-wp-embed is-provider-joint-history-books-project wp-block-embed-joint-history-books-project\"><div class=\"wp-block-embed__wrapper\">\n<blockquote class=\"wp-embedded-content\" data-secret=\"prdtAUYDoj\"><a href=\"https:\/\/jointhistory.net\/\">Home page<\/a><\/blockquote><iframe loading=\"lazy\" class=\"wp-embedded-content\" sandbox=\"allow-scripts\" security=\"restricted\" style=\"position: absolute; visibility: hidden;\" title=\"&#8220;Home page&#8221; &#8212; Joint History Books Project\" src=\"https:\/\/jointhistory.net\/embed\/#?secret=eIC4DFNynm#?secret=prdtAUYDoj\" data-secret=\"prdtAUYDoj\" width=\"600\" height=\"338\" frameborder=\"0\" marginwidth=\"0\" marginheight=\"0\" scrolling=\"no\"><\/iframe>\n<\/div><\/figure>\n\n\n\n<p><a href=\"https:\/\/www.facebook.com\/jointhistory\">https:\/\/www.facebook.com\/jointhistory<\/a><\/p>\n\n\n\n<p><a href=\"https:\/\/www.instagram.com\/joint.history.project\">https:\/\/www.instagram.com\/joint.history.project<\/a><\/p>\n\n\n\n<hr class=\"wp-block-separator has-alpha-channel-opacity\"\/>\n\n\n\n<p><\/p>\n","protected":false},"excerpt":{"rendered":"","protected":false},"author":2,"featured_media":46551,"comment_status":"open","ping_status":"open","sticky":false,"template":"","format":"standard","meta":{"_acf_changed":false,"jetpack_post_was_ever_published":false,"_jetpack_newsletter_access":"","_jetpack_dont_email_post_to_subs":false,"_jetpack_newsletter_tier_id":0,"_jetpack_memberships_contains_paywalled_content":false,"_jetpack_memberships_contains_paid_content":false,"footnotes":"","jetpack_publicize_message":"","jetpack_publicize_feature_enabled":true,"jetpack_social_post_already_shared":true,"jetpack_social_options":{"image_generator_settings":{"template":"highway","default_image_id":0,"font":"","enabled":false},"version":2}},"categories":[3,9],"tags":[],"class_list":["post-46550","post","type-post","status-publish","format-standard","has-post-thumbnail","hentry","category-novosti","category-skupovi"],"acf":{"facebook_opis":""},"jetpack_publicize_connections":[],"jetpack_featured_media_url":"https:\/\/i0.wp.com\/historiografija.hr\/wp-content\/uploads\/2025\/05\/Borders.jpg?fit=1080%2C1080&ssl=1","jetpack_sharing_enabled":true,"jetpack-related-posts":[],"_links":{"self":[{"href":"https:\/\/historiografija.hr\/index.php?rest_route=\/wp\/v2\/posts\/46550","targetHints":{"allow":["GET"]}}],"collection":[{"href":"https:\/\/historiografija.hr\/index.php?rest_route=\/wp\/v2\/posts"}],"about":[{"href":"https:\/\/historiografija.hr\/index.php?rest_route=\/wp\/v2\/types\/post"}],"author":[{"embeddable":true,"href":"https:\/\/historiografija.hr\/index.php?rest_route=\/wp\/v2\/users\/2"}],"replies":[{"embeddable":true,"href":"https:\/\/historiografija.hr\/index.php?rest_route=%2Fwp%2Fv2%2Fcomments&post=46550"}],"version-history":[{"count":2,"href":"https:\/\/historiografija.hr\/index.php?rest_route=\/wp\/v2\/posts\/46550\/revisions"}],"predecessor-version":[{"id":46553,"href":"https:\/\/historiografija.hr\/index.php?rest_route=\/wp\/v2\/posts\/46550\/revisions\/46553"}],"wp:featuredmedia":[{"embeddable":true,"href":"https:\/\/historiografija.hr\/index.php?rest_route=\/wp\/v2\/media\/46551"}],"wp:attachment":[{"href":"https:\/\/historiografija.hr\/index.php?rest_route=%2Fwp%2Fv2%2Fmedia&parent=46550"}],"wp:term":[{"taxonomy":"category","embeddable":true,"href":"https:\/\/historiografija.hr\/index.php?rest_route=%2Fwp%2Fv2%2Fcategories&post=46550"},{"taxonomy":"post_tag","embeddable":true,"href":"https:\/\/historiografija.hr\/index.php?rest_route=%2Fwp%2Fv2%2Ftags&post=46550"}],"curies":[{"name":"wp","href":"https:\/\/api.w.org\/{rel}","templated":true}]}}