{"id":46540,"date":"2025-05-15T13:42:47","date_gmt":"2025-05-15T13:42:47","guid":{"rendered":"https:\/\/historiografija.hr\/?p=46540"},"modified":"2025-05-15T14:05:31","modified_gmt":"2025-05-15T14:05:31","slug":"kliofest-2025-dodjela-nagrada-povjesnicarima","status":"publish","type":"post","link":"https:\/\/historiografija.hr\/?p=46540","title":{"rendered":"Kliofest 2025: Dodjela nagrada povjesni\u010darima"},"content":{"rendered":"\n<p><strong>Petak, 16. svibnja 2025.<\/strong><\/p>\n\n\n\n<p>Nacionalna i sveu\u010dili\u0161na knji\u017enica<\/p>\n\n\n\n<p>POZORNICA I.<\/p>\n\n\n\n<p>13.00-14.00 <strong>Dodjela nagrada povjesni\u010darima<\/strong><\/p>\n\n\n\n<p>Nagrada \u201eIvan Lu\u010di\u0107\u201c<\/p>\n\n\n\n<p>Nagrada \u201eMirjana Gross\u201c<\/p>\n\n\n\n<p>Nagrada \u201eVjekoslav Klai\u0107\u201c<\/p>\n\n\n\n<p>Nagrada \u201eFerdo \u0160i\u0161i\u0107\u201c<\/p>\n\n\n\n<p>Nagrada \u201eJaroslav \u0160idak\u201c<\/p>\n\n\n\n<p>Nagrada \u201eTadija Smi\u010diklas\u201c<\/p>\n\n\n\n<p>U programu sudjeluju i \u201eo\u017eivjeli likovi\u201c iz Muzeja grada Zagreba.<\/p>\n\n\n\n<hr class=\"wp-block-separator has-alpha-channel-opacity\"\/>\n\n\n\n<p>Nagrada \u201eIvan Lu\u010di\u0107\u201c za \u017eivotno djelo:<\/p>\n\n\n\n<p>&#8211; prof. dr. sc. DRAGUTIN PAVLI\u010cEVI\u0106.<\/p>\n\n\n\n<p>Nagrada \u201eMirjana Gross\u201c za knjigu:<\/p>\n\n\n\n<p>&#8211; izv. prof. dr. sc. ZVJEZDANA SIKIRI\u0106 ASSOULINE i MELITA VUKINA<\/p>\n\n\n\n<p>&#8211; dr. sc. DAVOR MARIJAN.<\/p>\n\n\n\n<p>Nagrada \u201eVjekoslav Klai\u0107\u201c za popularizaciju:<\/p>\n\n\n\n<p>&#8211; dr. sc VIJOLETA HERMAN KAURI\u0106<\/p>\n\n\n\n<p>&#8211; izv. prof. dr. sc. MICHAL BRANDL.<\/p>\n\n\n\n<p>Nagrada \u201eFerdo \u0160i\u0161i\u0107\u201c za najbolji diplomski rad:<\/p>\n\n\n\n<p>&#8211; IVAN LEDI\u0106<\/p>\n\n\n\n<p>&#8211; KARLA FRANJKOVI\u0106.<\/p>\n\n\n\n<p>Nagrada \u201eTadija Smi\u010diklas\u201c za objavljivanje arhivskog gradiva:<\/p>\n\n\n\n<p>&#8211; prof. dr. sc. IVAN MAJNARI\u0106 i dr. sc. ANTE BE\u0106IR<\/p>\n\n\n\n<p>&#8211; dr. sc. LOVORKA \u010cORALI\u0106 i dr. sc. FILIP NOVOSEL.<\/p>\n\n\n\n<p>Nagrada \u201eJaroslav \u0160idak\u201c inozemnom povjesni\u010daru<\/p>\n\n\n\n<p>&#8211; prof. dr. sc. ANDREJ RAHTEN.<\/p>\n\n\n\n<hr class=\"wp-block-separator has-alpha-channel-opacity\"\/>\n\n\n\n<p>Izvor:<\/p>\n\n\n\n<p><a href=\"https:\/\/www.facebook.com\/kliofest\">https:\/\/www.facebook.com\/kliofest<\/a><\/p>\n\n\n\n<hr class=\"wp-block-separator has-alpha-channel-opacity\"\/>\n","protected":false},"excerpt":{"rendered":"","protected":false},"author":2,"featured_media":46541,"comment_status":"open","ping_status":"open","sticky":false,"template":"","format":"standard","meta":{"_acf_changed":false,"jetpack_post_was_ever_published":false,"_jetpack_newsletter_access":"","_jetpack_dont_email_post_to_subs":false,"_jetpack_newsletter_tier_id":0,"_jetpack_memberships_contains_paywalled_content":false,"_jetpack_memberships_contains_paid_content":false,"footnotes":"","jetpack_publicize_message":"","jetpack_publicize_feature_enabled":true,"jetpack_social_post_already_shared":true,"jetpack_social_options":{"image_generator_settings":{"template":"highway","default_image_id":0,"font":"","enabled":false},"version":2}},"categories":[3],"tags":[],"class_list":["post-46540","post","type-post","status-publish","format-standard","has-post-thumbnail","hentry","category-novosti"],"acf":{"facebook_opis":""},"jetpack_publicize_connections":[],"jetpack_featured_media_url":"https:\/\/i0.wp.com\/historiografija.hr\/wp-content\/uploads\/2025\/05\/Dodjela.jpg?fit=1024%2C724&ssl=1","jetpack_sharing_enabled":true,"jetpack-related-posts":[],"_links":{"self":[{"href":"https:\/\/historiografija.hr\/index.php?rest_route=\/wp\/v2\/posts\/46540","targetHints":{"allow":["GET"]}}],"collection":[{"href":"https:\/\/historiografija.hr\/index.php?rest_route=\/wp\/v2\/posts"}],"about":[{"href":"https:\/\/historiografija.hr\/index.php?rest_route=\/wp\/v2\/types\/post"}],"author":[{"embeddable":true,"href":"https:\/\/historiografija.hr\/index.php?rest_route=\/wp\/v2\/users\/2"}],"replies":[{"embeddable":true,"href":"https:\/\/historiografija.hr\/index.php?rest_route=%2Fwp%2Fv2%2Fcomments&post=46540"}],"version-history":[{"count":2,"href":"https:\/\/historiografija.hr\/index.php?rest_route=\/wp\/v2\/posts\/46540\/revisions"}],"predecessor-version":[{"id":46549,"href":"https:\/\/historiografija.hr\/index.php?rest_route=\/wp\/v2\/posts\/46540\/revisions\/46549"}],"wp:featuredmedia":[{"embeddable":true,"href":"https:\/\/historiografija.hr\/index.php?rest_route=\/wp\/v2\/media\/46541"}],"wp:attachment":[{"href":"https:\/\/historiografija.hr\/index.php?rest_route=%2Fwp%2Fv2%2Fmedia&parent=46540"}],"wp:term":[{"taxonomy":"category","embeddable":true,"href":"https:\/\/historiografija.hr\/index.php?rest_route=%2Fwp%2Fv2%2Fcategories&post=46540"},{"taxonomy":"post_tag","embeddable":true,"href":"https:\/\/historiografija.hr\/index.php?rest_route=%2Fwp%2Fv2%2Ftags&post=46540"}],"curies":[{"name":"wp","href":"https:\/\/api.w.org\/{rel}","templated":true}]}}