{"id":46537,"date":"2025-05-15T13:31:22","date_gmt":"2025-05-15T13:31:22","guid":{"rendered":"https:\/\/historiografija.hr\/?p=46537"},"modified":"2025-05-15T13:31:22","modified_gmt":"2025-05-15T13:31:22","slug":"znanstveno-strucni-skup-opcina-saborsko-i-okolica-u-proslosti-i-sadasnjosti","status":"publish","type":"post","link":"https:\/\/historiografija.hr\/?p=46537","title":{"rendered":"Znanstveno-stru\u010dni skup &#8220;Op\u0107ina Saborsko i okolica u pro\u0161losti i sada\u0161njosti&#8221;"},"content":{"rendered":"\n<p>Znanstveno-stru\u010dni skup &#8220;Op\u0107ina Saborsko i okolica u pro\u0161losti i sada\u0161njosti&#8221; odr\u017eat \u0107e se u Saborskom 17. svibnja 2025. godine.<\/p>\n\n\n\n<hr class=\"wp-block-separator has-alpha-channel-opacity\"\/>\n\n\n\n<p>Vi\u0161e informacija mo\u017eete vidjeti na sljede\u0107im poveznicama:<\/p>\n\n\n\n<figure class=\"wp-block-embed is-type-wp-embed is-provider-op-ina-saborsko-slu-bene-stranice wp-block-embed-op-ina-saborsko-slu-bene-stranice\"><div class=\"wp-block-embed__wrapper\">\n<blockquote class=\"wp-embedded-content\" data-secret=\"9ekNMpNlJv\"><a href=\"https:\/\/saborsko.hr\/2025\/05\/13\/znanstveno-strucni-skup-u-saborskom\/\">ZNANSTVENO-STRU\u010cNI SKUP U SABORSKOM<\/a><\/blockquote><iframe loading=\"lazy\" class=\"wp-embedded-content\" sandbox=\"allow-scripts\" security=\"restricted\" style=\"position: absolute; visibility: hidden;\" title=\"&#8220;ZNANSTVENO-STRU\u010cNI SKUP U SABORSKOM&#8221; &#8212; Op\u0107ina Saborsko - slu\u017ebene stranice\" src=\"https:\/\/saborsko.hr\/2025\/05\/13\/znanstveno-strucni-skup-u-saborskom\/embed\/#?secret=FcRdL7CVVW#?secret=9ekNMpNlJv\" data-secret=\"9ekNMpNlJv\" width=\"600\" height=\"338\" frameborder=\"0\" marginwidth=\"0\" marginheight=\"0\" scrolling=\"no\"><\/iframe>\n<\/div><\/figure>\n\n\n\n<p><a href=\"https:\/\/ubozavalje.blogspot.com\/2025\/05\/17-svibnja-2025-znanstveno-strucni-skup.html\">https:\/\/ubozavalje.blogspot.com\/2025\/05\/17-svibnja-2025-znanstveno-strucni-skup.html<\/a><\/p>\n\n\n\n<hr class=\"wp-block-separator has-alpha-channel-opacity\"\/>\n","protected":false},"excerpt":{"rendered":"","protected":false},"author":2,"featured_media":46538,"comment_status":"open","ping_status":"open","sticky":false,"template":"","format":"standard","meta":{"_acf_changed":false,"jetpack_post_was_ever_published":false,"_jetpack_newsletter_access":"","_jetpack_dont_email_post_to_subs":false,"_jetpack_newsletter_tier_id":0,"_jetpack_memberships_contains_paywalled_content":false,"_jetpack_memberships_contains_paid_content":false,"footnotes":"","jetpack_publicize_message":"","jetpack_publicize_feature_enabled":true,"jetpack_social_post_already_shared":true,"jetpack_social_options":{"image_generator_settings":{"template":"highway","default_image_id":0,"font":"","enabled":false},"version":2}},"categories":[3,9],"tags":[],"class_list":["post-46537","post","type-post","status-publish","format-standard","has-post-thumbnail","hentry","category-novosti","category-skupovi"],"acf":{"facebook_opis":""},"jetpack_publicize_connections":[],"jetpack_featured_media_url":"https:\/\/i0.wp.com\/historiografija.hr\/wp-content\/uploads\/2025\/05\/Saborsko-scaled.jpg?fit=2560%2C1707&ssl=1","jetpack_sharing_enabled":true,"jetpack-related-posts":[],"_links":{"self":[{"href":"https:\/\/historiografija.hr\/index.php?rest_route=\/wp\/v2\/posts\/46537","targetHints":{"allow":["GET"]}}],"collection":[{"href":"https:\/\/historiografija.hr\/index.php?rest_route=\/wp\/v2\/posts"}],"about":[{"href":"https:\/\/historiografija.hr\/index.php?rest_route=\/wp\/v2\/types\/post"}],"author":[{"embeddable":true,"href":"https:\/\/historiografija.hr\/index.php?rest_route=\/wp\/v2\/users\/2"}],"replies":[{"embeddable":true,"href":"https:\/\/historiografija.hr\/index.php?rest_route=%2Fwp%2Fv2%2Fcomments&post=46537"}],"version-history":[{"count":1,"href":"https:\/\/historiografija.hr\/index.php?rest_route=\/wp\/v2\/posts\/46537\/revisions"}],"predecessor-version":[{"id":46539,"href":"https:\/\/historiografija.hr\/index.php?rest_route=\/wp\/v2\/posts\/46537\/revisions\/46539"}],"wp:featuredmedia":[{"embeddable":true,"href":"https:\/\/historiografija.hr\/index.php?rest_route=\/wp\/v2\/media\/46538"}],"wp:attachment":[{"href":"https:\/\/historiografija.hr\/index.php?rest_route=%2Fwp%2Fv2%2Fmedia&parent=46537"}],"wp:term":[{"taxonomy":"category","embeddable":true,"href":"https:\/\/historiografija.hr\/index.php?rest_route=%2Fwp%2Fv2%2Fcategories&post=46537"},{"taxonomy":"post_tag","embeddable":true,"href":"https:\/\/historiografija.hr\/index.php?rest_route=%2Fwp%2Fv2%2Ftags&post=46537"}],"curies":[{"name":"wp","href":"https:\/\/api.w.org\/{rel}","templated":true}]}}