{"id":46530,"date":"2025-05-14T22:15:26","date_gmt":"2025-05-14T22:15:26","guid":{"rendered":"https:\/\/historiografija.hr\/?p=46530"},"modified":"2025-05-14T22:19:27","modified_gmt":"2025-05-14T22:19:27","slug":"predstavljanje-knjige-drazena-lalica-dvije-kuce-iznad-mora-kultura-sjecanja-dalmatinskih-obitelji","status":"publish","type":"post","link":"https:\/\/historiografija.hr\/?p=46530","title":{"rendered":"Predstavljanje knjige Dra\u017eena Lali\u0107a &#8220;Dvije ku\u0107e iznad mora. Kultura sje\u0107anja dalmatinskih obitelji&#8221;"},"content":{"rendered":"\n<p>Zadovoljstvo nam je pozvati vas na predstavljanje knjige Dra\u017eena Lali\u0107a <em>Dvije ku\u0107e iznad mora. Kultura sje\u0107anja dalmatinskih obitelji <\/em>koje \u0107e se odr\u017eati 20. svibnja 2025. u 19 sati u Novinarskom domu u Zagrebu (Perkov\u010deva ulica 2).<\/p>\n\n\n\n<p>O knjizi \u0107e uz autora govoriti prof. dr. sc. Dean Ajdukovi\u0107, prof. dr. sc. Tvrtko Jakovina, prof. dr. sc. Vedrana Spaji\u0107-Vrka\u0161 i urednik knjige Ha\u0161im Bahtijari.<\/p>\n\n\n\n<p>Radujemo se va\u0161em dolasku!<\/p>\n\n\n\n<hr class=\"wp-block-separator has-alpha-channel-opacity\"\/>\n\n\n\n<p>Izvor:<\/p>\n\n\n\n<p><a href=\"https:\/\/tim-press.hr\/hr\/novosti\/predstavljanje-knjige-dvije-kuce-iznad-mora\">https:\/\/tim-press.hr\/hr\/novosti\/predstavljanje-knjige-dvije-kuce-iznad-mora<\/a><\/p>\n\n\n\n<hr class=\"wp-block-separator has-alpha-channel-opacity\"\/>\n\n\n\n<p>Op\u0161irnije o knjizi:<\/p>\n\n\n\n<p><a href=\"https:\/\/tim-press.hr\/hr\/knjige\/dvije-kuce-iznad-mora\">https:\/\/tim-press.hr\/hr\/knjige\/dvije-kuce-iznad-mora<\/a><\/p>\n\n\n\n<hr class=\"wp-block-separator has-alpha-channel-opacity\"\/>\n","protected":false},"excerpt":{"rendered":"","protected":false},"author":2,"featured_media":46531,"comment_status":"open","ping_status":"open","sticky":false,"template":"","format":"standard","meta":{"_acf_changed":false,"jetpack_post_was_ever_published":false,"_jetpack_newsletter_access":"","_jetpack_dont_email_post_to_subs":false,"_jetpack_newsletter_tier_id":0,"_jetpack_memberships_contains_paywalled_content":false,"_jetpack_memberships_contains_paid_content":false,"footnotes":"","jetpack_publicize_message":"","jetpack_publicize_feature_enabled":true,"jetpack_social_post_already_shared":true,"jetpack_social_options":{"image_generator_settings":{"template":"highway","default_image_id":0,"font":"","enabled":false},"version":2}},"categories":[3],"tags":[],"class_list":["post-46530","post","type-post","status-publish","format-standard","has-post-thumbnail","hentry","category-novosti"],"acf":{"facebook_opis":""},"jetpack_publicize_connections":[],"jetpack_featured_media_url":"https:\/\/i0.wp.com\/historiografija.hr\/wp-content\/uploads\/2025\/05\/dvije_kuce_iznad_mora.jpg?fit=870%2C444&ssl=1","jetpack_sharing_enabled":true,"jetpack-related-posts":[],"_links":{"self":[{"href":"https:\/\/historiografija.hr\/index.php?rest_route=\/wp\/v2\/posts\/46530","targetHints":{"allow":["GET"]}}],"collection":[{"href":"https:\/\/historiografija.hr\/index.php?rest_route=\/wp\/v2\/posts"}],"about":[{"href":"https:\/\/historiografija.hr\/index.php?rest_route=\/wp\/v2\/types\/post"}],"author":[{"embeddable":true,"href":"https:\/\/historiografija.hr\/index.php?rest_route=\/wp\/v2\/users\/2"}],"replies":[{"embeddable":true,"href":"https:\/\/historiografija.hr\/index.php?rest_route=%2Fwp%2Fv2%2Fcomments&post=46530"}],"version-history":[{"count":3,"href":"https:\/\/historiografija.hr\/index.php?rest_route=\/wp\/v2\/posts\/46530\/revisions"}],"predecessor-version":[{"id":46534,"href":"https:\/\/historiografija.hr\/index.php?rest_route=\/wp\/v2\/posts\/46530\/revisions\/46534"}],"wp:featuredmedia":[{"embeddable":true,"href":"https:\/\/historiografija.hr\/index.php?rest_route=\/wp\/v2\/media\/46531"}],"wp:attachment":[{"href":"https:\/\/historiografija.hr\/index.php?rest_route=%2Fwp%2Fv2%2Fmedia&parent=46530"}],"wp:term":[{"taxonomy":"category","embeddable":true,"href":"https:\/\/historiografija.hr\/index.php?rest_route=%2Fwp%2Fv2%2Fcategories&post=46530"},{"taxonomy":"post_tag","embeddable":true,"href":"https:\/\/historiografija.hr\/index.php?rest_route=%2Fwp%2Fv2%2Ftags&post=46530"}],"curies":[{"name":"wp","href":"https:\/\/api.w.org\/{rel}","templated":true}]}}