{"id":46527,"date":"2025-05-14T22:02:00","date_gmt":"2025-05-14T22:02:00","guid":{"rendered":"https:\/\/historiografija.hr\/?p=46527"},"modified":"2025-05-14T22:02:00","modified_gmt":"2025-05-14T22:02:00","slug":"konferencija-partizanska-umjetnost-kako-misliti-kako-se-sjecati","status":"publish","type":"post","link":"https:\/\/historiografija.hr\/?p=46527","title":{"rendered":"Konferencija \u201ePartizanska umjetnost: kako misliti, kako se sje\u0107ati\u201c"},"content":{"rendered":"\n<p>Povodom&nbsp;osamdesetogodi\u0161njice&nbsp;pobjede nad fa\u0161izmom Subversive festival u suradnji sa Srpskim narodnim vije\u0107em organizir<strong>a konferenciju <\/strong><em><strong>Partizanska umjetnost \u2013 kako misliti kako se sje\u0107ati<\/strong><\/em> koji \u0107e se<strong> od 14. do 17.5.2025.<\/strong> odr\u017eati u<strong> Srpskom kulturom centru Zagreb<\/strong> i na <strong>Petrovoj gori.&nbsp;<\/strong><\/p>\n\n\n\n<p>Cilj konferencije&nbsp;je artikulirati i generirati&nbsp;stru\u010dno i znanstveno znanje o razli\u010ditim partizanskim kulturnim praksama, te iz kulturno-povijesne i kulturno-teorijske pozicije istra\u017eiti&nbsp; partizanske estetike i promisliti o implikacijama i rezonancijama partizanskih umjetni\u010dkih paradigmi u suvremenosti. Predvidjeli smo da se na konferenciji govori o nekoliko \u0161iroko zami\u0161ljenih tema: o partizanskoj knji\u017eevnosti, likovnosti, spomeni\u010dkoj kulturi,&nbsp; filmu, teatru, stripu, fotografiji u te folklornoj i popularnoj glazbi.<\/p>\n\n\n\n<p>Partizanski pokret i partizanska borba u sklopu NOB-a od 1941. do 1945. predstavljaju jedan od konstitutivnih elemenata hrvatskog dru\u0161tvenog i politi\u010dkog identiteta i jedan od najva\u017enijih nacionalnih povijesnih doga\u0111aja 20. stolje\u0107a. Pa ipak, na suvremenoj hrvatskoj dru\u0161tvenoj sceni partizanski pokret i partizansko naslje\u0111e nisu samo podzastupljen i sporan fenomen, nego i aktivno negirani. Nakon raspada Jugoslavije, od 1990-ih do danas tematski i zna\u010denjski kompleks partizanske borbe vrlo se rijetko pojavljuje u&nbsp;javnome&nbsp;diskursu i tek minimalno u&nbsp;akademskom kontekstu, posve nesrazmjerno povijesnoj i kulturnoj relevantnosti partizanskog pokreta i antifa\u0161isti\u010dke partizanske borbe. Umjesto ozbiljnog prou\u010davanja, partizanstvo je u javnome diskursu prezentirano simplificirano, ikonografski, izvan konteksta i nerijetko posve&nbsp;demonizirano. Konferencija <em>Partizanska umjetnost \u2013 kako misliti kako se sje\u0107ati<\/em> stoga \u017eeli otvoriti prostor kriti\u010dkom i teorijskom promi\u0161ljanju partizanstva i osobito partizanske umjetnosti \u2013 umjetnosti nastale u i o partizanima, \u0161to obuhva\u0107a vrlo razli\u010dita umjetni\u010dka podru\u010dja, prakse, postupke i medije u kojima se na bilo koji na\u010din reflektira pojam partizanstva i\/ili partizanskog pokreta i borbe.<\/p>\n\n\n\n<p>Kompletni program nalazi se <strong><a href=\"https:\/\/subversivefestival.com\/wp-content\/uploads\/2025\/05\/A4-deplijan-partizani.pdf\">ovdje<\/a>.<\/strong><\/p>\n\n\n\n<hr class=\"wp-block-separator has-alpha-channel-opacity\"\/>\n\n\n\n<p>Izvor:<\/p>\n\n\n\n<figure class=\"wp-block-embed is-type-wp-embed is-provider-18-subversive-festival wp-block-embed-18-subversive-festival\"><div class=\"wp-block-embed__wrapper\">\n<blockquote class=\"wp-embedded-content\" data-secret=\"4iNO5ye6VJ\"><a href=\"https:\/\/subversivefestival.com\/sf25\/konferencija-partizanska-umjetnost-kako-misliti-kako-se-sjecati-14-17-5-2025\/\">Konferencija Partizanska umjetnost: kako misliti, kako se sje\u0107ati (14. \u2013 17.5.2025.)<\/a><\/blockquote><iframe loading=\"lazy\" class=\"wp-embedded-content\" sandbox=\"allow-scripts\" security=\"restricted\" style=\"position: absolute; visibility: hidden;\" title=\"&#8220;Konferencija Partizanska umjetnost: kako misliti, kako se sje\u0107ati (14. \u2013 17.5.2025.)&#8221; &#8212; 18. Subversive Festival\" src=\"https:\/\/subversivefestival.com\/sf25\/konferencija-partizanska-umjetnost-kako-misliti-kako-se-sjecati-14-17-5-2025\/embed\/#?secret=lWSnz2Nyvi#?secret=4iNO5ye6VJ\" data-secret=\"4iNO5ye6VJ\" width=\"600\" height=\"338\" frameborder=\"0\" marginwidth=\"0\" marginheight=\"0\" scrolling=\"no\"><\/iframe>\n<\/div><\/figure>\n\n\n\n<hr class=\"wp-block-separator has-alpha-channel-opacity\"\/>\n","protected":false},"excerpt":{"rendered":"","protected":false},"author":2,"featured_media":46528,"comment_status":"open","ping_status":"open","sticky":false,"template":"","format":"standard","meta":{"_acf_changed":false,"jetpack_post_was_ever_published":false,"_jetpack_newsletter_access":"","_jetpack_dont_email_post_to_subs":false,"_jetpack_newsletter_tier_id":0,"_jetpack_memberships_contains_paywalled_content":false,"_jetpack_memberships_contains_paid_content":false,"footnotes":"","jetpack_publicize_message":"","jetpack_publicize_feature_enabled":true,"jetpack_social_post_already_shared":true,"jetpack_social_options":{"image_generator_settings":{"template":"highway","default_image_id":0,"font":"","enabled":false},"version":2}},"categories":[3,9],"tags":[],"class_list":["post-46527","post","type-post","status-publish","format-standard","has-post-thumbnail","hentry","category-novosti","category-skupovi"],"acf":{"facebook_opis":""},"jetpack_publicize_connections":[],"jetpack_featured_media_url":"https:\/\/i0.wp.com\/historiografija.hr\/wp-content\/uploads\/2025\/05\/vizual-partizani-752x440-1.jpg?fit=752%2C440&ssl=1","jetpack_sharing_enabled":true,"jetpack-related-posts":[],"_links":{"self":[{"href":"https:\/\/historiografija.hr\/index.php?rest_route=\/wp\/v2\/posts\/46527","targetHints":{"allow":["GET"]}}],"collection":[{"href":"https:\/\/historiografija.hr\/index.php?rest_route=\/wp\/v2\/posts"}],"about":[{"href":"https:\/\/historiografija.hr\/index.php?rest_route=\/wp\/v2\/types\/post"}],"author":[{"embeddable":true,"href":"https:\/\/historiografija.hr\/index.php?rest_route=\/wp\/v2\/users\/2"}],"replies":[{"embeddable":true,"href":"https:\/\/historiografija.hr\/index.php?rest_route=%2Fwp%2Fv2%2Fcomments&post=46527"}],"version-history":[{"count":1,"href":"https:\/\/historiografija.hr\/index.php?rest_route=\/wp\/v2\/posts\/46527\/revisions"}],"predecessor-version":[{"id":46529,"href":"https:\/\/historiografija.hr\/index.php?rest_route=\/wp\/v2\/posts\/46527\/revisions\/46529"}],"wp:featuredmedia":[{"embeddable":true,"href":"https:\/\/historiografija.hr\/index.php?rest_route=\/wp\/v2\/media\/46528"}],"wp:attachment":[{"href":"https:\/\/historiografija.hr\/index.php?rest_route=%2Fwp%2Fv2%2Fmedia&parent=46527"}],"wp:term":[{"taxonomy":"category","embeddable":true,"href":"https:\/\/historiografija.hr\/index.php?rest_route=%2Fwp%2Fv2%2Fcategories&post=46527"},{"taxonomy":"post_tag","embeddable":true,"href":"https:\/\/historiografija.hr\/index.php?rest_route=%2Fwp%2Fv2%2Ftags&post=46527"}],"curies":[{"name":"wp","href":"https:\/\/api.w.org\/{rel}","templated":true}]}}